{"id":566388,"date":"2025-11-29T09:54:11","date_gmt":"2025-11-29T09:54:11","guid":{"rendered":"https:\/\/www.europesays.com\/fr\/566388\/"},"modified":"2025-11-29T09:54:11","modified_gmt":"2025-11-29T09:54:11","slug":"a-quelle-heure-et-sur-quelle-chaine-voir-le-match-5","status":"publish","type":"post","link":"https:\/\/www.europesays.com\/fr\/566388\/","title":{"rendered":"\u00e0 quelle heure et sur quelle cha\u00eene voir le match ?"},"content":{"rendered":"<p>Apr\u00e8s le <a href=\"https:\/\/www.laprovence.com\/article\/om\/3051276690033814\/om-vainqueurs-face-a-newcastle-les-olympiens-relancent-l-espoir-en-ligue-des-champions\" target=\"_blank\" rel=\"noopener\">sursaut d&rsquo;orgueil europ\u00e9en contre Newcastle<\/a> et une victoire qui pourrait peser lourd dans les chances de qualification pour le tour suivant, l&rsquo;OM retourne \u00e0 ses affaires courantes ce soir face \u00e0 Toulouse pour le compte de la 14e journ\u00e9e de Ligue 1.<\/p>\n<p>\u00ab\u00a0Croire au titre\u00a0\u00bb<\/p>\n<p>Auteurs d&rsquo;un sans-faute en championnat depuis le d\u00e9but du mois de novembre avec trois victoires et trois rencontres, les Olympiens <a href=\"https:\/\/www.laprovence.com\/article\/om\/1807901217256214\/nice-om-1-5-un-feu-dartifice-olympien-pour-reprendre-la-tete-de-la-ligue-1-et-preparer-au-mieux-newcastle\" target=\"_blank\" rel=\"noopener\">veulent poursuivre leur belle s\u00e9rie<\/a> et maintenir le Paris Saint-Germain sous pression, alors que le club de la capitale compte deux points d&rsquo;avance sur l&rsquo;OM. \u00ab\u00a0On doit toujours croire au titre. On doit rester dans la lutte jusqu&rsquo;au dernier match, esp\u00e9rait ainsi le capitaine Leonardo Balerdi, hier, en conf\u00e9rence de presse. Cette ann\u00e9e, beaucoup d&rsquo;\u00e9quipes sont l\u00e0, le championnat est peut-\u00eatre plus serr\u00e9.\u00a0\u00bb<\/p>\n<p>Dans cet exercice 2025-2026 ou chaque \u00e9quipe peut se montrer dangereuse, c&rsquo;est le TFC qui se pr\u00e9sentera ce soir <a href=\"https:\/\/www.laprovence.com\/article\/om\/1059301508002814\/om-newcastle-2-1-quand-le-public-marseillais-impressionne-les-anglais\" target=\"_blank\" rel=\"noopener\">sur la pelouse incandescente du V\u00e9lodrome<\/a>. Au 10e rang du classement, les pitchouns sont \u00e0 l&rsquo;arr\u00eat ou presque en ce mois de novembre. Ils ont enchain\u00e9 trois nuls et deux d\u00e9faites sur les cinq derni\u00e8res rencontres et auront peu de certitudes au moment du coup d&rsquo;envoi. \u00c0 l\u2019inverse, <a href=\"https:\/\/www.laprovence.com\/article\/om\/44403447147653\/om-comment-lattaque-olympienne-est-devenue-redoutable-et-marque-les-esprits\" target=\"_blank\" rel=\"noopener\">les Olympiens pratiquent un football spectaculaire<\/a>, et montent en r\u00e9gime selon Roberto De Zerbi : \u00ab\u00a0Contre Newcastle on a mieux jou\u00e9 mais on peut encore faire mieux. On doit arriver \u00e0 maintenir l&rsquo;ordre sur le terrain pour avoir des lignes de passes plus claires, des occasions plus faciles avec des espaces.\u00a0\u00bb De belles dispositions que les Marseillais auront l&rsquo;opportunit\u00e9 de confirmer ce soir.<\/p>\n<p>Le coup d&rsquo;envoi sera donn\u00e9 \u00e0\u00a0<strong>21h05<\/strong>\u00a0sur la pelouse du V\u00e9lodrome, et la rencontre est \u00e0 suivre sur\u00a0<strong>Ligue 1 +<\/strong>. Comme d&rsquo;habitude, vous pourrez \u00e9videmment suivre ce match en direct comment\u00e9 sur\u00a0<a href=\"https:\/\/www.laprovence.com\/\" target=\"_blank\" rel=\"noopener\">LaProvence.com.<\/a>\u00a0<\/p>\n","protected":false},"excerpt":{"rendered":"Apr\u00e8s le sursaut d&rsquo;orgueil europ\u00e9en contre Newcastle et une victoire qui pourrait peser lourd dans les chances de&hellip;\n","protected":false},"author":2,"featured_media":566389,"comment_status":"","ping_status":"","sticky":false,"template":"","format":"standard","meta":{"footnotes":""},"categories":[2816],"tags":[17,1111,11,3839,1777,674,1011,27,3838,12,2680,149,3836,3837,25,3356,2312,3840],"class_list":{"0":"post-566388","1":"post","2":"type-post","3":"status-publish","4":"format-standard","5":"has-post-thumbnail","7":"category-toulouse","8":"tag-17","9":"tag-actu","10":"tag-actualites","11":"tag-chaine","12":"tag-eu","13":"tag-europe","14":"tag-fr","15":"tag-france","16":"tag-heure","17":"tag-news","18":"tag-occitanie","19":"tag-om","20":"tag-om-toulouse","21":"tag-quelle","22":"tag-republique-francaise","23":"tag-sur","24":"tag-toulouse","25":"tag-voir"},"share_on_mastodon":{"url":"https:\/\/pubeurope.com\/@fr\/115632385257581951","error":""},"_links":{"self":[{"href":"https:\/\/www.europesays.com\/fr\/wp-json\/wp\/v2\/posts\/566388","targetHints":{"allow":["GET"]}}],"collection":[{"href":"https:\/\/www.europesays.com\/fr\/wp-json\/wp\/v2\/posts"}],"about":[{"href":"https:\/\/www.europesays.com\/fr\/wp-json\/wp\/v2\/types\/post"}],"author":[{"embeddable":true,"href":"https:\/\/www.europesays.com\/fr\/wp-json\/wp\/v2\/users\/2"}],"replies":[{"embeddable":true,"href":"https:\/\/www.europesays.com\/fr\/wp-json\/wp\/v2\/comments?post=566388"}],"version-history":[{"count":0,"href":"https:\/\/www.europesays.com\/fr\/wp-json\/wp\/v2\/posts\/566388\/revisions"}],"wp:featuredmedia":[{"embeddable":true,"href":"https:\/\/www.europesays.com\/fr\/wp-json\/wp\/v2\/media\/566389"}],"wp:attachment":[{"href":"https:\/\/www.europesays.com\/fr\/wp-json\/wp\/v2\/media?parent=566388"}],"wp:term":[{"taxonomy":"category","embeddable":true,"href":"https:\/\/www.europesays.com\/fr\/wp-json\/wp\/v2\/categories?post=566388"},{"taxonomy":"post_tag","embeddable":true,"href":"https:\/\/www.europesays.com\/fr\/wp-json\/wp\/v2\/tags?post=566388"}],"curies":[{"name":"wp","href":"https:\/\/api.w.org\/{rel}","templated":true}]}}