{"id":566390,"date":"2025-11-29T09:55:26","date_gmt":"2025-11-29T09:55:26","guid":{"rendered":"https:\/\/www.europesays.com\/fr\/566390\/"},"modified":"2025-11-29T09:55:26","modified_gmt":"2025-11-29T09:55:26","slug":"chiny-cinema-cine-soupe","status":"publish","type":"post","link":"https:\/\/www.europesays.com\/fr\/566390\/","title":{"rendered":"Chiny > Cin\u00e9ma > Cin\u00e9 Soupe"},"content":{"rendered":"<p>Le Centre culturel du Beau Canton accueillera pour la premi\u00e8re fois le programme itin\u00e9rant Cin\u00e9 Soupe, un rendez-vous plein de saveurs m\u00ealant courts m\u00e9trages et convivialit\u00e9, le mardi 9 d\u00e9cembre \u00e0 Chiny.<\/p>\n<p><img loading=\"lazy\" decoding=\"async\" width=\"460\" height=\"776\" src=\"https:\/\/www.europesays.com\/fr\/wp-content\/uploads\/2025\/11\/583319560_1241678061319276_2210900457865032582_n.jpg\" alt=\"Chiny &gt; Cin\u00e9ma &gt; Cin\u00e9 Soupe\" class=\"wp-image-1527398\"\/><\/p>\n<p class=\"has-medium-font-size\">Les amateurs de cin\u00e9ma auront rendez-vous aux Anciennes \u00c9coles de <a href=\"https:\/\/www.info-lux.com\/?s=chiny\" target=\"_blank\" rel=\"noopener\">Chiny<\/a>, d\u00e8s 20h, pour savourer une soir\u00e9e unique propos\u00e9e par le Centre culturel du Beau Canton. Au programme : une s\u00e9lection internationale de courts m\u00e9trages pr\u00e9sent\u00e9s par l\u2019asbl Bah Voyons ! et Les Rencontres Audiovisuelles, d\u00e9j\u00e0 reconnue pour son passage dans une cinquantaine de lieux entre la Belgique et les Hauts-de-France.     Chiny &gt; Cin\u00e9ma &gt; Cin\u00e9 Soupe<\/p>\n<p>Une recette cin\u00e9matographique pleine de saveurs<\/p>\n<p class=\"has-medium-font-size\">Pour sa 23e \u00e9dition, Cin\u00e9 Soupe concocte un v\u00e9ritable festin visuel : un m\u00e9lange savoureux d\u2019histoires humaines, de th\u00e9matiques de soci\u00e9t\u00e9 et de paysages \u00e0 couper le souffle. Ce rendez-vous, accessible d\u00e8s 8 ans, promet douceur, intensit\u00e9 et \u00e9motions, \u00e0 partager entre amis ou en famille autour d\u2019un bon bol de soupe. Cette initiative s\u2019inscrit dans la s\u00e9rie Les Claps du Mardi, moments culturels mensuels du CCBC. <\/p>\n<p class=\"has-small-font-size\">Chiny &gt; Cin\u00e9ma &gt; Cin\u00e9 Soupe<\/p>\n<p>Une s\u00e9ance d\u00e9di\u00e9e aux \u00e9coles<\/p>\n<p class=\"has-medium-font-size\">En journ\u00e9e, une s\u00e9lection sp\u00e9cialement pens\u00e9e pour le jeune public sera propos\u00e9e aux classes du primaire inf\u00e9rieur. Une belle occasion d\u2019initier les plus jeunes \u00e0 la richesse du court m\u00e9trage, tout en favorisant l\u2019\u00e9veil artistique. Les enseignants de Chiny et des environs peuvent d\u00e8s \u00e0 pr\u00e9sent r\u00e9server leurs places sur le site officiel du Centre culturel du Beau Canton (<a href=\"https:\/\/www.ccbeaucanton.be\/\" target=\"_blank\" rel=\"noopener\">www.ccbeaucanton.be<\/a>) ou par t\u00e9l\u00e9phone au 061\/31.30.11. <\/p>\n<p class=\"has-small-font-size\">Chiny &gt; Cin\u00e9ma &gt; Cin\u00e9 Soupe<\/p>\n<p>Infos pratiques et r\u00e9servations<\/p>\n<p class=\"has-medium-font-size\">La s\u00e9ance publique aura lieu le mardi 9 d\u00e9cembre 2025 \u00e0 20h00, aux Anciennes \u00c9coles de <a href=\"https:\/\/www.info-lux.com\/?s=chiny\" target=\"_blank\" rel=\"noopener\">Chiny<\/a>, rue Lorr\u00e8ne 3. Le tarif d\u2019entr\u00e9e est fix\u00e9 \u00e0 5 \u20ac (Art. 27 accept\u00e9).<br \/>Les r\u00e9servations se font via <a href=\"https:\/\/www.billetweb.fr\/cinema-cinesoupe-ccbc\" target=\"_blank\" rel=\"noopener\">Billetweb<\/a>.<br \/>Pour tout renseignement, contactez Julie Roland au 0479\/21.18.57 ou par mail \u00e0 <a href=\"https:\/\/www.info-lux.com\/chiny-cinema-cine-soupe\/actualites\/mailto:partenariatculturel@ccbeaucanton.be\" target=\"_blank\" rel=\"noopener\">partenariatculturel@ccbeaucanton.be<\/a>.<br \/>La bande-annonce du programme est visible sur <a href=\"https:\/\/vimeo.com\/1123251179?fl=pl&amp;fe=vl\" target=\"_blank\" rel=\"noopener\">Vimeo<\/a>.<\/p>\n<p>chiny &gt; cin\u00e9ma &gt; cin\u00e9 soupe<\/p>\n<p>D\u2019AUTRES INFOS DE LA R\u00c9GION DE CHINY<\/p>\n<ul class=\"wp-block-latest-posts__list is-grid columns-3 wp-block-latest-posts\">\n<li><a href=\"https:\/\/www.info-lux.com\/chiny-cinema-cine-soupe\/actualites\/\" aria-label=\"Chiny &gt; Cin\u00e9ma &gt; Cin\u00e9 Soupe\" target=\"_blank\" rel=\"noopener\"><img loading=\"lazy\" decoding=\"async\" width=\"300\" height=\"240\" src=\"https:\/\/www.europesays.com\/fr\/wp-content\/uploads\/2025\/11\/Design-sans-titre-23-1-300x240.jpg\" class=\"attachment-medium size-medium wp-post-image\" alt=\"\" style=\"\"\/><\/a><a class=\"wp-block-latest-posts__post-title\" href=\"https:\/\/www.info-lux.com\/chiny-cinema-cine-soupe\/actualites\/\" target=\"_blank\" rel=\"noopener\">Chiny &gt; Cin\u00e9ma &gt; Cin\u00e9 Soupe<\/a>\n<p>Le Centre culturel du Beau Canton accueillera pour la premi\u00e8re fois le programme itin\u00e9rant Cin\u00e9 Soupe, un rendez-vous plein de saveurs m\u00ealant courts m\u00e9trages et convivialit\u00e9, le mardi 9 d\u00e9cembre \u00e0 Chiny.<\/p>\n<\/li>\n<li><a href=\"https:\/\/www.info-lux.com\/chiny-cabaret-pink-flamingirls\/actualites\/\" aria-label=\"Chiny &gt; Cabaret &gt; Pink Flamin\u2019Girls\" target=\"_blank\" rel=\"noopener\"><img loading=\"lazy\" decoding=\"async\" width=\"300\" height=\"300\" src=\"https:\/\/www.europesays.com\/fr\/wp-content\/uploads\/2025\/11\/476098652_122203227536198585_997196250272036083_n-300x300.jpg\" class=\"attachment-medium size-medium wp-post-image\" alt=\"\" style=\"\"\/><\/a><a class=\"wp-block-latest-posts__post-title\" href=\"https:\/\/www.info-lux.com\/chiny-cabaret-pink-flamingirls\/actualites\/\" target=\"_blank\" rel=\"noopener\">Chiny &gt; Cabaret &gt; Pink Flamin\u2019Girls<\/a>\n<p>CHINY, LE CABARET PINK FLAMIN\u2019GIRLS VA OFFRIR UNE SOIR\u00c9E D\u00c9JANT\u00c9E AUX SPECTATEURS.  LA COMPAGNIE NOT PINK ENOUGH PROMET UNE EXPLOSION DE FANTAISIE, D\u2019AUDACE ET DE FOLIE ARTISTIQUE.<\/p>\n<\/li>\n<li><a href=\"https:\/\/www.info-lux.com\/florenville-marche-de-noel-plaisirs-dhiver\/pays\/belgique\/wallonie\/province-de-luxembourg\/gaume\/florenville\/\" aria-label=\"Florenville &gt;  No\u00ebl &gt; Plaisirs d\u2019hiver\" target=\"_blank\" rel=\"noopener\"><img loading=\"lazy\" decoding=\"async\" width=\"300\" height=\"200\" src=\"https:\/\/www.europesays.com\/fr\/wp-content\/uploads\/2025\/11\/NOELMarche00062-300x200.jpg\" class=\"attachment-medium size-medium wp-post-image\" alt=\"Florenville plaisir d'hiver 2025 &gt; Marhc\u00e9 de Noel\" style=\"\"\/><\/a><a class=\"wp-block-latest-posts__post-title\" href=\"https:\/\/www.info-lux.com\/florenville-marche-de-noel-plaisirs-dhiver\/pays\/belgique\/wallonie\/province-de-luxembourg\/gaume\/florenville\/\" target=\"_blank\" rel=\"noopener\">Florenville &gt;  No\u00ebl &gt; Plaisirs d\u2019hiver<\/a>FLORENVILLE &gt; PLAISIRS D\u2019HIVER OUVRE EN 2025 UN NOUVEAU GRAND RENDEZ-VOUS FESTIF SOUS CHAPITEAU CHAUFF\u00c9 POUR LANCER LA SAISON DE NOEL ET DE FIN D\u2019ANN\u00c9E La Ville de Florenville s\u2019appr\u00eate\u2026 <a class=\"wp-block-latest-posts__read-more\" href=\"https:\/\/www.info-lux.com\/florenville-marche-de-noel-plaisirs-dhiver\/pays\/belgique\/wallonie\/province-de-luxembourg\/gaume\/florenville\/\" rel=\"noopener noreferrer\" target=\"_blank\">Lire la suite\u00a0: Florenville &gt;  No\u00ebl &gt; Plaisirs d\u2019hiver<\/a><\/li>\n<li><a href=\"https:\/\/www.info-lux.com\/chiny-activites-novembre\/actualites\/\" aria-label=\"Chiny &gt; Activit\u00e9s &gt; Novembre\" target=\"_blank\" rel=\"noopener\"><img loading=\"lazy\" decoding=\"async\" width=\"300\" height=\"202\" src=\"https:\/\/www.europesays.com\/fr\/wp-content\/uploads\/2025\/11\/festival-conte-chiny-130724-141--300x202.jpg\" class=\"attachment-medium size-medium wp-post-image\" alt=\"\" style=\"\"\/><\/a><a class=\"wp-block-latest-posts__post-title\" href=\"https:\/\/www.info-lux.com\/chiny-activites-novembre\/actualites\/\" target=\"_blank\" rel=\"noopener\">Chiny &gt; Activit\u00e9s &gt; Novembre<\/a>\n<p>CHINY, ACTIVIT\u00c9S ET D\u00c9COUVERTES \u00c0 VIVRE EN NOVEMBRE<\/p>\n<\/li>\n<li><a href=\"https:\/\/www.info-lux.com\/chiny-concert-otchalai-quartet\/actualites\/\" aria-label=\"Chiny &gt; Concert &gt; O\u2019Tchala\u00ef Quartet\" target=\"_blank\" rel=\"noopener\"><img loading=\"lazy\" decoding=\"async\" width=\"300\" height=\"169\" src=\"https:\/\/www.europesays.com\/fr\/wp-content\/uploads\/2025\/11\/467517465_3960951457482553_7152667257479587695_n-300x169.jpg\" class=\"attachment-medium size-medium wp-post-image\" alt=\"\" style=\"\"\/><\/a><a class=\"wp-block-latest-posts__post-title\" href=\"https:\/\/www.info-lux.com\/chiny-concert-otchalai-quartet\/actualites\/\" target=\"_blank\" rel=\"noopener\">Chiny &gt; Concert &gt; O\u2019Tchala\u00ef Quartet<\/a>\n<p>Concert O\u2019Tchala\u00ef Quartet \u00e0 Chiny : une soir\u00e9e nomade et festive.  Un souffle des Balkans au c\u0153ur de la Gaume<\/p>\n<\/li>\n<li><a href=\"https:\/\/www.info-lux.com\/chiny-queer-aextatik-03\/pays\/belgique\/wallonie\/province-de-luxembourg\/gaume\/\" aria-label=\"Chiny &gt; Queer Aextatik 03\" target=\"_blank\" rel=\"noopener\"><img loading=\"lazy\" decoding=\"async\" width=\"300\" height=\"240\" src=\"https:\/\/www.europesays.com\/fr\/wp-content\/uploads\/2025\/11\/Design-sans-titre-26-300x240.jpg\" class=\"attachment-medium size-medium wp-post-image\" alt=\"\" style=\"\"\/><\/a><a class=\"wp-block-latest-posts__post-title\" href=\"https:\/\/www.info-lux.com\/chiny-queer-aextatik-03\/pays\/belgique\/wallonie\/province-de-luxembourg\/gaume\/\" target=\"_blank\" rel=\"noopener\">Chiny &gt; Queer Aextatik 03<\/a>\n<p>Queer Aextatik #03 : Slam, danse et f\u00eate collective \u00e0 Chiny. Une troisi\u00e8me \u00e9dition haute en couleurs \u00e0 G\u00e2che Warache<\/p>\n<\/li>\n<li><a href=\"https:\/\/www.info-lux.com\/gaume-litterature-camionnette-librairie-le-sourire-aux-livres-vanessa-muller\/2025\/\" aria-label=\"Gaume &gt; Litt\u00e9rature &gt; Le Sourire aux Livres &gt; Vanessa Muller\" target=\"_blank\" rel=\"noopener\"><img loading=\"lazy\" decoding=\"async\" width=\"300\" height=\"169\" src=\"https:\/\/www.europesays.com\/fr\/wp-content\/uploads\/2025\/11\/Image00004-300x169.jpg\" class=\"attachment-medium size-medium wp-post-image\" alt=\"\" style=\"\"\/><\/a><a class=\"wp-block-latest-posts__post-title\" href=\"https:\/\/www.info-lux.com\/gaume-litterature-camionnette-librairie-le-sourire-aux-livres-vanessa-muller\/2025\/\" target=\"_blank\" rel=\"noopener\">Gaume &gt; Litt\u00e9rature &gt; Le Sourire aux Livres &gt; Vanessa Muller<\/a>C\u2019est avec un grand sourire aux l\u00e8vres que Vanessa Muller \u00e2g\u00e9e de quarante-six ans et originaire de Bleid a accueilli notre r\u00e9daction au sein de sa camionnette-librairie, Le Sourire aux\u2026 <a class=\"wp-block-latest-posts__read-more\" href=\"https:\/\/www.info-lux.com\/gaume-litterature-camionnette-librairie-le-sourire-aux-livres-vanessa-muller\/2025\/\" rel=\"noopener noreferrer\" target=\"_blank\">Lire la suite\u00a0: Gaume &gt; Litt\u00e9rature &gt; Le Sourire aux Livres &gt; Vanessa Muller<\/a><\/li>\n<li><a href=\"https:\/\/www.info-lux.com\/virton-bourse-artistique\/actualites\/\" aria-label=\"Virton &gt; Bourse artistique\" target=\"_blank\" rel=\"noopener\"><img loading=\"lazy\" decoding=\"async\" width=\"300\" height=\"240\" src=\"https:\/\/www.europesays.com\/fr\/wp-content\/uploads\/2025\/11\/Design-sans-titre-8-300x240.jpg\" class=\"attachment-medium size-medium wp-post-image\" alt=\"\" style=\"\"\/><\/a><a class=\"wp-block-latest-posts__post-title\" href=\"https:\/\/www.info-lux.com\/virton-bourse-artistique\/actualites\/\" target=\"_blank\" rel=\"noopener\">Virton &gt; Bourse artistique<\/a>\n<p>\u00ab\u202fCadeaux divers \u2013 d\u2019hiver\u202f\u00bb : une bourse artistique unique \u00e0 Virton.  La Galerie du Cheval Blanc c\u00e9l\u00e8bre l\u2019art sous toutes ses formes<\/p>\n<\/li>\n<li><a href=\"https:\/\/www.info-lux.com\/arlon-litterature-vincent-van-parys\/themes\/litterature\/\" aria-label=\"Arlon &gt; Litt\u00e9rature &gt; Vincent Van Parys\" target=\"_blank\" rel=\"noopener\"><img loading=\"lazy\" decoding=\"async\" width=\"300\" height=\"169\" src=\"https:\/\/www.europesays.com\/fr\/wp-content\/uploads\/2025\/11\/20251008_112159-300x169.jpg\" class=\"attachment-medium size-medium wp-post-image\" alt=\"\" style=\"\"\/><\/a><a class=\"wp-block-latest-posts__post-title\" href=\"https:\/\/www.info-lux.com\/arlon-litterature-vincent-van-parys\/themes\/litterature\/\" target=\"_blank\" rel=\"noopener\">Arlon &gt; Litt\u00e9rature &gt; Vincent Van Parys<\/a>Vincent Van Parys, humoriste Arlonais de trente-neuf ans originaire de Halanzy (un \u201dGaumais bien de chez nous\u201d comme on dit), a accept\u00e9 de se pr\u00eater au jeu de l\u2019interview pour\u2026 <a class=\"wp-block-latest-posts__read-more\" href=\"https:\/\/www.info-lux.com\/arlon-litterature-vincent-van-parys\/themes\/litterature\/\" rel=\"noopener noreferrer\" target=\"_blank\">Lire la suite\u00a0: Arlon &gt; Litt\u00e9rature &gt; Vincent Van Parys<\/a><\/li>\n<li><a href=\"https:\/\/www.info-lux.com\/halanzy-livre-marie-laure-dhont\/2025\/\" aria-label=\"Halanzy &gt; livre &gt; Marie-Laure Dhont\" target=\"_blank\" rel=\"noopener\"><img loading=\"lazy\" decoding=\"async\" width=\"240\" height=\"300\" src=\"https:\/\/www.europesays.com\/fr\/wp-content\/uploads\/2025\/11\/Maarie-virton002-240x300.jpg\" class=\"attachment-medium size-medium wp-post-image\" alt=\"\" style=\"\"\/><\/a><a class=\"wp-block-latest-posts__post-title\" href=\"https:\/\/www.info-lux.com\/halanzy-livre-marie-laure-dhont\/2025\/\" target=\"_blank\" rel=\"noopener\">Halanzy &gt; livre &gt; Marie-Laure Dhont<\/a>Interview de Marie-Laure Dhont : \u201cNotre histoire, pas la leur.\u201d \u2014 un t\u00e9moignage de r\u00e9silience et de v\u00e9rit\u00e9 L\u2019auteure originaire d\u2019Halanzy se confie sur son parcours personnel, la gen\u00e8se de\u2026 <a class=\"wp-block-latest-posts__read-more\" href=\"https:\/\/www.info-lux.com\/halanzy-livre-marie-laure-dhont\/2025\/\" rel=\"noopener noreferrer\" target=\"_blank\">Lire la suite\u00a0: Halanzy &gt; livre &gt; Marie-Laure Dhont<\/a><\/li>\n<li><a href=\"https:\/\/www.info-lux.com\/tintigny-spectacle-ansart-day\/pays\/belgique\/wallonie\/province-de-luxembourg\/gaume\/\" aria-label=\"Tintigny &gt; Spectacles &gt; Ans\u2019art Day\" target=\"_blank\" rel=\"noopener\"><img loading=\"lazy\" decoding=\"async\" width=\"300\" height=\"225\" src=\"https:\/\/www.europesays.com\/fr\/wp-content\/uploads\/2025\/11\/539518222_1271391864779254_2498087542726574748_n-300x225.jpg\" class=\"attachment-medium size-medium wp-post-image\" alt=\"\" style=\"\"\/><\/a><a class=\"wp-block-latest-posts__post-title\" href=\"https:\/\/www.info-lux.com\/tintigny-spectacle-ansart-day\/pays\/belgique\/wallonie\/province-de-luxembourg\/gaume\/\" target=\"_blank\" rel=\"noopener\">Tintigny &gt; Spectacles &gt; Ans\u2019art Day<\/a><\/li>\n<li><a href=\"https:\/\/www.info-lux.com\/meix-devant-virton-meixart-2025-exposition\/actualites\/\" aria-label=\"Meix-devant-Virton &gt; Meix\u2019Art 2025 &gt; exposition\" target=\"_blank\" rel=\"noopener\"><img loading=\"lazy\" decoding=\"async\" width=\"300\" height=\"225\" src=\"https:\/\/www.europesays.com\/fr\/wp-content\/uploads\/2025\/11\/MA25-\u00a9NC-7187-1-300x225.jpg\" class=\"attachment-medium size-medium wp-post-image\" alt=\"\" style=\"\"\/><\/a><a class=\"wp-block-latest-posts__post-title\" href=\"https:\/\/www.info-lux.com\/meix-devant-virton-meixart-2025-exposition\/actualites\/\" target=\"_blank\" rel=\"noopener\">Meix-devant-Virton &gt; Meix\u2019Art 2025 &gt; exposition<\/a>\ud83c\udfa8 Meix\u2019Art 2025 : 41e \u00e9dition d\u2019une exposition r\u00e9gionale haute en couleurs \u00e0 Meix-devant-Virton un \u00e9t\u00e9 plac\u00e9 sous le signe de l\u2019art Chaque \u00e9t\u00e9, dans la qui\u00e9tude chaleureuse du sud\u2026 <a class=\"wp-block-latest-posts__read-more\" href=\"https:\/\/www.info-lux.com\/meix-devant-virton-meixart-2025-exposition\/actualites\/\" rel=\"noopener noreferrer\" target=\"_blank\">Lire la suite\u00a0: Meix-devant-Virton &gt; Meix\u2019Art 2025 &gt; exposition<\/a><\/li>\n<li><a href=\"https:\/\/www.info-lux.com\/la-voie-de-la-liberte-en-province-de-luxembourg\/themes\/\" aria-label=\"La Voie de la Libert\u00e9, en province de Luxembourg\" target=\"_blank\" rel=\"noopener\"><img loading=\"lazy\" decoding=\"async\" width=\"225\" height=\"300\" src=\"https:\/\/www.europesays.com\/fr\/wp-content\/uploads\/2025\/11\/bastogne_voie_liberte_1-225x300.jpg\" class=\"attachment-medium size-medium wp-post-image\" alt=\"\" style=\"\"\/><\/a><a class=\"wp-block-latest-posts__post-title\" href=\"https:\/\/www.info-lux.com\/la-voie-de-la-liberte-en-province-de-luxembourg\/themes\/\" target=\"_blank\" rel=\"noopener\">La Voie de la Libert\u00e9, en province de Luxembourg<\/a>\n<p>La Voie de la Libert\u00e9, en province de Luxembourg, est l\u2019un de nos joyeux nationaux et internationaux, \u00e0 l\u2019\u00e9chelle mondiale.<br \/>\nUne s\u00e9rie de bornes blanches, rouges et bleues relient la plage de Utah Beach et le village de Sainte M\u00e8re l\u2019\u00c9glise, en Normandie, \u00e0 Bastogne, en Belgique, et elle comm\u00e9more la Victoire des Forces Alli\u00e9es contre l\u2019Allemagne nazie, ses alli\u00e9s d\u2019Europe de l\u2019Est, et l\u2019Italie fasciste.<\/p>\n<\/li>\n<li><a href=\"https:\/\/www.info-lux.com\/chiny-festival-interculturel-du-conte-infos\/activite-a-faire-en\/\" aria-label=\"Chiny &gt; Festival Interculturel du Conte &gt; infos\" target=\"_blank\" rel=\"noopener\"><img loading=\"lazy\" decoding=\"async\" width=\"300\" height=\"200\" src=\"https:\/\/www.europesays.com\/fr\/wp-content\/uploads\/2025\/11\/Chiny019-300x200.jpg\" class=\"attachment-medium size-medium wp-post-image\" alt=\"\" style=\"\"\/><\/a><a class=\"wp-block-latest-posts__post-title\" href=\"https:\/\/www.info-lux.com\/chiny-festival-interculturel-du-conte-infos\/activite-a-faire-en\/\" target=\"_blank\" rel=\"noopener\">Chiny &gt; Festival Interculturel du Conte &gt; infos<\/a>36e Festival Interculturel du Conte \u00e0 Chiny : un voyage au c\u0153ur des traditions orales Les 12 et 13 juillet 2025, Chiny, charmante localit\u00e9 de la province du Luxembourg belge,\u2026 <a class=\"wp-block-latest-posts__read-more\" href=\"https:\/\/www.info-lux.com\/chiny-festival-interculturel-du-conte-infos\/activite-a-faire-en\/\" rel=\"noopener noreferrer\" target=\"_blank\">Lire la suite\u00a0: Chiny &gt; Festival Interculturel du Conte &gt; infos<\/a><\/li>\n<li><a href=\"https:\/\/www.info-lux.com\/les-chasseurs-leloup-en-province-de-luxembourg\/themes\/\" aria-label=\"Les Chasseurs Leloup, en province de Luxembourg\" target=\"_blank\" rel=\"noopener\"><img loading=\"lazy\" decoding=\"async\" width=\"300\" height=\"143\" src=\"https:\/\/www.europesays.com\/fr\/wp-content\/uploads\/2025\/11\/Chasseursardennais-1-300x143.jpg\" class=\"attachment-medium size-medium wp-post-image\" alt=\"\" style=\"\"\/><\/a><a class=\"wp-block-latest-posts__post-title\" href=\"https:\/\/www.info-lux.com\/les-chasseurs-leloup-en-province-de-luxembourg\/themes\/\" target=\"_blank\" rel=\"noopener\">Les Chasseurs Leloup, en province de Luxembourg<\/a>Les Chasseurs Leloup sont, \u00e0 plus d\u2019un titre, les anc\u00eatres des Chasseurs Ardennais actuels. N\u00e9 \u00e0 Ath en 1736, dans les Pays-Bas autrichiens, Jean Leloup s\u2019engage tr\u00e8s t\u00f4t dans l\u2019arm\u00e9e\u2026 <a class=\"wp-block-latest-posts__read-more\" href=\"https:\/\/www.info-lux.com\/les-chasseurs-leloup-en-province-de-luxembourg\/themes\/\" rel=\"noopener noreferrer\" target=\"_blank\">Lire la suite\u00a0: Les Chasseurs Leloup, en province de Luxembourg<\/a><\/li>\n<\/ul>\n<p>L\u2019info en r\u00e9sum\u00e9<\/p>\n<ul class=\"wp-block-list yoast-ai-summarize-list\">\n<li class=\"has-medium-font-size\">Le Centre culturel du Beau Canton pr\u00e9sente pour la premi\u00e8re fois Cin\u00e9 Soupe \u00e0 Chiny le 9 d\u00e9cembre.<\/li>\n<li class=\"has-medium-font-size\">Cet \u00e9v\u00e9nement propose une s\u00e9lection internationale de courts m\u00e9trages et une ambiance conviviale, \u00e0 partir de 20h.<\/li>\n<li class=\"has-medium-font-size\">Une s\u00e9ance sp\u00e9ciale pour les \u00e9coles est \u00e9galement pr\u00e9vue, afin d\u2019initier les jeunes au court m\u00e9trage.<\/li>\n<li class=\"has-medium-font-size\">Les r\u00e9servations pour la s\u00e9ance publique se font via Billetweb, avec un tarif d\u2019entr\u00e9e de 5 \u20ac.<\/li>\n<li class=\"has-medium-font-size\">Pour plus d\u2019infos, contactez Julie Roland par t\u00e9l\u00e9phone ou par mail.<\/li>\n<\/ul>\n","protected":false},"excerpt":{"rendered":"Le Centre culturel du Beau Canton accueillera pour la premi\u00e8re fois le programme itin\u00e9rant Cin\u00e9 Soupe, un rendez-vous&hellip;\n","protected":false},"author":2,"featured_media":566391,"comment_status":"","ping_status":"","sticky":false,"template":"","format":"standard","meta":{"footnotes":""},"categories":[2815],"tags":[1111,11,68182,68183,68184,68185,650,20496,1777,674,1011,27,811,1307,12,25],"class_list":{"0":"post-566390","1":"post","2":"type-post","3":"status-publish","4":"format-standard","5":"has-post-thumbnail","7":"category-lille","8":"tag-actu","9":"tag-actualites","10":"tag-beau-canton","11":"tag-centre-culturel-beau-canton-chiny","12":"tag-centre-culturel-du-beau-canton","13":"tag-chiny","14":"tag-cinema","15":"tag-court-metrage","16":"tag-eu","17":"tag-europe","18":"tag-fr","19":"tag-france","20":"tag-hauts-de-france","21":"tag-lille","22":"tag-news","23":"tag-republique-francaise"},"share_on_mastodon":{"url":"https:\/\/pubeurope.com\/@fr\/115632389885747472","error":""},"_links":{"self":[{"href":"https:\/\/www.europesays.com\/fr\/wp-json\/wp\/v2\/posts\/566390","targetHints":{"allow":["GET"]}}],"collection":[{"href":"https:\/\/www.europesays.com\/fr\/wp-json\/wp\/v2\/posts"}],"about":[{"href":"https:\/\/www.europesays.com\/fr\/wp-json\/wp\/v2\/types\/post"}],"author":[{"embeddable":true,"href":"https:\/\/www.europesays.com\/fr\/wp-json\/wp\/v2\/users\/2"}],"replies":[{"embeddable":true,"href":"https:\/\/www.europesays.com\/fr\/wp-json\/wp\/v2\/comments?post=566390"}],"version-history":[{"count":0,"href":"https:\/\/www.europesays.com\/fr\/wp-json\/wp\/v2\/posts\/566390\/revisions"}],"wp:featuredmedia":[{"embeddable":true,"href":"https:\/\/www.europesays.com\/fr\/wp-json\/wp\/v2\/media\/566391"}],"wp:attachment":[{"href":"https:\/\/www.europesays.com\/fr\/wp-json\/wp\/v2\/media?parent=566390"}],"wp:term":[{"taxonomy":"category","embeddable":true,"href":"https:\/\/www.europesays.com\/fr\/wp-json\/wp\/v2\/categories?post=566390"},{"taxonomy":"post_tag","embeddable":true,"href":"https:\/\/www.europesays.com\/fr\/wp-json\/wp\/v2\/tags?post=566390"}],"curies":[{"name":"wp","href":"https:\/\/api.w.org\/{rel}","templated":true}]}}