{"id":566392,"date":"2025-11-29T09:56:14","date_gmt":"2025-11-29T09:56:14","guid":{"rendered":"https:\/\/www.europesays.com\/fr\/566392\/"},"modified":"2025-11-29T09:56:14","modified_gmt":"2025-11-29T09:56:14","slug":"lille-previsions-meteo-du-samedi-29-novembre-2025","status":"publish","type":"post","link":"https:\/\/www.europesays.com\/fr\/566392\/","title":{"rendered":"Lille : pr\u00e9visions m\u00e9t\u00e9o du samedi 29 novembre 2025"},"content":{"rendered":"<p>\u00c0 Lille, le samedi 29 novembre 2025 s\u2019annonce tr\u00e8s nuageux avec des passages pluvieux en apr\u00e8s-midi et soir\u00e9e. Les temp\u00e9ratures restent fra\u00eeches autour de 10 \u00b0C, avec un vent soutenu de sud.<\/p>\n<p>    Matin : grisaille persistante sur la capitale des Flandres<\/p>\n<p>Le soleil se l\u00e8ve \u00e0 08 h 24, mais il reste difficile \u00e0 distinguer : \u00e0 09 h, le ciel est <b>tr\u00e8s nuageux<\/b> sur Lille.<\/p>\n<p>Le thermom\u00e8tre affiche <b>9 \u00b0C<\/b>, avec un ressenti de <b>6 \u00b0C<\/b> sous une humidit\u00e9 atteignant 92 %. La pression demeure mod\u00e9r\u00e9e, autour de 1 009 hPa.<\/p>\n<p>Un vent de sud souffle \u00e0 22 km\/h, avec des rafales ne d\u00e9passant pas 40 km\/h, ce qui limite les d\u00e9sagr\u00e9ments pour les deux-roues.<\/p>\n<p>Les routes sont humides et la visibilit\u00e9 r\u00e9duite : il est conseill\u00e9 de ralentir et de pr\u00e9voir un peu plus de temps pour se rendre au travail.<\/p>\n<p>Apr\u00e8s-midi : premier passage pluvieux et vent en renfort<\/p>\n<p>\u00c0 15 h, le ciel reste tr\u00e8s nuageux. La temp\u00e9rature atteint son maximum de la journ\u00e9e avec <b>10 \u00b0C<\/b>, mais le vent accentue la sensation de fra\u00eecheur, pour un ressenti de <b>6 \u00b0C<\/b>.<\/p>\n<p>La probabilit\u00e9 de pluie grimpe \u00e0 63 %. On attend <b>1,5 mm<\/b> de pr\u00e9cipitations, de quoi d\u00e9tremper trottoirs et pare-brises.<\/p>\n<p>Le vent de sud se renforce : 27 km\/h en moyenne, avec des pointes \u00e0 <b>47 km\/h<\/b>. Parapluies fragiles, s\u2019abstenir !<\/p>\n<ul>\n<li>Humidit\u00e9 : 88 %<\/li>\n<li>Pression : 1 005 hPa<\/li>\n<li>Rafales : 47 km\/h (secteur sud)<\/li>\n<\/ul>\n<p>Ces conditions s\u2019inscrivent dans une dynamique automnale typique, sans ph\u00e9nom\u00e8ne extr\u00eame li\u00e9 au r\u00e9chauffement, bien que la douceur pour la saison t\u00e9moigne d\u2019un climat qui \u00e9volue progressivement.<\/p>\n<p>Soir : forte bruine apr\u00e8s un coucher de soleil pr\u00e9coce<\/p>\n<p>Le soleil se couche d\u00e8s 16 h 47, plongeant la m\u00e9tropole dans une ambiance sombre et humide.<\/p>\n<p>\u00c0 21 h, une <b>forte bruine<\/b> s\u2019installe sur la ville, avec <b>3,8 mm<\/b> de pr\u00e9cipitations suppl\u00e9mentaires attendues. La temp\u00e9rature reste stable \u00e0 <b>9 \u00b0C<\/b>, ressenti 6 \u00b0C.<\/p>\n<p>Le vent bascule \u00e0 l\u2019ouest, souffle \u00e0 21 km\/h, et des rafales peuvent atteindre <b>43 km\/h<\/b> sous les grains.<\/p>\n<p>Cons\u00e9quences concr\u00e8tes : chauss\u00e9es glissantes, ralentissements possibles sur l\u2019A25 et la rocade. Prudence accrue, notamment pour les pi\u00e9tons.<\/p>\n<p>Tendance pour demain lundi 30 novembre : fra\u00eecheur et br\u00e8ves ond\u00e9es<\/p>\n<p>D\u00e8s minuit, le ciel se d\u00e9gage compl\u00e8tement. La temp\u00e9rature chute \u00e0 <b>2 \u00b0C<\/b>, avec un ressenti de <b>-1 \u00b0C<\/b> sous un l\u00e9ger vent de 10 km\/h.<\/p>\n<p>En journ\u00e9e, une bruine l\u00e9g\u00e8re est pr\u00e9vue : cumul inf\u00e9rieur \u00e0 1 mm. Le mercure oscillera entre <b>4 \u00b0C et 8 \u00b0C<\/b>, ressenti de 1 \u00b0C \u00e0 5 \u00b0C.<\/p>\n<p>La pression repart \u00e0 la hausse vers 1 006 hPa, le vent d\u2019ouest-sud-ouest souffle \u00e0 15 km\/h, et les rafales restent limit\u00e9es \u00e0 28 km\/h : la sensation de froid humide dominera.<\/p>\n<p>Avant de sortir, on privil\u00e9gie une couche coupe-vent et on n\u2019oublie pas le bonnet. Pour organiser vos activit\u00e9s, consultez <a href=\"https:\/\/www.meteocity.com\/france\/lille-v2998324\" target=\"_blank\" rel=\"noopener\">notre bulletin d\u00e9taill\u00e9<\/a>.<\/p>\n<p>Week-end en perspective ? Les premi\u00e8res tendances sont \u00e0 retrouver sur les pr\u00e9visions \u00e0 15 jours. Bonne fin de journ\u00e9e sous la grisaille lilloise !<\/p>\n","protected":false},"excerpt":{"rendered":"\u00c0 Lille, le samedi 29 novembre 2025 s\u2019annonce tr\u00e8s nuageux avec des passages pluvieux en apr\u00e8s-midi et soir\u00e9e.&hellip;\n","protected":false},"author":2,"featured_media":566393,"comment_status":"","ping_status":"","sticky":false,"template":"","format":"standard","meta":{"footnotes":""},"categories":[2815],"tags":[1111,11,1777,674,1011,27,811,1307,12,25],"class_list":{"0":"post-566392","1":"post","2":"type-post","3":"status-publish","4":"format-standard","5":"has-post-thumbnail","7":"category-lille","8":"tag-actu","9":"tag-actualites","10":"tag-eu","11":"tag-europe","12":"tag-fr","13":"tag-france","14":"tag-hauts-de-france","15":"tag-lille","16":"tag-news","17":"tag-republique-francaise"},"share_on_mastodon":{"url":"","error":""},"_links":{"self":[{"href":"https:\/\/www.europesays.com\/fr\/wp-json\/wp\/v2\/posts\/566392","targetHints":{"allow":["GET"]}}],"collection":[{"href":"https:\/\/www.europesays.com\/fr\/wp-json\/wp\/v2\/posts"}],"about":[{"href":"https:\/\/www.europesays.com\/fr\/wp-json\/wp\/v2\/types\/post"}],"author":[{"embeddable":true,"href":"https:\/\/www.europesays.com\/fr\/wp-json\/wp\/v2\/users\/2"}],"replies":[{"embeddable":true,"href":"https:\/\/www.europesays.com\/fr\/wp-json\/wp\/v2\/comments?post=566392"}],"version-history":[{"count":0,"href":"https:\/\/www.europesays.com\/fr\/wp-json\/wp\/v2\/posts\/566392\/revisions"}],"wp:featuredmedia":[{"embeddable":true,"href":"https:\/\/www.europesays.com\/fr\/wp-json\/wp\/v2\/media\/566393"}],"wp:attachment":[{"href":"https:\/\/www.europesays.com\/fr\/wp-json\/wp\/v2\/media?parent=566392"}],"wp:term":[{"taxonomy":"category","embeddable":true,"href":"https:\/\/www.europesays.com\/fr\/wp-json\/wp\/v2\/categories?post=566392"},{"taxonomy":"post_tag","embeddable":true,"href":"https:\/\/www.europesays.com\/fr\/wp-json\/wp\/v2\/tags?post=566392"}],"curies":[{"name":"wp","href":"https:\/\/api.w.org\/{rel}","templated":true}]}}