{"id":566394,"date":"2025-11-29T09:57:23","date_gmt":"2025-11-29T09:57:23","guid":{"rendered":"https:\/\/www.europesays.com\/fr\/566394\/"},"modified":"2025-11-29T09:57:23","modified_gmt":"2025-11-29T09:57:23","slug":"balade-dans-les-galeries-dart-de-nos-quartiers-a-marseille","status":"publish","type":"post","link":"https:\/\/www.europesays.com\/fr\/566394\/","title":{"rendered":"Balade dans les galeries d\u2019art de nos quartiers \u00e0 Marseille"},"content":{"rendered":"<p>Luca Battaglia \u00e0 la galerie Le 33 (6e)<\/p>\n<p>Qui n\u2019a jamais r\u00eav\u00e9 devant les jolies structures et architectures d\u2019un carrousel\u00a0? \u00c0 la fois souvenir d\u2019enfance et paysage urbain, le man\u00e8ge est au c\u0153ur du travail photographique de l\u2019architecte italien Luca Battaglia et de son exposition Ticket\u00a0non remboursable. \u00c0 travers ses clich\u00e9s pris \u00e0 hauteur d\u2019enfant, il raconte l\u2019histoire de ces man\u00e8ges captur\u00e9s dans plusieurs villes de France.<\/p>\n<p><img alt=\"Un carrousel de style 1900 \u00e0 M\u00e2con photographi\u00e9 par Luca Battaglia.\" loading=\"lazy\" decoding=\"async\" data-nimg=\"fill\" class=\" TwicCore_img__i9TC1 undefined  undefined\" style=\"position:absolute;height:100%;width:100%;left:0;top:0;right:0;bottom:0;color:transparent;background-size:cover;background-position:50% 50%;background-repeat:no-repeat;background-image:url(&quot;data:image\/svg+xml;charset=utf-8,%3Csvg xmlns='http:\/\/www.w3.org\/2000\/svg' %3E%3Cfilter id='b' color-interpolation-filters='sRGB'%3E%3CfeGaussianBlur stdDeviation='20'\/%3E%3CfeColorMatrix values='1 0 0 0 0 0 1 0 0 0 0 0 1 0 0 0 0 0 100 -1' result='s'\/%3E%3CfeFlood x='0' y='0' width='100%25' height='100%25'\/%3E%3CfeComposite operator='out' in='s'\/%3E%3CfeComposite in2='SourceGraphic'\/%3E%3CfeGaussianBlur stdDeviation='20'\/%3E%3C\/filter%3E%3Cimage width='100%25' height='100%25' x='0' y='0' preserveAspectRatio='none' style='filter: url(%23b);' href='https:\/\/pictures.laprovence.com\/cdn-cgi\/image\/blur=250\/media\/melody\/2025\/11\/29\/un-carrousel-de-style-1900-a-macon-photographie-par-luca-battaglia-1764409307_4ef1c504472967202c5044729f702cv_.jpg'\/%3E%3C\/svg%3E&quot;)\"   src=\"https:\/\/www.europesays.com\/fr\/wp-content\/uploads\/2025\/11\/un-carrousel-de-style-1900-a-macon-photographie-par-luca-battaglia-1764409307_4ef1c504472967202c5044.jpeg\"\/>Un carrousel de style 1900 \u00e0 M\u00e2con photographi\u00e9 par Luca Battaglia. \/ Photo A.A.<\/p>\n<p>Ici, pas de d\u00e9tails de figurines ou de d\u00e9cors &#8211;\u00a0\u00e0 part la superbe photo en noir et blanc d\u2019un cheval perdu en Finlande\u00a0&#8211; mais des lumi\u00e8res qui tournoient. Le mouvement cr\u00e9e une fascination hypnotique et emporte le visiteur dans un tourbillon quasi irr\u00e9el.<\/p>\n<p><strong>Jusqu\u2019au 24\u00a0janvier\u00a02026. Du mardi au vendredi de 12\u00a0h \u00e0 16\u00a0h. 33, rue Saint-Jacques (6e). Entr\u00e9e libre. <\/strong><strong>Pr\u00e9sence de l\u2019artiste samedi 6\u00a0d\u00e9cembre.<\/strong><\/p>\n<p><img alt=\"Exposition de Luca Battaglia \u00e0 la galerie Le 33.\" loading=\"lazy\" decoding=\"async\" data-nimg=\"fill\" class=\" TwicCore_img__i9TC1 undefined  undefined\" style=\"position:absolute;height:100%;width:100%;left:0;top:0;right:0;bottom:0;color:transparent;background-size:cover;background-position:50% 50%;background-repeat:no-repeat;background-image:url(&quot;data:image\/svg+xml;charset=utf-8,%3Csvg xmlns='http:\/\/www.w3.org\/2000\/svg' %3E%3Cfilter id='b' color-interpolation-filters='sRGB'%3E%3CfeGaussianBlur stdDeviation='20'\/%3E%3CfeColorMatrix values='1 0 0 0 0 0 1 0 0 0 0 0 1 0 0 0 0 0 100 -1' result='s'\/%3E%3CfeFlood x='0' y='0' width='100%25' height='100%25'\/%3E%3CfeComposite operator='out' in='s'\/%3E%3CfeComposite in2='SourceGraphic'\/%3E%3CfeGaussianBlur stdDeviation='20'\/%3E%3C\/filter%3E%3Cimage width='100%25' height='100%25' x='0' y='0' preserveAspectRatio='none' style='filter: url(%23b);' href='https:\/\/pictures.laprovence.com\/cdn-cgi\/image\/blur=250\/media\/melody\/2025\/11\/29\/exposition-de-luca-battaglia-a-la-galerie-le-33-1764409307_cd33e32547296d375e325472933f5ev_.jpg'\/%3E%3C\/svg%3E&quot;)\"   src=\"https:\/\/www.europesays.com\/fr\/wp-content\/uploads\/2025\/11\/exposition-de-luca-battaglia-a-la-galerie-le-33-1764409307_cd33e32547296d375e325472933f5ev_.jpg\"\/>Exposition de Luca Battaglia \u00e0 la galerie Le 33. \/ Photo A.A.\u00a0\u00bbCouleurs d\u2019automne\u00a0\u00bb \u00e0 la Galerie des Augustines (2e)<\/p>\n<p>Une exposition collective de photographies, peintures et sculptures o\u00f9 l\u2019on retrouve Fran\u00e7ois-Louis Ath\u00e9nas (de la Galerie des Augustines), Anne-Sophie Nival, Aur\u00e9lie Jourdain, David Takahashi, Val\u00e9rie Boyer, Francis Helgorski, Natacha Merlin\u2026 On y notera les sublimes photos de Val\u00e9rie Boyer qui rendent hommage \u00e0 la peinture de Hopper. La gare de La Ciotat et le mus\u00e9e Soulages de Rodez sont ainsi magnifi\u00e9s \u00e0 travers son travail photographique qui flirte avec la peinture.<\/p>\n<p><img alt=\"Les photos de Val\u00e9rie Boyer qui rendent hommage aux peintures de Hopper.\" loading=\"lazy\" decoding=\"async\" data-nimg=\"fill\" class=\" TwicCore_img__i9TC1 undefined  undefined\" style=\"position:absolute;height:100%;width:100%;left:0;top:0;right:0;bottom:0;color:transparent;background-size:cover;background-position:50% 50%;background-repeat:no-repeat;background-image:url(&quot;data:image\/svg+xml;charset=utf-8,%3Csvg xmlns='http:\/\/www.w3.org\/2000\/svg' %3E%3Cfilter id='b' color-interpolation-filters='sRGB'%3E%3CfeGaussianBlur stdDeviation='20'\/%3E%3CfeColorMatrix values='1 0 0 0 0 0 1 0 0 0 0 0 1 0 0 0 0 0 100 -1' result='s'\/%3E%3CfeFlood x='0' y='0' width='100%25' height='100%25'\/%3E%3CfeComposite operator='out' in='s'\/%3E%3CfeComposite in2='SourceGraphic'\/%3E%3CfeGaussianBlur stdDeviation='20'\/%3E%3C\/filter%3E%3Cimage width='100%25' height='100%25' x='0' y='0' preserveAspectRatio='none' style='filter: url(%23b);' href='https:\/\/pictures.laprovence.com\/cdn-cgi\/image\/blur=250\/media\/melody\/2025\/11\/29\/les-photos-de-valerie-boyer-qui-rendent-hommage-aux-1764409308_bbc7ad69792969ab8ad6979298dc8av_.jpg'\/%3E%3C\/svg%3E&quot;)\"   src=\"https:\/\/www.europesays.com\/fr\/wp-content\/uploads\/2025\/11\/les-photos-de-valerie-boyer-qui-rendent-hommage-aux-1764409308_bbc7ad69792969ab8ad6979298dc8av_.jpg\"\/>Les photos de Val\u00e9rie Boyer qui rendent hommage aux peintures de Hopper. \/ Photo A.A.<img alt=\"La gare de La Ciotat prend des airs de tableau de Hopper avec le travail photographique de Val\u00e9rie Boyer.\" loading=\"lazy\" decoding=\"async\" data-nimg=\"fill\" class=\" TwicCore_img__i9TC1 undefined  undefined\" style=\"position:absolute;height:100%;width:100%;left:0;top:0;right:0;bottom:0;color:transparent;background-size:cover;background-position:50% 50%;background-repeat:no-repeat;background-image:url(&quot;data:image\/svg+xml;charset=utf-8,%3Csvg xmlns='http:\/\/www.w3.org\/2000\/svg' %3E%3Cfilter id='b' color-interpolation-filters='sRGB'%3E%3CfeGaussianBlur stdDeviation='20'\/%3E%3CfeColorMatrix values='1 0 0 0 0 0 1 0 0 0 0 0 1 0 0 0 0 0 100 -1' result='s'\/%3E%3CfeFlood x='0' y='0' width='100%25' height='100%25'\/%3E%3CfeComposite operator='out' in='s'\/%3E%3CfeComposite in2='SourceGraphic'\/%3E%3CfeGaussianBlur stdDeviation='20'\/%3E%3C\/filter%3E%3Cimage width='100%25' height='100%25' x='0' y='0' preserveAspectRatio='none' style='filter: url(%23b);' href='https:\/\/pictures.laprovence.com\/cdn-cgi\/image\/blur=250\/media\/melody\/2025\/11\/29\/photo-a-a-1764409308_82a5cd697929686a5cd6979297aa5cv_.jpg'\/%3E%3C\/svg%3E&quot;)\"   src=\"https:\/\/www.europesays.com\/fr\/wp-content\/uploads\/2025\/11\/photo-a-a-1764409308_82a5cd697929686a5cd6979297aa5cv_.jpg\"\/>La gare de La Ciotat prend des airs de tableau de Hopper avec le travail photographique de Val\u00e9rie Boyer. \/ Photo A.A.<\/p>\n<p>Les tirages s\u00e9pia de Fran\u00e7ois-Louis Ath\u00e9nas de sc\u00e8nes parisiennes, de fleurs et de natures mortes participent eux aussi aux couleurs automnales. Toujours c\u00f4t\u00e9 photo, les escaliers en colima\u00e7on d\u2019Anne-Sophie Nival jouent avec l\u2019apparence de coquillages. C\u00f4t\u00e9 peinture, les petits formats na\u00effs de Catherine\u00a0Cl\u00e9ment offrent une ambiance cosy de soir\u00e9es d\u2019automne-hiver.<\/p>\n<p><strong>Jusqu\u2019au 25\u00a0d\u00e9cembre. Du jeudi au dimanche de 14\u00a0h \u00e0 19\u00a0h. 6, place des Augustines (2e). Entr\u00e9e libre.<\/strong><\/p>\n<p><img alt=\"Les escaliers comme des coquillages de la photographe Anne-Sophie Nival.\" loading=\"lazy\" decoding=\"async\" data-nimg=\"fill\" class=\" TwicCore_img__i9TC1 undefined  undefined\" style=\"position:absolute;height:100%;width:100%;left:0;top:0;right:0;bottom:0;color:transparent;background-size:cover;background-position:50% 50%;background-repeat:no-repeat;background-image:url(&quot;data:image\/svg+xml;charset=utf-8,%3Csvg xmlns='http:\/\/www.w3.org\/2000\/svg' %3E%3Cfilter id='b' color-interpolation-filters='sRGB'%3E%3CfeGaussianBlur stdDeviation='20'\/%3E%3CfeColorMatrix values='1 0 0 0 0 0 1 0 0 0 0 0 1 0 0 0 0 0 100 -1' result='s'\/%3E%3CfeFlood x='0' y='0' width='100%25' height='100%25'\/%3E%3CfeComposite operator='out' in='s'\/%3E%3CfeComposite in2='SourceGraphic'\/%3E%3CfeGaussianBlur stdDeviation='20'\/%3E%3C\/filter%3E%3Cimage width='100%25' height='100%25' x='0' y='0' preserveAspectRatio='none' style='filter: url(%23b);' href='https:\/\/pictures.laprovence.com\/cdn-cgi\/image\/blur=250\/media\/melody\/2025\/11\/29\/les-escaliers-comme-des-coquillages-de-la-photographe-1764409309_53a4dd69792962215dd6979295615dv_.jpg'\/%3E%3C\/svg%3E&quot;)\"   src=\"https:\/\/www.europesays.com\/fr\/wp-content\/uploads\/2025\/11\/les-escaliers-comme-des-coquillages-de-la-photographe-1764409309_53a4dd69792962215dd6979295615dv_.jp.jpeg\"\/>Les escaliers comme des coquillages de la photographe Anne-Sophie Nival. \/ Photo A.A.Fr\u00e9d\u00e9ric Arcos et Matthieu Montchamp \u00e0 la Galerie B\u00e9a-Ba (1er)<strong\/><\/p>\n<p>Deux artistes et leurs travaux sur les paysages de leur enfance sont mis ici en dialogue.<\/p>\n<p><img alt=\"L\u2019\u00e9tang de Fr\u00e9d\u00e9ric Arcos \u00e0 la galerie B\u00e9a-Ba (1er).\" loading=\"lazy\" decoding=\"async\" data-nimg=\"fill\" class=\" TwicCore_img__i9TC1 undefined  undefined\" style=\"position:absolute;height:100%;width:100%;left:0;top:0;right:0;bottom:0;color:transparent;background-size:cover;background-position:50% 50%;background-repeat:no-repeat;background-image:url(&quot;data:image\/svg+xml;charset=utf-8,%3Csvg xmlns='http:\/\/www.w3.org\/2000\/svg' %3E%3Cfilter id='b' color-interpolation-filters='sRGB'%3E%3CfeGaussianBlur stdDeviation='20'\/%3E%3CfeColorMatrix values='1 0 0 0 0 0 1 0 0 0 0 0 1 0 0 0 0 0 100 -1' result='s'\/%3E%3CfeFlood x='0' y='0' width='100%25' height='100%25'\/%3E%3CfeComposite operator='out' in='s'\/%3E%3CfeComposite in2='SourceGraphic'\/%3E%3CfeGaussianBlur stdDeviation='20'\/%3E%3C\/filter%3E%3Cimage width='100%25' height='100%25' x='0' y='0' preserveAspectRatio='none' style='filter: url(%23b);' href='https:\/\/pictures.laprovence.com\/cdn-cgi\/image\/blur=250\/media\/melody\/2025\/11\/29\/photo-a-a-1764409309_72214d6979296c6214d6979298a214v_.jpg'\/%3E%3C\/svg%3E&quot;)\"   src=\"https:\/\/www.europesays.com\/fr\/wp-content\/uploads\/2025\/11\/photo-a-a-1764409309_72214d6979296c6214d6979298a214v_.jpg\"\/>L\u2019\u00e9tang de Fr\u00e9d\u00e9ric Arcos \u00e0 la galerie B\u00e9a-Ba (1er). Photo A.A.<\/p>\n<p>Une mise en \u00e9cho qui donne encore plus de dimension aux peintures de l\u2019un et de l\u2019autre. L\u2019\u00e9tang de Fr\u00e9d\u00e9ric Arcos <a href=\"https:\/\/www.laprovence.com\/article\/culture-loisirs\/85991519637896\/trois-nouvelles-expositions-a-voir-a-la-friche-la-belle-de-mai-a-marseille\" target=\"_blank\" rel=\"noopener\">(l\u2019artiste nous a plut\u00f4t habitu\u00e9s \u00e0 des paysages urbains notamment dans le quartier de la Belle-de-Mai)<\/a> s\u2019\u00e9tend \u00e0 r\u00e9p\u00e9tition comme un paysage paisible et m\u00e9ditatif. Les flots changent de couleur selon les moments de la journ\u00e9e et un jeu de cache-cache se cr\u00e9e avec la lisi\u00e8re d\u2019arbres et de feuillages derri\u00e8re lesquels il est parfois observ\u00e9.<\/p>\n<p><img alt=\"L\u2019\u00e9tang de Fr\u00e9d\u00e9ric Arcos \u00e0 la galerie B\u00e9a-Ba (1er).\" loading=\"lazy\" decoding=\"async\" data-nimg=\"fill\" class=\" TwicCore_img__i9TC1 undefined  undefined\" style=\"position:absolute;height:100%;width:100%;left:0;top:0;right:0;bottom:0;color:transparent;background-size:cover;background-position:50% 50%;background-repeat:no-repeat;background-image:url(&quot;data:image\/svg+xml;charset=utf-8,%3Csvg xmlns='http:\/\/www.w3.org\/2000\/svg' %3E%3Cfilter id='b' color-interpolation-filters='sRGB'%3E%3CfeGaussianBlur stdDeviation='20'\/%3E%3CfeColorMatrix values='1 0 0 0 0 0 1 0 0 0 0 0 1 0 0 0 0 0 100 -1' result='s'\/%3E%3CfeFlood x='0' y='0' width='100%25' height='100%25'\/%3E%3CfeComposite operator='out' in='s'\/%3E%3CfeComposite in2='SourceGraphic'\/%3E%3CfeGaussianBlur stdDeviation='20'\/%3E%3C\/filter%3E%3Cimage width='100%25' height='100%25' x='0' y='0' preserveAspectRatio='none' style='filter: url(%23b);' href='https:\/\/pictures.laprovence.com\/cdn-cgi\/image\/blur=250\/media\/melody\/2025\/11\/29\/photo-a-a-1764409309_41bc7d6979296a5bc7d69792999bc7v_.jpg'\/%3E%3C\/svg%3E&quot;)\"   src=\"https:\/\/www.europesays.com\/fr\/wp-content\/uploads\/2025\/11\/photo-a-a-1764409309_41bc7d6979296a5bc7d69792999bc7v_.jpg\"\/>L\u2019\u00e9tang de Fr\u00e9d\u00e9ric Arcos \u00e0 la galerie B\u00e9a-Ba (1er). Photo A.A.<\/p>\n<p>Face \u00e0 ces peintures, la Villa\u00a0Nova 58 de Matthieu Montchamp se fait beaucoup plus romanesque, myst\u00e9rieuse, avec des formes tortueuses. Des nuances gris ciment c\u00f4toient des tons pastel pour raconter une certaine m\u00e9lancolie et un r\u00e9cit personnel de souvenirs \u00e0 travers les \u00e9poques.<\/p>\n<p><strong>Jusqu\u2019au 10\u00a0janvier\u00a02026. Du jeudi au samedi<\/strong>\u00a0<strong>de 14\u00a0h\u00a030 \u00e0 18\u00a0h\u00a030. 25, rue Consolat (1er). Entr\u00e9e libre.<\/strong><\/p>\n<p><img alt=\"Matthieu Montchamp, &quot;Villa Nova 58&quot;, \u00e0 la Galerie B\u00e9a-Ba.\" loading=\"lazy\" decoding=\"async\" data-nimg=\"fill\" class=\" TwicCore_img__i9TC1 undefined  undefined\" style=\"position:absolute;height:100%;width:100%;left:0;top:0;right:0;bottom:0;color:transparent;background-size:cover;background-position:50% 50%;background-repeat:no-repeat;background-image:url(&quot;data:image\/svg+xml;charset=utf-8,%3Csvg xmlns='http:\/\/www.w3.org\/2000\/svg' %3E%3Cfilter id='b' color-interpolation-filters='sRGB'%3E%3CfeGaussianBlur stdDeviation='20'\/%3E%3CfeColorMatrix values='1 0 0 0 0 0 1 0 0 0 0 0 1 0 0 0 0 0 100 -1' result='s'\/%3E%3CfeFlood x='0' y='0' width='100%25' height='100%25'\/%3E%3CfeComposite operator='out' in='s'\/%3E%3CfeComposite in2='SourceGraphic'\/%3E%3CfeGaussianBlur stdDeviation='20'\/%3E%3C\/filter%3E%3Cimage width='100%25' height='100%25' x='0' y='0' preserveAspectRatio='none' style='filter: url(%23b);' href='https:\/\/pictures.laprovence.com\/cdn-cgi\/image\/blur=250\/media\/melody\/2025\/11\/29\/matthieu-montchamp-villa-nova-58-a-la-galerie-bea-ba-1764409310_5e9816ab7929652a816ab792946a81v_.jpg'\/%3E%3C\/svg%3E&quot;)\"   src=\"https:\/\/www.europesays.com\/fr\/wp-content\/uploads\/2025\/11\/matthieu-montchamp-villa-nova-58-a-la-galerie-bea-ba-1764409310_5e9816ab7929652a816ab792946a81v_.jpg\"\/>Matthieu Montchamp, \u00ab\u00a0Villa Nova 58\u00a0\u00bb, \u00e0 la Galerie B\u00e9a-Ba. Photo A.A.<strong\/>\u00ab\u00a0Trac\u00e9\u00a0\u00bb \u00e0 l\u2019Urban Gallery avec l\u2019Atelier Vis-\u00e0-Vis (2e)<\/p>\n<p>Dans le cadre de la Saison\u00a0du Dessin, l\u2019Atelier Vis-\u00e0-Vis pr\u00e9sente une exposition au sein de l\u2019Urban Gallery. Une r\u00e9trospective du travail de la plus ancienne maison d\u2019\u00e9dition de livres d\u2019artistes \u00e0 Marseille, fond\u00e9e en\u00a01987 et d\u00e9di\u00e9e aux pratiques contemporaines.<\/p>\n<p><img alt=\"Livre d\u2019artistes de l\u2019Atelier Vis-\u00e0-Vis de 2006, Je T\u2019Marseille, avec Jean Mangion (po\u00e8mes) et les \u0153uvres de Kijno, Herv\u00e9 Di Rosa, Alain Soucasse et Claude Viallat.\" loading=\"lazy\" decoding=\"async\" data-nimg=\"fill\" class=\" TwicCore_img__i9TC1 undefined  undefined\" style=\"position:absolute;height:100%;width:100%;left:0;top:0;right:0;bottom:0;color:transparent;background-size:cover;background-position:50% 50%;background-repeat:no-repeat;background-image:url(&quot;data:image\/svg+xml;charset=utf-8,%3Csvg xmlns='http:\/\/www.w3.org\/2000\/svg' %3E%3Cfilter id='b' color-interpolation-filters='sRGB'%3E%3CfeGaussianBlur stdDeviation='20'\/%3E%3CfeColorMatrix values='1 0 0 0 0 0 1 0 0 0 0 0 1 0 0 0 0 0 100 -1' result='s'\/%3E%3CfeFlood x='0' y='0' width='100%25' height='100%25'\/%3E%3CfeComposite operator='out' in='s'\/%3E%3CfeComposite in2='SourceGraphic'\/%3E%3CfeGaussianBlur stdDeviation='20'\/%3E%3C\/filter%3E%3Cimage width='100%25' height='100%25' x='0' y='0' preserveAspectRatio='none' style='filter: url(%23b);' href='https:\/\/pictures.laprovence.com\/cdn-cgi\/image\/blur=250\/media\/melody\/2025\/11\/29\/livre-d-artiste-de-l-atelier-vis-a-vis-1764409310_d1351ae3b9296dc551ae3b929c1651v_.jpg'\/%3E%3C\/svg%3E&quot;)\"   src=\"https:\/\/www.europesays.com\/fr\/wp-content\/uploads\/2025\/11\/livre-d-artiste-de-l-atelier-vis-a-vis-1764409310_d1351ae3b9296dc551ae3b929c1651v_.jpg\"\/>Livre d\u2019artistes de l\u2019Atelier Vis-\u00e0-Vis de 2006, Je T\u2019Marseille, avec Jean Mangion (po\u00e8mes) et les \u0153uvres de Kijno, Herv\u00e9 Di Rosa, Alain Soucasse et Claude Viallat. Photo A.A.<\/p>\n<p>Le visiteur pourra donc d\u00e9couvrir de nombreux livres d\u2019artistes dont le tout premier avec le peintre marseillais Yvan\u00a0Daumas, et le tout dernier qui r\u00e9unit deux artistes autour du faire ensemble. Ou encore le livre Je T\u2019Marseille r\u00e9unissant Jean\u00a0Mangion (po\u00e8mes) et les \u0153uvres de Kijno, <a href=\"https:\/\/www.laprovence.com\/article\/culture-loisirs\/96068376393463\/herve-di-rosa-donne-un-joyeux-air-de-famille-au-mucem\" target=\"_blank\" rel=\"noopener\">Herv\u00e9 Di Rosa<\/a>, Alain\u00a0Soucasse et Claude\u00a0Viallat. Mais aussi les travaux de plus d\u2019une vingtaine de noms.<\/p>\n<p><img alt=\"Estampes de l\u2019artiste marseillaise Armelle de Sainte Marie.\" loading=\"lazy\" decoding=\"async\" data-nimg=\"fill\" class=\" TwicCore_img__i9TC1 undefined  undefined\" style=\"position:absolute;height:100%;width:100%;left:0;top:0;right:0;bottom:0;color:transparent;background-size:cover;background-position:50% 50%;background-repeat:no-repeat;background-image:url(&quot;data:image\/svg+xml;charset=utf-8,%3Csvg xmlns='http:\/\/www.w3.org\/2000\/svg' %3E%3Cfilter id='b' color-interpolation-filters='sRGB'%3E%3CfeGaussianBlur stdDeviation='20'\/%3E%3CfeColorMatrix values='1 0 0 0 0 0 1 0 0 0 0 0 1 0 0 0 0 0 100 -1' result='s'\/%3E%3CfeFlood x='0' y='0' width='100%25' height='100%25'\/%3E%3CfeComposite operator='out' in='s'\/%3E%3CfeComposite in2='SourceGraphic'\/%3E%3CfeGaussianBlur stdDeviation='20'\/%3E%3C\/filter%3E%3Cimage width='100%25' height='100%25' x='0' y='0' preserveAspectRatio='none' style='filter: url(%23b);' href='https:\/\/pictures.laprovence.com\/cdn-cgi\/image\/blur=250\/media\/melody\/2025\/11\/29\/estampes-de-l-artiste-marseillaise-armelle-de-sainte-marie-1764409311_b52d27b5b92961a2d27b5b9291e2d2v_.jpg'\/%3E%3C\/svg%3E&quot;)\"   src=\"https:\/\/www.europesays.com\/fr\/wp-content\/uploads\/2025\/11\/estampes-de-l-artiste-marseillaise-armelle-de-sainte-marie-1764409311_b52d27b5b92961a2d27b5b9291e2d2.jpeg\"\/>Estampes de l\u2019artiste marseillaise Armelle de Sainte Marie. Photo A.A.<\/p>\n<p>On notera des s\u00e9ries d\u2019estampes rehauss\u00e9es \u00e0 la main. Comme les s\u00e9rigraphies color\u00e9es d\u2019Armelle de Sainte Marie ou la diversit\u00e9 des arbres peints de Nicolas Pincemin. Sans oublier deux estampes de<a href=\"https:\/\/www.laprovence.com\/article\/culture-loisirs\/2527601609717714\/exposition-jean-jacques-surian-lexuberant-au-musee-regards-de-provence-a-marseille\" target=\"_blank\" rel=\"noopener\"> Jean-Jacques Surian<\/a>.<\/p>\n<p><strong>Jusqu\u2019au 13\u00a0d\u00e9cembre. Du mercredi au samedi de 13\u00a0h\u00a030 \u00e0 18\u00a0h\u00a030. 9, rue Mazenod (2e). Entr\u00e9e libre. <\/strong><strong>Soir\u00e9e avec performances les 10 et 11\u00a0d\u00e9cembre \u00e0 18\u00a0h et le 12\u00a0d\u00e9cembre \u00e0 20\u00a0h\u00a030.<\/strong><\/p>\n","protected":false},"excerpt":{"rendered":"Luca Battaglia \u00e0 la galerie Le 33 (6e) Qui n\u2019a jamais r\u00eav\u00e9 devant les jolies structures et architectures&hellip;\n","protected":false},"author":2,"featured_media":566395,"comment_status":"","ping_status":"","sticky":false,"template":"","format":"standard","meta":{"footnotes":""},"categories":[2814],"tags":[17,1111,11,7552,251,44113,1446,1777,674,1011,27,7455,151,884,12,852,882,5116,25],"class_list":{"0":"post-566394","1":"post","2":"type-post","3":"status-publish","4":"format-standard","5":"has-post-thumbnail","7":"category-marseille","8":"tag-17","9":"tag-actu","10":"tag-actualites","11":"tag-balade","12":"tag-culture","13":"tag-dart","14":"tag-dans","15":"tag-eu","16":"tag-europe","17":"tag-fr","18":"tag-france","19":"tag-galeries","20":"tag-les","21":"tag-marseille","22":"tag-news","23":"tag-nos","24":"tag-provence-alpes-cote-dazur","25":"tag-quartiers","26":"tag-republique-francaise"},"share_on_mastodon":{"url":"https:\/\/pubeurope.com\/@fr\/115632397762318863","error":""},"_links":{"self":[{"href":"https:\/\/www.europesays.com\/fr\/wp-json\/wp\/v2\/posts\/566394","targetHints":{"allow":["GET"]}}],"collection":[{"href":"https:\/\/www.europesays.com\/fr\/wp-json\/wp\/v2\/posts"}],"about":[{"href":"https:\/\/www.europesays.com\/fr\/wp-json\/wp\/v2\/types\/post"}],"author":[{"embeddable":true,"href":"https:\/\/www.europesays.com\/fr\/wp-json\/wp\/v2\/users\/2"}],"replies":[{"embeddable":true,"href":"https:\/\/www.europesays.com\/fr\/wp-json\/wp\/v2\/comments?post=566394"}],"version-history":[{"count":0,"href":"https:\/\/www.europesays.com\/fr\/wp-json\/wp\/v2\/posts\/566394\/revisions"}],"wp:featuredmedia":[{"embeddable":true,"href":"https:\/\/www.europesays.com\/fr\/wp-json\/wp\/v2\/media\/566395"}],"wp:attachment":[{"href":"https:\/\/www.europesays.com\/fr\/wp-json\/wp\/v2\/media?parent=566394"}],"wp:term":[{"taxonomy":"category","embeddable":true,"href":"https:\/\/www.europesays.com\/fr\/wp-json\/wp\/v2\/categories?post=566394"},{"taxonomy":"post_tag","embeddable":true,"href":"https:\/\/www.europesays.com\/fr\/wp-json\/wp\/v2\/tags?post=566394"}],"curies":[{"name":"wp","href":"https:\/\/api.w.org\/{rel}","templated":true}]}}