{"id":566396,"date":"2025-11-29T09:58:12","date_gmt":"2025-11-29T09:58:12","guid":{"rendered":"https:\/\/www.europesays.com\/fr\/566396\/"},"modified":"2025-11-29T09:58:12","modified_gmt":"2025-11-29T09:58:12","slug":"la-victime-est-un-jeune-de-15-ans-inconnu-des-services-de-justice","status":"publish","type":"post","link":"https:\/\/www.europesays.com\/fr\/566396\/","title":{"rendered":"la victime est un jeune de 15 ans, inconnu des services de justice"},"content":{"rendered":"<p>Un corps carbonis\u00e9 a \u00e9t\u00e9 d\u00e9couvert, ce vendredi 28 novembre, dans le 14e arrondissement de Marseille. Selon les informations de BFMTV, la victime a \u00e9t\u00e9 identifi\u00e9e, il s&rsquo;agit d&rsquo;un adolescent \u00e2g\u00e9 de 15 ans inconnu des services de justice.<\/p>\n<p>Un <a href=\"https:\/\/www.bfmtv.com\/marseille\/le-corps-calcine-d-un-homme-retrouve-dans-le-14e-arrondissement-de-marseille_AD-202511280669.html\" title=\"Le corps calcin\u00e9 d&#039;un homme retrouv\u00e9 dans le 14e arrondissement de Marseille\" class=\"internal_link\" target=\"_blank\" rel=\"noopener\">corps carbonis\u00e9<\/a> a \u00e9t\u00e9 d\u00e9couvert ce vendredi vers 8h30, dans le 14e arrondissement de <a href=\"https:\/\/www.bfmtv.com\/politique\/video-narcotrafic-a-marseille-je-m-inscris-en-faux-face-a-ce-mythe-qui-voudrait-que-ces-quartiers-soient-abandonnes-assure-stephane-ravier-senateur-rn_VN-202511281008.html\" title=\"Narcotrafic \u00e0 Marseille: &quot;Je m&#039;inscris en faux face \u00e0 ce mythe qui voudrait que ces quartiers soient abandonn\u00e9s&quot;, assure St\u00e9phane Ravier, s\u00e9nateur RN\" class=\"internal_link\" target=\"_blank\" rel=\"noopener\">Marseille<\/a>, dans le quartier des Arnavaux. Selon les informations de BFMTV, la victime a \u00e9t\u00e9 identifi\u00e9e, il s&rsquo;agit d&rsquo;un jeune homme \u00e2g\u00e9 de 15 ans.\u00a0<\/p>\n<p>Inconnu au fichier de Traitement d&rsquo;ant\u00e9c\u00e9dents judiciaires, il avait \u00e9t\u00e9 entendu une fois par les services de police pour un vol\u00a0d&rsquo;un accessoire automobile. Il n&rsquo;avait pas \u00e9t\u00e9 poursuivi pour ce fait.\u00a0 \u00ab\u00a0On ignore \u00e0 ce stade les raisons de cet homicide\u00a0\u00bb, confie une source proche de l&rsquo;enqu\u00eate \u00e0 BFMTV.<\/p>\n<p>Une douille retrouv\u00e9e \u00e0 proximit\u00e9<\/p>\n<p>C&rsquo;est une habitante du quartier qui promenait son chien qui a fait la macabre d\u00e9couverte. Une douille a \u00e9t\u00e9 retrouv\u00e9e \u00e0 proximit\u00e9 du corps carbonis\u00e9, selon des sources concordantes \u00e0 BFMTV.<\/p>\n<p>Une enqu\u00eate a \u00e9t\u00e9 ouverte pour \u00ab\u00a0assassinat en bande organis\u00e9e et association de malfaiteurs\u00a0\u00bb. La division de la criminalit\u00e9 organis\u00e9e et sp\u00e9cialis\u00e9e a \u00e9t\u00e9 saisie, selon le parquet de Marseille \u00e0 BFMTV.<\/p>\n<p>Une d\u00e9couverte qui intervient alors que ce mercredi, dans la soir\u00e9e, un jeune homme de 18 ans, connu des services de police, avait \u00e9t\u00e9 abattu de quatre balles dans le dos pr\u00e8s de la gare Saint-Charles.<\/p>\n<p>\u00ab\u00a0\u00c0 ce stade, rien ne nous permet de faire un quelconque lien avec une autre affaire.\u00a0\u00bb, selon la pr\u00e9fecture de police des Bouches-du-Rh\u00f4ne.<\/p>\n<p>Partager <\/p>\n","protected":false},"excerpt":{"rendered":"Un corps carbonis\u00e9 a \u00e9t\u00e9 d\u00e9couvert, ce vendredi 28 novembre, dans le 14e arrondissement de Marseille. Selon les&hellip;\n","protected":false},"author":2,"featured_media":6695,"comment_status":"","ping_status":"","sticky":false,"template":"","format":"standard","meta":{"footnotes":""},"categories":[2814],"tags":[1111,11,1777,674,1011,27,884,12,882,25],"class_list":{"0":"post-566396","1":"post","2":"type-post","3":"status-publish","4":"format-standard","5":"has-post-thumbnail","7":"category-marseille","8":"tag-actu","9":"tag-actualites","10":"tag-eu","11":"tag-europe","12":"tag-fr","13":"tag-france","14":"tag-marseille","15":"tag-news","16":"tag-provence-alpes-cote-dazur","17":"tag-republique-francaise"},"share_on_mastodon":{"url":"https:\/\/pubeurope.com\/@fr\/115632400254232207","error":""},"_links":{"self":[{"href":"https:\/\/www.europesays.com\/fr\/wp-json\/wp\/v2\/posts\/566396","targetHints":{"allow":["GET"]}}],"collection":[{"href":"https:\/\/www.europesays.com\/fr\/wp-json\/wp\/v2\/posts"}],"about":[{"href":"https:\/\/www.europesays.com\/fr\/wp-json\/wp\/v2\/types\/post"}],"author":[{"embeddable":true,"href":"https:\/\/www.europesays.com\/fr\/wp-json\/wp\/v2\/users\/2"}],"replies":[{"embeddable":true,"href":"https:\/\/www.europesays.com\/fr\/wp-json\/wp\/v2\/comments?post=566396"}],"version-history":[{"count":0,"href":"https:\/\/www.europesays.com\/fr\/wp-json\/wp\/v2\/posts\/566396\/revisions"}],"wp:featuredmedia":[{"embeddable":true,"href":"https:\/\/www.europesays.com\/fr\/wp-json\/wp\/v2\/media\/6695"}],"wp:attachment":[{"href":"https:\/\/www.europesays.com\/fr\/wp-json\/wp\/v2\/media?parent=566396"}],"wp:term":[{"taxonomy":"category","embeddable":true,"href":"https:\/\/www.europesays.com\/fr\/wp-json\/wp\/v2\/categories?post=566396"},{"taxonomy":"post_tag","embeddable":true,"href":"https:\/\/www.europesays.com\/fr\/wp-json\/wp\/v2\/tags?post=566396"}],"curies":[{"name":"wp","href":"https:\/\/api.w.org\/{rel}","templated":true}]}}