{"id":566399,"date":"2025-11-29T10:00:29","date_gmt":"2025-11-29T10:00:29","guid":{"rendered":"https:\/\/www.europesays.com\/fr\/566399\/"},"modified":"2025-11-29T10:00:29","modified_gmt":"2025-11-29T10:00:29","slug":"un-ex-operateur-du-samu-juge-a-partir-de-lundi-pour-de-multiples-viols-et-agressions-sexuelles","status":"publish","type":"post","link":"https:\/\/www.europesays.com\/fr\/566399\/","title":{"rendered":"un ex-op\u00e9rateur du Samu jug\u00e9 \u00e0 partir de lundi pour de multiples viols et agressions sexuelles"},"content":{"rendered":"<p>\n    L\u2019homme, \u00e2g\u00e9 de 60 ans, est accus\u00e9 de s\u2019en \u00eatre pris \u00e0 plusieurs dizaines de victimes, dont des mineurs, pendant de longues ann\u00e9es. Une quinzaine de personnes se sont constitu\u00e9es parties civiles pour le proc\u00e8s pr\u00e9vu jusqu\u2019au 12 d\u00e9cembre devant la cour criminelle d\u00e9partementale.<\/p>\n<p class=\"fig-paragraph\">Il a cibl\u00e9 pendant des ann\u00e9es des jeunes vuln\u00e9rables. Un sexag\u00e9naire, ancien op\u00e9rateur du Samu et ex-b\u00e9n\u00e9vole \u00e0 la\u00a0<a href=\"http:\/\/www.lefigaro.fr\/international\/la-croix-rouge-annonce-une-reduction-de-17-son-budget-2900-postes-supprimes-20251121\" target=\"_blank\" data-fig-type=\"NewsFlash\" rel=\"noopener\" data-gtm-custom-categorie=\"navigation\" data-gtm-custom-action=\"crossclick\" data-gtm-custom-label=\"Contextuel\" data-gtm-event=\"customEventSPE\" data-fig-domain=\"LEFIGARO\">Croix-Rouge<\/a>, est jug\u00e9 \u00e0 partir de lundi devant la cour criminelle du Rh\u00f4ne pour viols, tentatives de viol et agressions sexuelles aggrav\u00e9s. L&rsquo;homme, aujourd&rsquo;hui \u00e2g\u00e9 de 60 ans, est accus\u00e9 de s&rsquo;en \u00eatre pris \u00e0 plusieurs dizaines de victimes, dont des mineurs, pendant de longues ann\u00e9es.<\/p>\n<p class=\"fig-paragraph\">\u00c0 Lyon, une quinzaine de personnes se sont constitu\u00e9es parties civiles pour le proc\u00e8s pr\u00e9vu jusqu&rsquo;au 12 d\u00e9cembre devant la cour criminelle d\u00e9partementale, c&rsquo;est-\u00e0-dire jug\u00e9 par des magistrats professionnels. Certains faits sont prescrits, et plus d&rsquo;une vingtaine de personnes doivent t\u00e9moigner. Un huis clos, m\u00eame partiel, pourrait \u00eatre instaur\u00e9 pour le proc\u00e8s, selon plusieurs sources judiciaires.<\/p>\n<p>                                            <a class=\"fig-a11y-skip\" href=\"#fig-a11y-skip-main-inarticle\" data-module=\"a11y-skip\" data-context=\"was @visible\"><br \/>\n    Passer la publicit\u00e9<br \/>\n<\/a>            <\/p>\n<p class=\"fig-paragraph\">\u00abOn ne sait pas combien il aurait fait de victimes\u00bb, explique Me Jean Sannier, qui repr\u00e9sente huit victimes et l&rsquo;association Innocence en danger, qui se sont port\u00e9es partie civile. \u00abC&rsquo;est malheureusement la loi en mati\u00e8re de p\u00e9docriminalit\u00e9, les affaires sont parfois d\u00e9voil\u00e9es des ann\u00e9es apr\u00e8s, mais d&rsquo;autres ont \u00e9t\u00e9 identifi\u00e9es comme \u00e9tant ant\u00e9rieures, et malheureusement la loi fran\u00e7aise consid\u00e8re que dans ces hypoth\u00e8ses-l\u00e0, le crime reste impuni\u00bb, a-t-il regrett\u00e9. Les avocats de la d\u00e9fense n&rsquo;ont pas souhait\u00e9 s&rsquo;exprimer avant le proc\u00e8s.<\/p>\n<p>                                            D\u00e9j\u00e0 plac\u00e9 en d\u00e9tention provisoire en 2021<\/p>\n<p class=\"fig-paragraph\">L&rsquo;accus\u00e9 a \u00e9t\u00e9 op\u00e9rateur au Samu de Lyon et b\u00e9n\u00e9vole \u00e0 la Croix-Rouge. Certains des faits qui lui sont reproch\u00e9s sont aggrav\u00e9s par l&rsquo;abus de l&rsquo;autorit\u00e9 conf\u00e9r\u00e9e par sa fonction. Il est suspect\u00e9 d&rsquo;avoir attir\u00e9 des mineurs \u00e0 son domicile, en jouant de son image rassurante de secouriste \u00e0 la Croix-Rouge. Me Sannier y voit \u00abun pr\u00e9dateur\u00bb, \u00aben chasse pendant 35 ans\u00bb. L&rsquo;accus\u00e9 avait \u00e9t\u00e9 interpell\u00e9 et plac\u00e9 en d\u00e9tention provisoire en juin 2021 dans le cadre de l&rsquo;instruction qui concernait alors plusieurs dizaines de faits d&rsquo;agressions ou de viols sur mineurs sur une p\u00e9riode de trente ans, de 1986 \u00e0 2016.<\/p>\n<p class=\"fig-paragraph\">Son interpellation \u00e9tait intervenue apr\u00e8s les accusations d&rsquo;un homme venu t\u00e9moigner en r\u00e9gion lyonnaise sur une tout autre affaire, une bagarre, et qui avait alors r\u00e9v\u00e9l\u00e9 aux gendarmes des faits subis dans sa jeunesse, lan\u00e7ant les investigations. \u00abIl trouvait des personnes en manque de rep\u00e8res familiaux\u00bb, explique l&rsquo;avocat d&rsquo;une autre victime, Me Gr\u00e9goire Deydier. L&rsquo;accus\u00e9 parvenait \u00e0 exercer une \u00abinfluence psychologique\u00bb sur les jeunes. \u00abC&rsquo;est quelqu&rsquo;un qui a une capacit\u00e9 \u00e0 imposer son autorit\u00e9\u00bb, selon Me Deydier.<\/p>\n<p>                                            Un carnet rempli de noms de victimes<\/p>\n<p class=\"fig-paragraph\">L&rsquo;avocat ne sait \u00abpas trop comment va se passer ce proc\u00e8s\u00bb. \u00abPour beaucoup (de victimes) cela risque d&rsquo;\u00eatre un exutoire, pour d&rsquo;autres \u00e7a risque d&rsquo;\u00eatre tr\u00e8s dur\u00bb, avance-t-il. \u00abIl y a toute la fragilit\u00e9 de ses jeunes proies, qui pour certains ont aujourd&rsquo;hui la quarantaine, et qui restent terriblement marqu\u00e9es par cet \u00e9pisode de viol qu&rsquo;ils ont subi alors qu&rsquo;ils \u00e9taient pr\u00e9pub\u00e8res ou adolescents, et qui aujourd&rsquo;hui continue \u00e0 les hanter\u00bb, souligne Me Sannier.<\/p>\n<p class=\"fig-paragraph\">Dans le cadre de l&rsquo;instruction de cette affaire, un juge lyonnais avait d\u00e9couvert que le pr\u00e9venu tenait un carnet avec de tr\u00e8s nombreux noms et coordonn\u00e9es de victimes corrompues sur le Net. Dans un dossier parall\u00e8le, le sexag\u00e9naire a \u00e9t\u00e9 condamn\u00e9 en 2023 \u00e0 un an de prison pour corruption de mineurs, qu&rsquo;il avait l&rsquo;habitude de rencontrer sur des sites et applications.<\/p>\n","protected":false},"excerpt":{"rendered":"L\u2019homme, \u00e2g\u00e9 de 60 ans, est accus\u00e9 de s\u2019en \u00eatre pris \u00e0 plusieurs dizaines de victimes, dont des&hellip;\n","protected":false},"author":2,"featured_media":566400,"comment_status":"","ping_status":"","sticky":false,"template":"","format":"standard","meta":{"footnotes":""},"categories":[1889],"tags":[1111,11,1267,2430,1777,674,1011,27,2428,12,25,14322,1265],"class_list":{"0":"post-566399","1":"post","2":"type-post","3":"status-publish","4":"format-standard","5":"has-post-thumbnail","7":"category-lyon","8":"tag-actu","9":"tag-actualites","10":"tag-agression-sexuelle","11":"tag-auvergne-rhone-alpes","12":"tag-eu","13":"tag-europe","14":"tag-fr","15":"tag-france","16":"tag-lyon","17":"tag-news","18":"tag-republique-francaise","19":"tag-samu","20":"tag-viol"},"share_on_mastodon":{"url":"https:\/\/pubeurope.com\/@fr\/115632408035662939","error":""},"_links":{"self":[{"href":"https:\/\/www.europesays.com\/fr\/wp-json\/wp\/v2\/posts\/566399","targetHints":{"allow":["GET"]}}],"collection":[{"href":"https:\/\/www.europesays.com\/fr\/wp-json\/wp\/v2\/posts"}],"about":[{"href":"https:\/\/www.europesays.com\/fr\/wp-json\/wp\/v2\/types\/post"}],"author":[{"embeddable":true,"href":"https:\/\/www.europesays.com\/fr\/wp-json\/wp\/v2\/users\/2"}],"replies":[{"embeddable":true,"href":"https:\/\/www.europesays.com\/fr\/wp-json\/wp\/v2\/comments?post=566399"}],"version-history":[{"count":0,"href":"https:\/\/www.europesays.com\/fr\/wp-json\/wp\/v2\/posts\/566399\/revisions"}],"wp:featuredmedia":[{"embeddable":true,"href":"https:\/\/www.europesays.com\/fr\/wp-json\/wp\/v2\/media\/566400"}],"wp:attachment":[{"href":"https:\/\/www.europesays.com\/fr\/wp-json\/wp\/v2\/media?parent=566399"}],"wp:term":[{"taxonomy":"category","embeddable":true,"href":"https:\/\/www.europesays.com\/fr\/wp-json\/wp\/v2\/categories?post=566399"},{"taxonomy":"post_tag","embeddable":true,"href":"https:\/\/www.europesays.com\/fr\/wp-json\/wp\/v2\/tags?post=566399"}],"curies":[{"name":"wp","href":"https:\/\/api.w.org\/{rel}","templated":true}]}}