{"id":566401,"date":"2025-11-29T10:03:15","date_gmt":"2025-11-29T10:03:15","guid":{"rendered":"https:\/\/www.europesays.com\/fr\/566401\/"},"modified":"2025-11-29T10:03:15","modified_gmt":"2025-11-29T10:03:15","slug":"focus-sur-la-region-ile-de-france","status":"publish","type":"post","link":"https:\/\/www.europesays.com\/fr\/566401\/","title":{"rendered":"Focus sur la r\u00e9gion \u00cele-de-France"},"content":{"rendered":"<p>Dans le n\u00b0 121 de B\u00e9ton[s] le Magazine, l&rsquo;actualit\u00e9, autour du mat\u00e9riau b\u00e9ton, en Ile-de-France, Hauts-de-France et Centre &#8211; Val de Loire est mise \u00e0 l&rsquo;honneur.<\/p>\n<p><a href=\"https:\/\/www.acpresse.fr\/produit\/betons-le-magazine-n121-novembre-decembre\/\" target=\"_blank\" rel=\"noreferrer noopener\"><strong>Article paru dans B\u00e9ton[s] le Magazine n\u00b0121<\/strong><\/a><\/p>\n<p><img fetchpriority=\"high\" decoding=\"async\" width=\"765\" height=\"510\" src=\"https:\/\/www.europesays.com\/fr\/wp-content\/uploads\/2025\/11\/ALB-Format-image-acpresse-Web-26.jpg\" alt=\"Vue sur Paris. [\u00a9ACPresse]\" class=\"wp-image-151515\"  \/>Vue sur Paris. [\u00a9ACPresse]<\/p>\n<p>Nombre d\u2019acteurs au rayonnement r\u00e9gional constituent le tissu de l\u2019activit\u00e9 du b\u00e9ton. Dans son n\u00b0 121, B\u00e9ton[s] le Magazine met \u00e0 l\u2019honneur les r\u00e9gions Ile-de-France, Hauts-de-France et Centre \u2013 Val de Loire. Au programme, actualit\u00e9s, interviews et reportages d\u00e9di\u00e9s aux acteurs r\u00e9gionaux de la construction et du b\u00e9ton. Les autres r\u00e9gions sont repr\u00e9sent\u00e9es, dans les pages \u201cEn r\u00e9gion\u201d classiques.<\/p>\n<p>D\u00e9couvrez notre nouvelle rubrique compl\u00e9mentaire \u201c<strong><a href=\"https:\/\/www.acpresse.fr\/fier-beton-ile-de-france-hauts-de-france-dom-tom\/\" target=\"_blank\" rel=\"noreferrer noopener\">Fier de mon b\u00e9ton !<\/a><\/strong>\u201d. <\/p>\n<p><strong>Mini-sommaire<\/strong><strong>Ile-de-France<\/strong><\/p>\n<p><strong>Ile-de-France \u2013 <a href=\"https:\/\/www.acpresse.fr\/ile-de-france-replis-sensibles-construction\/\" target=\"_blank\" rel=\"noreferrer noopener\">Replis sensibles dans la construction<\/a><\/strong><\/p>\n<p><strong>Seine-et-Marne<\/strong> <strong>\u2013 <a href=\"https:\/\/www.acpresse.fr\/des-escaliers-prefabriques-bas-carbone-pour-un-centre-culturel\/\" target=\"_blank\" rel=\"noreferrer noopener\">Des escaliers pr\u00e9fabriqu\u00e9s bas carbone pour un centre culturel<\/a><\/strong><\/p>\n<p><strong>Seine-Saint-Denis<\/strong> <strong>\u2013 <a href=\"https:\/\/www.acpresse.fr\/beton-vicat-ouvre-une-nouvelle-centrale-en-seine-saint-denis\/\" target=\"_blank\" rel=\"noreferrer noopener\">B\u00e9ton Vicat\u00a0ouvre une nouvelle centrale en Seine-Saint-Denis<\/a><\/strong> (Reportage Vid\u00e9o)<\/p>\n<p><strong>Val-d\u2019Oise<\/strong> <strong>\u2013 <a href=\"https:\/\/www.acpresse.fr\/lafarge-snrb-partenariat-beton-bas-carbone\/\" target=\"_blank\" rel=\"noreferrer noopener\">Lafarge et SNRB, un partenariat en b\u00e9ton \u201cbas carbone\u201d<\/a><\/strong><\/p>\n<p><strong>Hauts-de-France<\/strong><\/p>\n<p><strong>Nord<\/strong> <strong>\u2013 <a href=\"https:\/\/www.acpresse.fr\/flandres-beton-inaugure-sa-nouvelle-centrale\/\" target=\"_blank\" rel=\"noreferrer noopener\">Flandres B\u00e9ton inaugure sa nouvelle centrale<\/a><\/strong><\/p>\n<p><strong>Pas-de-Calais<\/strong> <strong>\u2013 <a href=\"https:\/\/www.acpresse.fr\/bouygues-batiment-industrie-modernise-cimenterie-eqiom\/\" target=\"_blank\" rel=\"noreferrer noopener\">Bouygues B\u00e2timent Industrie modernise la cimenterie Eqiom<\/a><\/strong><\/p>\n<p><strong>Centre \u2013 Val de Loire<\/strong><\/p>\n<p><strong>Indre-et-Loire \u2013 <a href=\"https:\/\/www.acpresse.fr\/colas-renforce-la-securite-du-viaduc-de-la-loire\/\" target=\"_blank\" rel=\"noreferrer noopener\">Colas renforce la s\u00e9curit\u00e9 du viaduc de la Loire<\/a><\/strong><\/p>\n<p><strong>Autres en r\u00e9gions<\/strong><\/p>\n<p><strong>Corr\u00e8ze \u2013 <a href=\"https:\/\/www.acpresse.fr\/pont-miniature-signe-perigord-prefa\/\" target=\"_blank\" rel=\"noreferrer noopener\">Un pont miniature sign\u00e9 P\u00e9rigord Pr\u00e9fa<\/a><\/strong><\/p>\n<p><strong>Ille-et-Vilaine \u2013 <a href=\"https:\/\/www.acpresse.fr\/le-groupe-pigeon-inaugure-geomur\/\" target=\"_blank\" rel=\"noreferrer noopener\">Le Groupe Pigeon inaugure G\u00e9omur<\/a><\/strong><\/p>\n<p><strong>Meurthe-et-Moselle \u2013 <a href=\"https:\/\/www.acpresse.fr\/kronimus-au-service-du-site-thermal-de-nancy\/\" target=\"_blank\" rel=\"noreferrer noopener\">Kronimus au service du site thermal de Nancy<\/a><\/strong><\/p>\n<p><strong>Haut-Rhin<\/strong> <strong>\u2013 <a href=\"https:\/\/www.acpresse.fr\/un-nouvel-acteur-pour-batir-en-toute-confiance\/\" target=\"_blank\" rel=\"noreferrer noopener\">L\u2019occasion, vue par Trait d\u2019Union<\/a><\/strong><\/p>\n<p><strong>Rh\u00f4ne<\/strong> <strong>\u2013 <a href=\"https:\/\/www.acpresse.fr\/un-nouveau-skatepark-xxl-grace-a-lexpertise-de-cemex\/\" target=\"_blank\" rel=\"noreferrer noopener\">Un nouveau skatepark XXL port\u00e9 par Cemex<\/a><\/strong><\/p>\n<p><a href=\"https:\/\/www.acpresse.fr\/produit\/betons-le-magazine-n121-novembre-decembre\/\" target=\"_blank\" rel=\"noreferrer noopener\"><strong>Article paru dans B\u00e9ton[s] le Magazine n\u00b0121<\/strong><\/a><\/p>\n<p>Suivez-nous sur\u00a0<a href=\"https:\/\/linkin.bio\/acpresse\" target=\"_blank\" rel=\"noreferrer noopener\"><strong>tous nos r\u00e9seaux sociaux\u00a0!<\/strong><\/a><\/p>\n","protected":false},"excerpt":{"rendered":"Dans le n\u00b0 121 de B\u00e9ton[s] le Magazine, l&rsquo;actualit\u00e9, autour du mat\u00e9riau b\u00e9ton, en Ile-de-France, Hauts-de-France et Centre&hellip;\n","protected":false},"author":2,"featured_media":566402,"comment_status":"","ping_status":"","sticky":false,"template":"","format":"standard","meta":{"footnotes":""},"categories":[1592],"tags":[1111,11,1777,674,1011,27,662,12,626,25],"class_list":{"0":"post-566401","1":"post","2":"type-post","3":"status-publish","4":"format-standard","5":"has-post-thumbnail","7":"category-ile-de-france","8":"tag-actu","9":"tag-actualites","10":"tag-eu","11":"tag-europe","12":"tag-fr","13":"tag-france","14":"tag-ile-de-france","15":"tag-news","16":"tag-paris","17":"tag-republique-francaise"},"share_on_mastodon":{"url":"https:\/\/pubeurope.com\/@fr\/115632421302185735","error":""},"_links":{"self":[{"href":"https:\/\/www.europesays.com\/fr\/wp-json\/wp\/v2\/posts\/566401","targetHints":{"allow":["GET"]}}],"collection":[{"href":"https:\/\/www.europesays.com\/fr\/wp-json\/wp\/v2\/posts"}],"about":[{"href":"https:\/\/www.europesays.com\/fr\/wp-json\/wp\/v2\/types\/post"}],"author":[{"embeddable":true,"href":"https:\/\/www.europesays.com\/fr\/wp-json\/wp\/v2\/users\/2"}],"replies":[{"embeddable":true,"href":"https:\/\/www.europesays.com\/fr\/wp-json\/wp\/v2\/comments?post=566401"}],"version-history":[{"count":0,"href":"https:\/\/www.europesays.com\/fr\/wp-json\/wp\/v2\/posts\/566401\/revisions"}],"wp:featuredmedia":[{"embeddable":true,"href":"https:\/\/www.europesays.com\/fr\/wp-json\/wp\/v2\/media\/566402"}],"wp:attachment":[{"href":"https:\/\/www.europesays.com\/fr\/wp-json\/wp\/v2\/media?parent=566401"}],"wp:term":[{"taxonomy":"category","embeddable":true,"href":"https:\/\/www.europesays.com\/fr\/wp-json\/wp\/v2\/categories?post=566401"},{"taxonomy":"post_tag","embeddable":true,"href":"https:\/\/www.europesays.com\/fr\/wp-json\/wp\/v2\/tags?post=566401"}],"curies":[{"name":"wp","href":"https:\/\/api.w.org\/{rel}","templated":true}]}}