{"id":566405,"date":"2025-11-29T10:05:20","date_gmt":"2025-11-29T10:05:20","guid":{"rendered":"https:\/\/www.europesays.com\/fr\/566405\/"},"modified":"2025-11-29T10:05:20","modified_gmt":"2025-11-29T10:05:20","slug":"lattaque-russe-a-kiev-a-fait-trois-morts-et-des-dizaines-de-blesses-selon-volodymyr-zelensky","status":"publish","type":"post","link":"https:\/\/www.europesays.com\/fr\/566405\/","title":{"rendered":"l\u2019attaque russe \u00e0 Kiev a fait trois morts et \u00ab\u00a0des dizaines\u00a0\u00bb de bless\u00e9s, selon Volodymyr Zelensky"},"content":{"rendered":"<p>   Le \u00ab\u00a0Kairos\u00a0\u00bb et le \u00ab\u00a0Virat\u00a0\u00bb, deux p\u00e9troliers de la flotte fant\u00f4me russe, victimes d\u2019explosions en mer Noire               <img decoding=\"async\" class=\"post__live-container--img post__space-node\"  src=\"https:\/\/www.europesays.com\/fr\/wp-content\/uploads\/2025\/11\/b6b749b_ftp-import-images-1-6zeq6kfyup1p-2025-11-28t200623z-630048126-rc2v5iazsf1l-rtrmadp-3-turkey-.jpeg\" data- alt=\"Un p\u00e9trolier de la flotte fant\u00f4me russe \u00e0 la suite d\u2019une explosion en mer Noire, le 28\u00a0novembre\u00a02025.\"\/>   Un p\u00e9trolier de la flotte fant\u00f4me russe \u00e0 la suite d\u2019une explosion en mer Noire, le 28\u00a0novembre\u00a02025. DIRECTION G\u00c9N\u00c9RALE TURQUE DES AFFAIRES MARITIMES\/VIA REUTERS               <\/p>\n<p class=\"post__live-container--answer-text post__space-node\">Selon l\u2019agence maritime Tribeca, le <a href=\"https:\/\/www.vesselfinder.com\/fr\/vessels\/details\/9236004\" target=\"_blank\" rel=\"noopener\" title=\"Nouvelle fen\u00eatre\">Kairos<\/a>, p\u00e9trolier battant pavillon gambien appartenant \u00e0 la flotte fant\u00f4me russe, qui fait\u00a0l\u2019objet de sanctions, a probablement heurt\u00e9 une mine, en mer Noire, pr\u00e8s du d\u00e9troit du Bosphore. L\u2019agence ajoute qu\u2019il pourrait couler.<\/p>\n<p class=\"post__live-container--answer-text post__space-node\">Le Kairos, un tanker de 274 m\u00e8tres de long, a \u00e9t\u00e9 frapp\u00e9 par un impact \u00ab\u00a0externe\u00a0\u00bb alors qu\u2019il faisait route vers le port russe de Novorossiisk, en provenance d\u2019Egypte, ont d\u00e9clar\u00e9 le minist\u00e8re des transports turc et la direction des affaires maritimes de Turquie.<\/p>\n<p class=\"post__live-container--answer-text post__space-node\">Des remorqueurs de secours ainsi que les garde-c\u00f4tes ont \u00e9t\u00e9 d\u00e9p\u00each\u00e9s sur place. L\u2019explosion a provoqu\u00e9 un incendie dans la salle des machines du Kairos, et les secouristes turcs ont lanc\u00e9 une op\u00e9ration pour \u00e9vacuer les 25 membres d\u2019\u00e9quipage \u00e0 bord.<\/p>\n<p class=\"post__live-container--answer-text post__space-node\">Une source a indiqu\u00e9 \u00e0 <a href=\"https:\/\/www.reuters.com\/world\/tanker-hit-by-blast-fire-north-turkeys-bosphorus-strait-agency-says-2025-11-28\/\" target=\"_blank\" rel=\"noopener\" title=\"Nouvelle fen\u00eatre\">Reuters<\/a> qu\u2019un autre p\u00e9trolier, le <a href=\"https:\/\/www.vesselfinder.com\/fr\/vessels\/details\/9832559\" target=\"_blank\" rel=\"noopener\" title=\"Nouvelle fen\u00eatre\">Virat<\/a> [<a href=\"https:\/\/www.marinetraffic.com\/fr\/ais\/details\/ships\/shipid:5626207\" target=\"_blank\" rel=\"noopener\" title=\"Nouvelle fen\u00eatre\">\ud83d\udea9<\/a>], qui navigue \u00e9galement sous pavillon gambien, li\u00e9 \u00e0 la flotte fant\u00f4me russe et <a href=\"https:\/\/www.opensanctions.org\/entities\/NK-iWM7B5csioPaF5oiviZ9T8\/\" target=\"_blank\" rel=\"noopener\" title=\"Nouvelle fen\u00eatre\">plac\u00e9 sous sanctions<\/a>, a \u00e9galement \u00e9t\u00e9 victime d\u2019une explosion, \u00e0 35\u00a0milles nautiques au large des c\u00f4tes turques, plus \u00e0 l\u2019est en mer Noire. Des op\u00e9rations de secours ont \u00e9t\u00e9 lanc\u00e9es pour r\u00e9cup\u00e9rer les \u00e9quipages \u00e0 bord, ont rapport\u00e9 les autorit\u00e9s turques.<\/p>\n<p class=\"post__live-container--answer-text post__space-node\">Les autorit\u00e9s turques n\u2019ont pas pr\u00e9cis\u00e9 quelles sont les causes de ces sinistres. Mais de nombreuses mines flottantes ont \u00e9t\u00e9 localis\u00e9es et d\u00e9truites en mer Noire depuis le d\u00e9but de l\u2019invasion russe de l\u2019Ukraine, en f\u00e9vrier\u00a02022. Ces charges, dispos\u00e9es par les bellig\u00e9rants pour prot\u00e9ger leurs c\u00f4tes, ont d\u00e9riv\u00e9 ces derni\u00e8res ann\u00e9es sous l\u2019effet notamment des temp\u00eates.<\/p>\n<p class=\"post__live-container--answer-text post__space-node\">Face \u00e0 ce danger, la Turquie, la Bulgarie et la Roumanie, trois pays membres de l\u2019OTAN riverains de la mer Noire, ont mis en place en\u00a02024 un groupe naval de lutte contre les mines en mer Noire (MCM Black Sea).<\/p>\n","protected":false},"excerpt":{"rendered":"Le \u00ab\u00a0Kairos\u00a0\u00bb et le \u00ab\u00a0Virat\u00a0\u00bb, deux p\u00e9troliers de la flotte fant\u00f4me russe, victimes d\u2019explosions en mer Noire Un&hellip;\n","protected":false},"author":2,"featured_media":566406,"comment_status":"","ping_status":"","sticky":false,"template":"","format":"standard","meta":{"footnotes":""},"categories":[1888],"tags":[1111,1928,11,1927,1777,674,1011,27,12,1926,626,1925,25],"class_list":{"0":"post-566405","1":"post","2":"type-post","3":"status-publish","4":"format-standard","5":"has-post-thumbnail","7":"category-paris","8":"tag-actu","9":"tag-actu-paris","10":"tag-actualites","11":"tag-actualites-paris","12":"tag-eu","13":"tag-europe","14":"tag-fr","15":"tag-france","16":"tag-news","17":"tag-news-paris","18":"tag-paris","19":"tag-paris-news","20":"tag-republique-francaise"},"share_on_mastodon":{"url":"https:\/\/pubeurope.com\/@fr\/115632427935215310","error":""},"_links":{"self":[{"href":"https:\/\/www.europesays.com\/fr\/wp-json\/wp\/v2\/posts\/566405","targetHints":{"allow":["GET"]}}],"collection":[{"href":"https:\/\/www.europesays.com\/fr\/wp-json\/wp\/v2\/posts"}],"about":[{"href":"https:\/\/www.europesays.com\/fr\/wp-json\/wp\/v2\/types\/post"}],"author":[{"embeddable":true,"href":"https:\/\/www.europesays.com\/fr\/wp-json\/wp\/v2\/users\/2"}],"replies":[{"embeddable":true,"href":"https:\/\/www.europesays.com\/fr\/wp-json\/wp\/v2\/comments?post=566405"}],"version-history":[{"count":0,"href":"https:\/\/www.europesays.com\/fr\/wp-json\/wp\/v2\/posts\/566405\/revisions"}],"wp:featuredmedia":[{"embeddable":true,"href":"https:\/\/www.europesays.com\/fr\/wp-json\/wp\/v2\/media\/566406"}],"wp:attachment":[{"href":"https:\/\/www.europesays.com\/fr\/wp-json\/wp\/v2\/media?parent=566405"}],"wp:term":[{"taxonomy":"category","embeddable":true,"href":"https:\/\/www.europesays.com\/fr\/wp-json\/wp\/v2\/categories?post=566405"},{"taxonomy":"post_tag","embeddable":true,"href":"https:\/\/www.europesays.com\/fr\/wp-json\/wp\/v2\/tags?post=566405"}],"curies":[{"name":"wp","href":"https:\/\/api.w.org\/{rel}","templated":true}]}}