{"id":566437,"date":"2025-11-29T10:23:14","date_gmt":"2025-11-29T10:23:14","guid":{"rendered":"https:\/\/www.europesays.com\/fr\/566437\/"},"modified":"2025-11-29T10:23:14","modified_gmt":"2025-11-29T10:23:14","slug":"atp-olivier-delaitre-premier-coach-de-monfils-gael-adorait-glisser-mais-surtout-glisser-dans-ses-chaussures-du-coup-il-prenait-une-pointure-en-plus-de-sa-vraie-taille-je-lui-ai-tres-vite-expl","status":"publish","type":"post","link":"https:\/\/www.europesays.com\/fr\/566437\/","title":{"rendered":"ATP > Olivier Delaitre, premier coach de Monfils : \u00ab\u00a0Ga\u00ebl adorait glisser mais surtout glisser dans ses chaussures. Du coup, il prenait une pointure en plus de sa vraie taille, je lui ai tr\u00e8s vite expliqu\u00e9 qu&rsquo;une chaussure \u00e9tait l\u00e0 pour bien maintenir le pied et pas l&rsquo;inverse\u00a0\u00bb"},"content":{"rendered":"<p>Dans le num\u00e9ro 91 du maga\u00adzine We Love Tennis, nous avons d\u00e9cid\u00e9 de rendre hommage \u00e0 Ga\u00ebl Monfils en allant inter\u00adrog\u00e9 plusieurs t\u00e9moins. Le casting est plut\u00f4t complet avec Marion Bartoli, St\u00e9phane Robert, Olivier Delaitre, et Philippe Weiss, Carole Bouchard. L\u2019id\u00e9e \u00e9tait de comprendre la \u00ab\u202fMonf\u202f\u00bb. Et l\u2019anec\u00addote r\u00e9v\u00e9l\u00e9e par Olivier en dit long concer\u00adnant le chan\u00adtier qu\u2019il fallait r\u00e9alis\u00e9 au d\u00e9but de la carri\u00e8re du fran\u00e7ais.<\/p>\n<p><img fetchpriority=\"high\" decoding=\"async\" width=\"740\" height=\"1024\" src=\"https:\/\/www.welovetennis.fr\/wp-content\/uploads\/2025\/11\/N\u00b091.jpg\" alt=\"\" class=\"wp-image-573960\"  \/>Screenshot<\/p>\n<p>\u00ab\u202f<strong>C\u2019est vrai qu\u2019il y avait un vrai chan\u00adtier tactique et aussi tech\u00adnique. D\u00e9j\u00e0, Ga\u00ebl adorait glisser mais surtout glisser dans ses chaus\u00adsures. Du coup, il prenait une poin\u00adture en plus de sa vraie taille. Je trou\u00advais \u00e7a hallu\u00adci\u00adnant donc je lui ai tr\u00e8s vite expliqu\u00e9 qu\u2019une chaus\u00adsure \u00e9tait l\u00e0 pour bien main\u00adtenir le pied et pas l\u2019in\u00adverse<\/strong>. <strong>Je me souvient aussi que la premi\u00e8re fois que je l\u2019ai rencontr\u00e9 je m\u2019en souviens comme si c\u2019\u00e9tait hier. Je lui ai tout de suite demand\u00e9 quelle \u00e9tait son ambi\u00adtion. Sa r\u00e9ponse a \u00e9t\u00e9 \u00e0 l\u2019image du person\u00adnage\u00a0: \u00ab\u202fJe vais \u00eatre tr\u00e8s tr\u00e8s\u00a0fort\u202f\u00bb<\/strong><\/p>\n<p class=\"post-published-date\" style=\"color: silver; font-size: 75%; text-align: left;\">Publi\u00e9 le samedi 29 novembre 2025 \u00e0 08:20<\/p>\n","protected":false},"excerpt":{"rendered":"Dans le num\u00e9ro 91 du maga\u00adzine We Love Tennis, nous avons d\u00e9cid\u00e9 de rendre hommage \u00e0 Ga\u00ebl Monfils&hellip;\n","protected":false},"author":2,"featured_media":132901,"comment_status":"","ping_status":"","sticky":false,"template":"","format":"standard","meta":{"footnotes":""},"categories":[1415],"tags":[41635,1011,27,3770,60,1467],"class_list":{"0":"post-566437","1":"post","2":"type-post","3":"status-publish","4":"format-standard","5":"has-post-thumbnail","7":"category-tennis","8":"tag-bouchard","9":"tag-fr","10":"tag-france","11":"tag-monfils","12":"tag-sports","13":"tag-tennis"},"share_on_mastodon":{"url":"https:\/\/pubeurope.com\/@fr\/115632499313824183","error":""},"_links":{"self":[{"href":"https:\/\/www.europesays.com\/fr\/wp-json\/wp\/v2\/posts\/566437","targetHints":{"allow":["GET"]}}],"collection":[{"href":"https:\/\/www.europesays.com\/fr\/wp-json\/wp\/v2\/posts"}],"about":[{"href":"https:\/\/www.europesays.com\/fr\/wp-json\/wp\/v2\/types\/post"}],"author":[{"embeddable":true,"href":"https:\/\/www.europesays.com\/fr\/wp-json\/wp\/v2\/users\/2"}],"replies":[{"embeddable":true,"href":"https:\/\/www.europesays.com\/fr\/wp-json\/wp\/v2\/comments?post=566437"}],"version-history":[{"count":0,"href":"https:\/\/www.europesays.com\/fr\/wp-json\/wp\/v2\/posts\/566437\/revisions"}],"wp:featuredmedia":[{"embeddable":true,"href":"https:\/\/www.europesays.com\/fr\/wp-json\/wp\/v2\/media\/132901"}],"wp:attachment":[{"href":"https:\/\/www.europesays.com\/fr\/wp-json\/wp\/v2\/media?parent=566437"}],"wp:term":[{"taxonomy":"category","embeddable":true,"href":"https:\/\/www.europesays.com\/fr\/wp-json\/wp\/v2\/categories?post=566437"},{"taxonomy":"post_tag","embeddable":true,"href":"https:\/\/www.europesays.com\/fr\/wp-json\/wp\/v2\/tags?post=566437"}],"curies":[{"name":"wp","href":"https:\/\/api.w.org\/{rel}","templated":true}]}}