{"id":566442,"date":"2025-11-29T10:29:14","date_gmt":"2025-11-29T10:29:14","guid":{"rendered":"https:\/\/www.europesays.com\/fr\/566442\/"},"modified":"2025-11-29T10:29:14","modified_gmt":"2025-11-29T10:29:14","slug":"romane-bohringer-traitee-de-memere-apres-un-tapis-rouge-comment-elle-a-perdu-6-kilos-en-4-semaines","status":"publish","type":"post","link":"https:\/\/www.europesays.com\/fr\/566442\/","title":{"rendered":"Romane Bohringer trait\u00e9e de \u00ab\u00a0m\u00e9m\u00e8re\u00a0\u00bb apr\u00e8s un tapis rouge : comment elle a perdu 6 kilos en 4 semaines"},"content":{"rendered":"<p>      R\u00e9sum\u00e9<\/p>\n<p>Romane Bohringer revient sur son parcours personnel et les critiques re\u00e7ues lors du festival de Cannes, tout en d\u00e9voilant les efforts qu\u2019elle a faits pour se sentir bien dans son corps.<\/p>\n<p>        Sommaire<\/p>\n<p>C&rsquo;est un t\u00e9moignage de vie bouleversant qu&rsquo;a accord\u00e9 Romane Bohringer \u00e0 Ariane Massenet pour le m\u00e9dia Mesdames. Ce mercredi 3 d\u00e9cembre sort en salles <strong>le film biographique de l&rsquo;actrice<\/strong>, Dites-lui que je l&rsquo;aime, adapt\u00e9 du r\u00e9cit \u00e9ponyme de Cl\u00e9mentine Autain paru six ans plus t\u00f4t. Dans celui-ci, la femme politique fait le portrait de sa maman, <strong>l&rsquo;actrice Dominique Raffin<\/strong>, <a href=\"https:\/\/vsd.fr\/531-clementine-autain\/\" target=\"_blank\" rel=\"noopener\">morte lorsqu&rsquo;elle n&rsquo;avait que onze ans<\/a>. Une \u0153uvre qui a donn\u00e9 une id\u00e9e \u00e0 Romane Bohringer, qui a elle-m\u00eame v\u00e9cu un drame similaire puisque <strong>sa maman l&rsquo;a abandonn\u00e9e \u00e0 son p\u00e8re<\/strong>, Richard Bohringer, lorsqu&rsquo;elle avait neuf mois.<\/p>\n<p>Dans ce film biographique, Romane Bohringer et Cl\u00e9mentine Autain jouent leurs propres r\u00f4les. Elles mettent en images leurs vies parall\u00e8les, <strong>et se confient \u00e0 l&rsquo;autre sur les tourments qui les ont habit\u00e9es<\/strong>, et les forces qu&rsquo;elles ont depuis acquises. Un film tr\u00e8s \u00e9mouvant, qui avait \u00e9t\u00e9 pr\u00e9sent\u00e9 au festival de Cannes en mai dernier, <strong>lors de la section des S\u00e9ances sp\u00e9ciales<\/strong>. Mais tout ne s&rsquo;\u00e9tait pas pass\u00e9 comme pr\u00e9vu pour l&rsquo;actrice\u2026<\/p>\n<p>En effet, interrog\u00e9e par Ariane Massenet, Romane Bohringer a r\u00e9v\u00e9l\u00e9 <a href=\"https:\/\/www.public.fr\/elle-a-pris-au-moins-30-kilos-romane-bohringer-repond-aux-critiques-apres-son-apparition-a-cannes-2025\" target=\"_blank\" rel=\"noopener\">avoir souffert de sexisme et d&rsquo;\u00e2gisme sur le tapis rouge<\/a>. Des critiques qui ne sont pas arriv\u00e9es au bon moment pour la r\u00e9alisatrice, mais qui a d\u00fb les encaisser n\u00e9anmoins : \u00ab\u00a0<strong>On m&rsquo;a trait\u00e9e de m\u00e9m\u00e8re. Sur le coup, pour te dire la v\u00e9rit\u00e9, au r\u00e9veil, j&rsquo;\u00e9tais un peu vex\u00e9e<\/strong>. C&rsquo;\u00e9tait le jour de la f\u00eate des m\u00e8res\u00a0\u00bb. Sur Instagram, elle avait tent\u00e9 d&rsquo;y r\u00e9pondre avec humour, en postant : \u00ab\u00a0Bonne f\u00eate des m\u00e9m\u00e8res\u00a0\u00bb.<\/p>\n<p>Romane Bohringer pr\u00e9f\u00e8re en rire<\/p>\n<p>Pourtant, Romane Bohringer avait tout mis en \u0153uvre pour \u00eatre la plus radieuse possible sur le tapis rouge. La quinquag\u00e9naire, qui subit de plein fouet la m\u00e9nopause depuis quelques mois, \u00e9tait partie voir une nutritionniste <strong>pour perdre un maximum de kilos avant Cannes<\/strong>. Elle y \u00e9tait d&rsquo;ailleurs arriv\u00e9e&#8230; Mais ce r\u00e9gime n&rsquo;a visiblement pas suffi \u00e0 faire taire les haineux : \u00ab\u00a0J&rsquo;ai fait \u00e7a pendant quatre semaines, et j&rsquo;ai perdu cinq-six kilos. Donc quand j&rsquo;ai vu les trucs, je me suis dit : Qu&rsquo;est-ce qu&rsquo;ils auraient dit il y a quatre semaines\u00a0\u00bb souligne-t-elle avec humour.<\/p>\n<p>Dans les commentaires, Romane Bohringer fait l&rsquo;unanimit\u00e9. L&rsquo;actrice peut compter sur le soutien de son amie <strong>Shirley Bousquet<\/strong>, comme sur celui de ses fans.<strong> \u00ab\u00a0\u00c7a fait 30 ans que j&rsquo;ai envie d&rsquo;\u00eatre sa pote en fait\u00a0\u00bb <\/strong>rit une fan, rejointe par une autre : \u00ab\u00a0Mais qu&rsquo;on nous foute la paix ! Romane, vous \u00eates parfaite\u00a0\u00bb. Ce mercredi, le film retra\u00e7ant l&rsquo;enfance difficile qu&rsquo;elle a v\u00e9cue, <strong>an\u00e9antie \u00e0 14 ans par la mort de cette maman<\/strong> <a href=\"https:\/\/www.public.fr\/romane-bohringer-abandonnee-a-9-mois-par-une-mere-toxique-et-incomplete-l-actrice-se-confie-comme-rarement-sur-leur-relation\" target=\"_blank\" rel=\"noopener\">qui l&rsquo;a abandonn\u00e9e et qu&rsquo;elle n&rsquo;a jamais connue<\/a>, sort enfin. Et on lui souhaite tout le succ\u00e8s qu&rsquo;il m\u00e9rite !<\/p>\n<p>\n          Hits &amp; People en continu\n        <\/p>\n<p>\n          Public Radio\n        <\/p>\n<p>      Mentionn\u00e9s dans cet article<\/p>\n<p>      Sur le m\u00eame sujet<\/p>\n","protected":false},"excerpt":{"rendered":"R\u00e9sum\u00e9 Romane Bohringer revient sur son parcours personnel et les critiques re\u00e7ues lors du festival de Cannes, tout&hellip;\n","protected":false},"author":2,"featured_media":566443,"comment_status":"","ping_status":"","sticky":false,"template":"","format":"standard","meta":{"footnotes":""},"categories":[1359],"tags":[68186,58,59,1011,27,973,19538,25488,3667],"class_list":{"0":"post-566442","1":"post","2":"type-post","3":"status-publish","4":"format-standard","5":"has-post-thumbnail","7":"category-people","8":"tag-ariane-massenet","9":"tag-divertissement","10":"tag-entertainment","11":"tag-fr","12":"tag-france","13":"tag-people","14":"tag-prise-de-poids","15":"tag-romane-bohringer","16":"tag-sexisme"},"share_on_mastodon":{"url":"https:\/\/pubeurope.com\/@fr\/115632522198853531","error":""},"_links":{"self":[{"href":"https:\/\/www.europesays.com\/fr\/wp-json\/wp\/v2\/posts\/566442","targetHints":{"allow":["GET"]}}],"collection":[{"href":"https:\/\/www.europesays.com\/fr\/wp-json\/wp\/v2\/posts"}],"about":[{"href":"https:\/\/www.europesays.com\/fr\/wp-json\/wp\/v2\/types\/post"}],"author":[{"embeddable":true,"href":"https:\/\/www.europesays.com\/fr\/wp-json\/wp\/v2\/users\/2"}],"replies":[{"embeddable":true,"href":"https:\/\/www.europesays.com\/fr\/wp-json\/wp\/v2\/comments?post=566442"}],"version-history":[{"count":0,"href":"https:\/\/www.europesays.com\/fr\/wp-json\/wp\/v2\/posts\/566442\/revisions"}],"wp:featuredmedia":[{"embeddable":true,"href":"https:\/\/www.europesays.com\/fr\/wp-json\/wp\/v2\/media\/566443"}],"wp:attachment":[{"href":"https:\/\/www.europesays.com\/fr\/wp-json\/wp\/v2\/media?parent=566442"}],"wp:term":[{"taxonomy":"category","embeddable":true,"href":"https:\/\/www.europesays.com\/fr\/wp-json\/wp\/v2\/categories?post=566442"},{"taxonomy":"post_tag","embeddable":true,"href":"https:\/\/www.europesays.com\/fr\/wp-json\/wp\/v2\/tags?post=566442"}],"curies":[{"name":"wp","href":"https:\/\/api.w.org\/{rel}","templated":true}]}}