{"id":566444,"date":"2025-11-29T10:30:15","date_gmt":"2025-11-29T10:30:15","guid":{"rendered":"https:\/\/www.europesays.com\/fr\/566444\/"},"modified":"2025-11-29T10:30:15","modified_gmt":"2025-11-29T10:30:15","slug":"si-je-veux-photographier-une-panthere-jessaie-detre-moi-meme-panthere","status":"publish","type":"post","link":"https:\/\/www.europesays.com\/fr\/566444\/","title":{"rendered":"\u00ab\u00a0Si je veux photographier une panth\u00e8re, j&rsquo;essaie d&rsquo;\u00eatre moi-m\u00eame panth\u00e8re\u00a0\u00bb"},"content":{"rendered":"<p>Vincent Munier, c&rsquo;est&#8230;<\/p>\n<p><b>1,80\u00a0m.<\/b><br \/><b>78\u00a0kg.<br \/>1 film<\/b> \u00e0 l&rsquo;affiche au cin\u00e9ma \u00e0 partir du 17\u00a0d\u00e9cembre, Le chant des for\u00eats, tourn\u00e9 en grande partie dans ses Vosges natales.<br \/><b>1 C\u00e9sar<\/b> du meilleur film documentaire pour La panth\u00e8re des neiges, cor\u00e9alis\u00e9 avec Marie Amiguet, en 2022.<br \/><b>5\u00a0kg<\/b> minimum perdus par exp\u00e9dition, parfois 10.<br \/><b>4 exp\u00e9ditions<\/b> sur l&rsquo;\u00eele d&rsquo;Ellesmere, la plus au nord de l&rsquo;archipel arctique canadien, pour r\u00e9ussir \u00e0 photographier le loup blanc.<br \/><b>-47\u00a0\u00b0C,<\/b> la temp\u00e9rature la plus basse qu&rsquo;il ait d\u00fb affronter, toujours sur l&rsquo;\u00eele d&rsquo;Ellesmere.<\/p>\n","protected":false},"excerpt":{"rendered":"Vincent Munier, c&rsquo;est&#8230; 1,80\u00a0m.78\u00a0kg.1 film \u00e0 l&rsquo;affiche au cin\u00e9ma \u00e0 partir du 17\u00a0d\u00e9cembre, Le chant des for\u00eats, tourn\u00e9&hellip;\n","protected":false},"author":2,"featured_media":566445,"comment_status":"","ping_status":"","sticky":false,"template":"","format":"standard","meta":{"footnotes":""},"categories":[1358],"tags":[1348,1384,1385,1386,58,59,1011,27],"class_list":{"0":"post-566444","1":"post","2":"type-post","3":"status-publish","4":"format-standard","5":"has-post-thumbnail","7":"category-arts-et-design","8":"tag-arts","9":"tag-arts-and-design","10":"tag-arts-et-design","11":"tag-design","12":"tag-divertissement","13":"tag-entertainment","14":"tag-fr","15":"tag-france"},"share_on_mastodon":{"url":"https:\/\/pubeurope.com\/@fr\/115632525985468038","error":""},"_links":{"self":[{"href":"https:\/\/www.europesays.com\/fr\/wp-json\/wp\/v2\/posts\/566444","targetHints":{"allow":["GET"]}}],"collection":[{"href":"https:\/\/www.europesays.com\/fr\/wp-json\/wp\/v2\/posts"}],"about":[{"href":"https:\/\/www.europesays.com\/fr\/wp-json\/wp\/v2\/types\/post"}],"author":[{"embeddable":true,"href":"https:\/\/www.europesays.com\/fr\/wp-json\/wp\/v2\/users\/2"}],"replies":[{"embeddable":true,"href":"https:\/\/www.europesays.com\/fr\/wp-json\/wp\/v2\/comments?post=566444"}],"version-history":[{"count":0,"href":"https:\/\/www.europesays.com\/fr\/wp-json\/wp\/v2\/posts\/566444\/revisions"}],"wp:featuredmedia":[{"embeddable":true,"href":"https:\/\/www.europesays.com\/fr\/wp-json\/wp\/v2\/media\/566445"}],"wp:attachment":[{"href":"https:\/\/www.europesays.com\/fr\/wp-json\/wp\/v2\/media?parent=566444"}],"wp:term":[{"taxonomy":"category","embeddable":true,"href":"https:\/\/www.europesays.com\/fr\/wp-json\/wp\/v2\/categories?post=566444"},{"taxonomy":"post_tag","embeddable":true,"href":"https:\/\/www.europesays.com\/fr\/wp-json\/wp\/v2\/tags?post=566444"}],"curies":[{"name":"wp","href":"https:\/\/api.w.org\/{rel}","templated":true}]}}