{"id":566446,"date":"2025-11-29T10:32:14","date_gmt":"2025-11-29T10:32:14","guid":{"rendered":"https:\/\/www.europesays.com\/fr\/566446\/"},"modified":"2025-11-29T10:32:14","modified_gmt":"2025-11-29T10:32:14","slug":"avant-premiere-demain-nous-appartient-du-1-decembre-2025-episode-2085-tf1","status":"publish","type":"post","link":"https:\/\/www.europesays.com\/fr\/566446\/","title":{"rendered":"Avant-premi\u00e8re &#8211; Demain nous appartient du 1 d\u00e9cembre 2025 &#8211; Episode 2085 &#8211; TF1+"},"content":{"rendered":"<ol>\n<li><a href=\"https:\/\/news.google.com\/rss\/articles\/CBMi0gFBVV95cUxQTkJBUlROcl8zc2gxOVVpUUVPZ3N0MkhnbXg0MXhPUDVsZS1VZmFEc3JSTzVPUUZGaUNWbUVtVkhFSjFRVmxONVZ4VHFxMHdadXJjUXVmZUVhZzdSdjd0WjhfclFpMkRVQ3lpZzl3cFg2ZVMyYlJhNmNaeWs1SjFKNmdaUXpwdnVOV2JNd2pLTkc0dWdZTnpRckZPenZpSVVRNzh1Rm5PNWRteUZtNE5yTi03VHdWY0FpSjVCZUd1ZnNiT2htaElYd1hFR0VwZTZWVkE?oc=5\" target=\"_blank\" rel=\"noopener\">Avant-premi\u00e8re &#8211; Demain nous appartient du 1 d\u00e9cembre 2025 &#8211; Episode 2085<\/a>&nbsp;&nbsp;TF1+<\/li>\n<li><a href=\"https:\/\/news.google.com\/rss\/articles\/CBMifkFVX3lxTE9QRlF6cjRVVnFHZXJ2ZDlTZWRRMEFzZnJWS0VWSFU0SEtnOEZiNWhFTVh2Y1Fla3lVNEo0S0l6eG41cWRmTWlZZVA4X1loUzVCTkFNeXFkRXhDYnBpdkJ5ZzhOV2QzRzE3aFQtOTdtcDVzSmtpNXFRMV94TWluQQ?oc=5\" target=\"_blank\" rel=\"noopener\">Demain nous appartient en avance : Arthur a-t-il orchestr\u00e9 la prise d&rsquo;otages ?&#8230; Ce qui vous attend la semaine du 1er au 5 d\u00e9cembre 2025 [SPOILERS]<\/a>&nbsp;&nbsp;AlloCin\u00e9<\/li>\n<li><a href=\"https:\/\/news.google.com\/rss\/articles\/CBMirwJBVV95cUxPcWktSS1FRDVTckQzUmZkbVc2NTdCT1JVY2xGZFNmZ29objc0S1hHTmxUQ0JxNzBPSFo3UFJZOUd0UUxCM0hqVjVtTUEwUTZ4WGNHMlJSTzZqY3NuTEltaUNUYnNvN2F5Wjg1SkRyNnIwazNtVEFuOWRQZ2IxRVJlSXh2TXZ5SjJRUkZUcVVfZm9wN3ByQmpfNnA5NTVLcVJWdHdob1lnN0QtR1lzemxTbjBBUTBvemQ3VWNJRVd3S2c0RWNMUUlvVDlsb296Tk5HWUxKUlhVZVNpNTNRZXM0empyaUtYSHlnb0h0bDdFOEVUdTRobDlkRXMxXzNxOGN4YTkxTTNpeE9HZk1FS3NkMnJrTG92TExvaDg0d01yc1hpMmVtQURxRkl6TGM2ZzA?oc=5\" target=\"_blank\" rel=\"noopener\">Demain nous appartient en avance : Arthur est impliqu\u00e9 dans l&rsquo;agression de Marceau ! Bart menace Victor\u2026 Le r\u00e9sum\u00e9 de l&rsquo;\u00e9pisode 2085 du lundi 1er d\u00e9cembre 2025<\/a>&nbsp;&nbsp;programme-tv.net<\/li>\n<li><a href=\"https:\/\/news.google.com\/rss\/articles\/CBMiuwFBVV95cUxNNXdvSGF5RTBYVkk0WTR1c1pTblVZU3ZtY0NiY0lKRDh2ZDFhZ2l3Rk53WENjUUh1UXBPOEY1MGdoY1ZacmZiVkxYNGVfZF9falAta0tPOUVPd0M2WW1QMllpUWd4YlFkVG1DSENIbjQ0a2VCNThuOXRITm0wTkNlWVM3TGVFY2lXZm1tazVLX2dyZDhsalUwM2RKQkJUbFJqRzc1ZDI1TUs5X2lqcnVPblpvTEtVSlJTNmZv?oc=5\" target=\"_blank\" rel=\"noopener\">Demain nous appartient (spoiler) : Chlo\u00e9 et Aurore victimes d\u2019une prise d\u2019otages !<\/a>&nbsp;&nbsp;Toutelatele<\/li>\n<li><a href=\"https:\/\/news.google.com\/rss\/articles\/CBMijgFBVV95cUxOSGZJQ0t4bDhtWDVpLXpZVjF5X0EyRkNWYzctdDBCdm5zVVVMbnRBXzBPT2hTYVgtOU9YZzBnZVFnd2FLZXY1VEc5bzZaYkhOdVpMbXc5SGE4N2Y4cEU2T2NLbjNZNEM2MVhmU00xMDByVll6U3FKYUtYNXh6VlpBdFpueUNYWEo4dEdhV2d3?oc=5\" target=\"_blank\" rel=\"noopener\">Demain nous appartient : Chlo\u00e9, Alex, Christelle et Nordine au coeur d&rsquo;une prise d&rsquo;otage au commissariat<\/a>&nbsp;&nbsp;Yahoo Actualit\u00e9s<\/li>\n<\/ol>\n","protected":false},"excerpt":{"rendered":"Avant-premi\u00e8re &#8211; Demain nous appartient du 1 d\u00e9cembre 2025 &#8211; Episode 2085&nbsp;&nbsp;TF1+ Demain nous appartient en avance :&hellip;\n","protected":false},"author":2,"featured_media":566447,"comment_status":"","ping_status":"","sticky":false,"template":"","format":"standard","meta":{"footnotes":""},"categories":[1356],"tags":[4090,43004,58,59,1365,4089,43003,41047,1011,27,43001,43011,43015,43002,43012,43016,43008,43007,43013,43014,43009,43010,252,1364,43005,43006],"class_list":{"0":"post-566446","1":"post","2":"type-post","3":"status-publish","4":"format-standard","5":"has-post-thumbnail","7":"category-television","8":"tag-demain-nous-appartient-episode","9":"tag-demain-nous-appartient-episode-tf1","10":"tag-divertissement","11":"tag-entertainment","12":"tag-episode","13":"tag-episode-demain-nous-appartient","14":"tag-episode-demain-nous-appartient-tf1","15":"tag-episode-tf1","16":"tag-fr","17":"tag-france","18":"tag-serie-demain-nous-appartient","19":"tag-serie-demain-nous-appartient-streaming","20":"tag-serie-demain-nous-appartient-streaming-gratuit","21":"tag-serie-demain-nous-appartient-tf1","22":"tag-serie-demain-nous-appartient-tf1-streaming","23":"tag-serie-demain-nous-appartient-tf1-streaming-gratuit","24":"tag-serie-demain-nous-appartient-tf1-video","25":"tag-serie-demain-nous-appartient-video","26":"tag-streaming-gratuit-serie-demain-nous-appartient","27":"tag-streaming-gratuit-serie-demain-nous-appartient-tf1","28":"tag-streaming-serie-demain-nous-appartient","29":"tag-streaming-serie-demain-nous-appartient-tf1","30":"tag-television","31":"tag-tv","32":"tag-video-serie-demain-nous-appartient","33":"tag-video-serie-demain-nous-appartient-tf1"},"share_on_mastodon":{"url":"","error":"Validation failed: Text character limit of 500 exceeded"},"_links":{"self":[{"href":"https:\/\/www.europesays.com\/fr\/wp-json\/wp\/v2\/posts\/566446","targetHints":{"allow":["GET"]}}],"collection":[{"href":"https:\/\/www.europesays.com\/fr\/wp-json\/wp\/v2\/posts"}],"about":[{"href":"https:\/\/www.europesays.com\/fr\/wp-json\/wp\/v2\/types\/post"}],"author":[{"embeddable":true,"href":"https:\/\/www.europesays.com\/fr\/wp-json\/wp\/v2\/users\/2"}],"replies":[{"embeddable":true,"href":"https:\/\/www.europesays.com\/fr\/wp-json\/wp\/v2\/comments?post=566446"}],"version-history":[{"count":0,"href":"https:\/\/www.europesays.com\/fr\/wp-json\/wp\/v2\/posts\/566446\/revisions"}],"wp:featuredmedia":[{"embeddable":true,"href":"https:\/\/www.europesays.com\/fr\/wp-json\/wp\/v2\/media\/566447"}],"wp:attachment":[{"href":"https:\/\/www.europesays.com\/fr\/wp-json\/wp\/v2\/media?parent=566446"}],"wp:term":[{"taxonomy":"category","embeddable":true,"href":"https:\/\/www.europesays.com\/fr\/wp-json\/wp\/v2\/categories?post=566446"},{"taxonomy":"post_tag","embeddable":true,"href":"https:\/\/www.europesays.com\/fr\/wp-json\/wp\/v2\/tags?post=566446"}],"curies":[{"name":"wp","href":"https:\/\/api.w.org\/{rel}","templated":true}]}}