{"id":566448,"date":"2025-11-29T10:33:11","date_gmt":"2025-11-29T10:33:11","guid":{"rendered":"https:\/\/www.europesays.com\/fr\/566448\/"},"modified":"2025-11-29T10:33:11","modified_gmt":"2025-11-29T10:33:11","slug":"contrairement-a-91-des-francais-alain-souchon-continue-de-se-priver-dun-objet-pourtant-tres-tres-pratique","status":"publish","type":"post","link":"https:\/\/www.europesays.com\/fr\/566448\/","title":{"rendered":"Contrairement \u00e0 91% des Fran\u00e7ais, Alain Souchon continue de se priver d&rsquo;un objet pourtant tr\u00e8s tr\u00e8s pratique"},"content":{"rendered":"<p>La suite apr\u00e8s la publicit\u00e9<\/p>\n<p><a href=\"https:\/\/www.purepeople.com\/people\/alain-souchon_p313\" target=\"_blank\" rel=\"noopener\">Alain Souchon<\/a> est un artiste que l\u2019on ne pr\u00e9sente plus. Cela fait plusieurs d\u00e9cennies qu\u2019il est sur le devant de la sc\u00e8ne et il encha\u00eene les succ\u00e8s. \u00c2g\u00e9 de 81 ans, l&rsquo;artiste n\u2019a pas l\u2019intention de faire ses adieux \u00e0 son public et c\u2019est en toute transparence qu\u2019il s\u2019est confi\u00e9 dans les colonnes de Lib\u00e9ration le 24 novembre dernier. <strong>Alain Souchon est tout d\u2019abord revenu sur le fait qu\u2019il se passe tr\u00e8s bien d\u2019un objet pourtant tr\u00e8s pratique : le t\u00e9l\u00e9phone portable. <\/strong>Comme l\u2019a indiqu\u00e9 l\u2019Arcep, qui publie les r\u00e9sultats des \u00e9tudes barom\u00e9triques annuelles, ce sont 91% des plus de 12 ans <a href=\"https:\/\/www.purepeople.com\/article\/taylor-swift-son-mobile-pirate-le-hacker-menace-de-publier-ses-photos-intimes_a154228\/1\" target=\"_blank\" rel=\"noopener\">qui sont en possession d\u2019un mobile<\/a>. De son c\u00f4t\u00e9, Alain Souchon ne semble pas en voir l\u2019utilit\u00e9.<\/p>\n<p>Alain Souchon a opt\u00e9 pour la transparence et l\u2019humour. Il pr\u00e9cise qu\u2019il sait \u201cencore faire le poirier\u201d et, concernant son \u00e2ge, il ajoute estimer que \u201c33 ans, c\u2019est l\u2019\u00e2ge id\u00e9al. Car on est en pleine sant\u00e9 et on comprend d\u00e9j\u00e0 bien les choses\u201d. Aujourd&rsquo;hui, l\u2019artiste confie avoir retrouv\u00e9 la forme, notamment depuis qu\u2019il a suivi les conseils de son m\u00e9decin.<strong> Pour soigner une \u201c<\/strong><strong>d\u00e9prime cacochyme<\/strong><strong>\u201d, soit un \u00e9tat de personne physiquement fragile, il lui a \u00e9t\u00e9 conseill\u00e9 de remonter sur sc\u00e8ne, entour\u00e9 de ses enfants<\/strong>. \u201cCe qu\u2019il a fait plus de 110 fois depuis deux ans\u201d, pr\u00e9cise le m\u00e9dia. Il opte \u00e9galement pour des marches en solitaire et profite de ces instants pour se ressourcer.<\/p>\n<p>De nombreuses personnalit\u00e9s pr\u00e9f\u00e8rent ne pas avoir de t\u00e9l\u00e9phone portable<\/p>\n<p>\u00a0<\/p>\n<p>La d\u00e9connexion est un luxe que de nombreuses c\u00e9l\u00e9brit\u00e9s pratiquent. Alain Souchon n\u2019est pas le seul \u00e0 ne pas poss\u00e9der de t\u00e9l\u00e9phone portable. C\u2019est<a href=\"https:\/\/www.purepeople.com\/article\/je-navais-dyeux-que-pour-elle-sylvain-tesson-presente-sa-nouvelle-compagne-de-19-ans-de-sa-cadette_a536689\/1\" target=\"_blank\" rel=\"noopener\"> \u00e9galement le cas de Sylvain Tesson<\/a>. En avril dernier, alors qu\u2019il \u00e9tait en pleine promotion de son dernier livre Un haut lieu (Albin Michel), il a fait savoir qu\u2019il vivait tr\u00e8s bien sans. <strong>\u201cOn est d\u00e9j\u00e0 tellement surveill\u00e9 que je ne vais pas en plus m\u2019infliger la peine de convoquer dans ma poche la pr\u00e9fecture de police<\/strong>\u201d, a-t-il confi\u00e9 avant de poursuivre : \u201cUne personne qui m\u2019aime, j\u2019esp\u00e8re qu\u2019elle pense \u00e0 moi. D\u00e9j\u00e0, c\u2019est une premi\u00e8re tentative de communication. J\u2019\u00e9cris des lettres et elles arrivent un jour.\u201d Et s\u2019il y a un souci avec la Poste, Sylvain Tesson affirme qu&rsquo;elle finira par faire bien les choses.<\/p>\n<p>C\u2019est aussi le cas de <a href=\"https:\/\/www.purepeople.com\/people\/tom-cruise_p43\" target=\"_blank\" rel=\"noopener\">Tom Cruise<\/a>. \u201cJe porte un jean, des chaussettes et une chemise, tout \u00e0 fait normal. Je me fais couper les cheveux sur le plateau. Je n\u2019ai ni iPhone, ni t\u00e9l\u00e9phone, ni adresse e-mail, ni montre, ni bijoux, ni portefeuille\u201d, a-t-il fait savoir il y a quelques ann\u00e9es dans les colonnes de The New Zealand Herald. Le plus important pour lui ?<strong> \u201cJe veux simplement \u00eatre avec mes enfants et faire des films. Mes valeurs pour eux sont immuables : l\u2019amour, la responsabilit\u00e9, la curiosit\u00e9 face aux merveilles de la vie\u201d,<\/strong> a-t-il conclu. Parmi les autres personnalit\u00e9s qui ont d\u00e9cid\u00e9 de ne pas avoir de mobile, il y a <a href=\"https:\/\/www.purepeople.com\/people\/elton-john_p792\" target=\"_blank\" rel=\"noopener\">Elton John<\/a>, <a href=\"https:\/\/www.purepeople.com\/people\/amelie-nothomb_p1399\" target=\"_blank\" rel=\"noopener\">Am\u00e9lie Nothomb<\/a>, <a href=\"https:\/\/www.purepeople.com\/people\/chris-pine_p2671\" target=\"_blank\" rel=\"noopener\">Chris Pine<\/a>, <a href=\"https:\/\/www.purepeople.com\/people\/sarah-jessica-parker_p583\" target=\"_blank\" rel=\"noopener\">Sarah Jessica Parker<\/a> mais aussi Ed Sheeran.<\/p>\n","protected":false},"excerpt":{"rendered":"La suite apr\u00e8s la publicit\u00e9 Alain Souchon est un artiste que l\u2019on ne pr\u00e9sente plus. Cela fait plusieurs&hellip;\n","protected":false},"author":2,"featured_media":566449,"comment_status":"","ping_status":"","sticky":false,"template":"","format":"standard","meta":{"footnotes":""},"categories":[1355],"tags":[58,59,1011,27,1361,873],"class_list":{"0":"post-566448","1":"post","2":"type-post","3":"status-publish","4":"format-standard","5":"has-post-thumbnail","7":"category-musique","8":"tag-divertissement","9":"tag-entertainment","10":"tag-fr","11":"tag-france","12":"tag-music","13":"tag-musique"},"share_on_mastodon":{"url":"https:\/\/pubeurope.com\/@fr\/115632538072514167","error":""},"_links":{"self":[{"href":"https:\/\/www.europesays.com\/fr\/wp-json\/wp\/v2\/posts\/566448","targetHints":{"allow":["GET"]}}],"collection":[{"href":"https:\/\/www.europesays.com\/fr\/wp-json\/wp\/v2\/posts"}],"about":[{"href":"https:\/\/www.europesays.com\/fr\/wp-json\/wp\/v2\/types\/post"}],"author":[{"embeddable":true,"href":"https:\/\/www.europesays.com\/fr\/wp-json\/wp\/v2\/users\/2"}],"replies":[{"embeddable":true,"href":"https:\/\/www.europesays.com\/fr\/wp-json\/wp\/v2\/comments?post=566448"}],"version-history":[{"count":0,"href":"https:\/\/www.europesays.com\/fr\/wp-json\/wp\/v2\/posts\/566448\/revisions"}],"wp:featuredmedia":[{"embeddable":true,"href":"https:\/\/www.europesays.com\/fr\/wp-json\/wp\/v2\/media\/566449"}],"wp:attachment":[{"href":"https:\/\/www.europesays.com\/fr\/wp-json\/wp\/v2\/media?parent=566448"}],"wp:term":[{"taxonomy":"category","embeddable":true,"href":"https:\/\/www.europesays.com\/fr\/wp-json\/wp\/v2\/categories?post=566448"},{"taxonomy":"post_tag","embeddable":true,"href":"https:\/\/www.europesays.com\/fr\/wp-json\/wp\/v2\/tags?post=566448"}],"curies":[{"name":"wp","href":"https:\/\/api.w.org\/{rel}","templated":true}]}}