{"id":566460,"date":"2025-11-29T10:39:09","date_gmt":"2025-11-29T10:39:09","guid":{"rendered":"https:\/\/www.europesays.com\/fr\/566460\/"},"modified":"2025-11-29T10:39:09","modified_gmt":"2025-11-29T10:39:09","slug":"brandt-peine-a-trouver-un-repreneur-serieux-en-france","status":"publish","type":"post","link":"https:\/\/www.europesays.com\/fr\/566460\/","title":{"rendered":"Brandt peine \u00e0 trouver un repreneur \u00ab s\u00e9rieux \u00bb en France"},"content":{"rendered":"<p>L\u2019avenir de <a href=\"https:\/\/www.tsa-algerie.com\/france-brandt-filiale-de-cevital-en-redressement-judiciaire\/\" target=\"_blank\" rel=\"noopener\">Brandt<\/a> en France s\u2019assombrit davantage. Plac\u00e9e en redressement judiciaire en octobre dernier, cette marque centenaire de produits \u00e9lectrom\u00e9nagers peine \u00e0 trouver un repreneur pour relancer son activit\u00e9 dans l\u2019Hexagone.<\/p>\n<p>\u00ab Aucune offre de reprise suffisamment finalis\u00e9e \u00bb, s\u2019est alarm\u00e9 jeudi le pr\u00e9sident de la r\u00e9gion Centre-Val de Loire, Fran\u00e7ois Bonneau, rapporte le Monde.<\/p>\n<p class=\"a-lire-box\" style=\"&#13;&#10;                    margin:20px 0;&#13;&#10;                    padding:12px 0;&#13;&#10;                    border-top:1px solid #ddd;&#13;&#10;                    border-bottom:1px solid #ddd;&#13;&#10;                    line-height:1.8;&#13;&#10;                 \">&#13;<br \/>\n                    A lire aussi :&#13;<br \/>\n                    <a href=\"https:\/\/www.tsa-algerie.com\/air-algerie-casse-les-prix-avec-une-nouvelle-promotion\/\" class=\"a-lire-link\" style=\"color:#000;text-decoration:none;font-weight:600;\" target=\"_blank\" rel=\"noopener\">&#13;<br \/>\n                        Air Alg\u00e9rie casse les prix avec une nouvelle promotion&#13;<br \/>\n                    <\/a>&#13;\n                <\/p>\n<\/p>\n<p>Face au manque de candidats pour redonner vie \u00e0 cette c\u00e9l\u00e8bre marque fran\u00e7aise, M. Bonneau et une dizaine d\u2019\u00e9lus de la r\u00e9gion, ont saisi par \u00e9crit le Premier ministre fran\u00e7ais, S\u00e9bastien Lecornu. Ils l\u2019ont appel\u00e9 \u00e0 \u00ab se saisir du dossier \u00bb pour trouver une \u00ab solution industrielle s\u00e9rieuse \u00bb.<\/p>\n<p class=\"a-lire-box\" style=\"&#13;&#10;                    margin:20px 0;&#13;&#10;                    padding:12px 0;&#13;&#10;                    border-top:1px solid #ddd;&#13;&#10;                    border-bottom:1px solid #ddd;&#13;&#10;                    line-height:1.8;&#13;&#10;                 \">&#13;<br \/>\n                    A lire aussi :&#13;<br \/>\n                    <a href=\"https:\/\/www.tsa-algerie.com\/algerie-la-galere-des-importateurs-de-vehicules\/\" class=\"a-lire-link\" style=\"color:#000;text-decoration:none;font-weight:600;\" target=\"_blank\" rel=\"noopener\">&#13;<br \/>\n                        Alg\u00e9rie : la gal\u00e8re des importateurs de v\u00e9hicules&#13;<br \/>\n                    <\/a>&#13;\n                <\/p>\n<p><strong>La marque Brandt menac\u00e9e de disparition en France<\/strong><\/p>\n<p>\u00ab Nous demandons au Premier ministre un engagement absolu de l\u2019\u00c9tat aux c\u00f4t\u00e9s des collectivit\u00e9s : soutien aux repreneurs s\u00e9rieux, mobilisation de tous les outils possibles, s\u00e9curisation des parcours des salari\u00e9s \u00bb, ont-ils r\u00e9clam\u00e9 dans cette lettre transmise par la r\u00e9gion Centre-Val de Loire.<\/p>\n<p>L\u2019enjeu est important : il s\u2019agit de pr\u00e9server les emplois sur deux sites de production Brandt en France qui sont particuli\u00e8rement menac\u00e9s de fermeture, faute de repreneurs. Le premier est situ\u00e9 \u00e0 Saint-Jean-de-la-Ruelle, dans le d\u00e9partement du Loiret, et le second pr\u00e8s d\u2019Orl\u00e9ans, et \u00e0 Saint-Ouen, dans le Loir-et-Cher. En France, Brandt emploie 750 salari\u00e9s. La marque appartient au groupe alg\u00e9rien Cevital depuis 2014.<\/p>\n<p class=\"a-lire-box\" style=\"&#13;&#10;                    margin:20px 0;&#13;&#10;                    padding:12px 0;&#13;&#10;                    border-top:1px solid #ddd;&#13;&#10;                    border-bottom:1px solid #ddd;&#13;&#10;                    line-height:1.8;&#13;&#10;                 \">&#13;<br \/>\n                    A lire aussi :&#13;<br \/>\n                    <a href=\"https:\/\/www.tsa-algerie.com\/la-france-sinteresse-a-la-pomme-de-terre-algerienne\/\" class=\"a-lire-link\" style=\"color:#000;text-decoration:none;font-weight:600;\" target=\"_blank\" rel=\"noopener\">&#13;<br \/>\n                        La France s\u2019int\u00e9resse \u00e0 la pomme de terre alg\u00e9rienne\u00a0&#13;<br \/>\n                    <\/a>&#13;\n                <\/p>\n<p>Dans leur lettre, le pr\u00e9sident de la r\u00e9gion Centre-Val de Loire et les \u00e9lus signataires demandent un report de la date de remise des offres qui \u00e9tait pr\u00e9vue pour vendredi \u00e0 minuit. Une premi\u00e8re audience sur l\u2019avenir de Brandt est pour le moment pr\u00e9vue le 3 d\u00e9cembre au tribunal de Nanterre (r\u00e9gion parisienne).<\/p>\n","protected":false},"excerpt":{"rendered":"L\u2019avenir de Brandt en France s\u2019assombrit davantage. Plac\u00e9e en redressement judiciaire en octobre dernier, cette marque centenaire de&hellip;\n","protected":false},"author":2,"featured_media":566461,"comment_status":"","ping_status":"","sticky":false,"template":"","format":"standard","meta":{"footnotes":""},"categories":[6],"tags":[35,33,34,1011,27],"class_list":{"0":"post-566460","1":"post","2":"type-post","3":"status-publish","4":"format-standard","5":"has-post-thumbnail","7":"category-economie","8":"tag-business","9":"tag-economie","10":"tag-economy","11":"tag-fr","12":"tag-france"},"share_on_mastodon":{"url":"https:\/\/pubeurope.com\/@fr\/115632561515789333","error":""},"_links":{"self":[{"href":"https:\/\/www.europesays.com\/fr\/wp-json\/wp\/v2\/posts\/566460","targetHints":{"allow":["GET"]}}],"collection":[{"href":"https:\/\/www.europesays.com\/fr\/wp-json\/wp\/v2\/posts"}],"about":[{"href":"https:\/\/www.europesays.com\/fr\/wp-json\/wp\/v2\/types\/post"}],"author":[{"embeddable":true,"href":"https:\/\/www.europesays.com\/fr\/wp-json\/wp\/v2\/users\/2"}],"replies":[{"embeddable":true,"href":"https:\/\/www.europesays.com\/fr\/wp-json\/wp\/v2\/comments?post=566460"}],"version-history":[{"count":0,"href":"https:\/\/www.europesays.com\/fr\/wp-json\/wp\/v2\/posts\/566460\/revisions"}],"wp:featuredmedia":[{"embeddable":true,"href":"https:\/\/www.europesays.com\/fr\/wp-json\/wp\/v2\/media\/566461"}],"wp:attachment":[{"href":"https:\/\/www.europesays.com\/fr\/wp-json\/wp\/v2\/media?parent=566460"}],"wp:term":[{"taxonomy":"category","embeddable":true,"href":"https:\/\/www.europesays.com\/fr\/wp-json\/wp\/v2\/categories?post=566460"},{"taxonomy":"post_tag","embeddable":true,"href":"https:\/\/www.europesays.com\/fr\/wp-json\/wp\/v2\/tags?post=566460"}],"curies":[{"name":"wp","href":"https:\/\/api.w.org\/{rel}","templated":true}]}}