{"id":566468,"date":"2025-11-29T10:43:40","date_gmt":"2025-11-29T10:43:40","guid":{"rendered":"https:\/\/www.europesays.com\/fr\/566468\/"},"modified":"2025-11-29T10:43:40","modified_gmt":"2025-11-29T10:43:40","slug":"firminy-o2-de-loxygene-continue-sa-mobilisation-pour-les-transports-doux","status":"publish","type":"post","link":"https:\/\/www.europesays.com\/fr\/566468\/","title":{"rendered":"Firminy. O2 de l\u2019Oxyg\u00e8ne\u00a0!!! continue sa mobilisation pour les transports doux"},"content":{"rendered":"<blockquote class=\"question\"><p>Quel est le r\u00f4le de O2 \u00b2?<\/p><\/blockquote>\n<p>\u00abNotre r\u00f4le, c\u2019est d\u2019aller en direction des d\u00e9placements actifs ou d\u00e9placements doux, les pi\u00e9tons, les petits, les grands ou les handicap\u00e9s et les v\u00e9los, principalement dans les villes, que ce soit des d\u00e9placements pour le travail ou les loisirs. On a identifi\u00e9 en Loire et Haute-Loire, un certain nombre de dispositifs. Cette ann\u00e9e a marqu\u00e9 la reconnaissance de notre petite association puisqu\u2019on est consult\u00e9 par la M\u00e9tropole (plan v\u00e9lo et plan de mobilit\u00e9) et le Service express r\u00e9gional m\u00e9tropolitain st\u00e9phanois (SERM st\u00e9phanois). Le projet du SERM st\u00e9phanois vise \u00e0 transformer tout le r\u00e9seau de transports en commun de la r\u00e9gion st\u00e9phanoise \u00e0 l\u2019horizon 2035.\u00a0\u00bb<\/p>\n<blockquote class=\"question\"><p>Quelles sont vos priorit\u00e9s\u00a0?<\/p><\/blockquote>\n<p>\u00ab\u00a0Nous suivons quatre grands projets, la place du Breuil, la liaison le long de la Loire entre Le Pertuiset et Saint-Victor, l\u2019am\u00e9nagement de la voie verte Firminy Roche et la voie verte Firminy Duni\u00e8res. Pour tous ces projets, on a list\u00e9 un certain nombre d\u2019exigences.\u00a0\u00bb<\/p>\n<p>Plusieurs&#8230;                        <\/p>\n","protected":false},"excerpt":{"rendered":"Quel est le r\u00f4le de O2 \u00b2? \u00abNotre r\u00f4le, c\u2019est d\u2019aller en direction des d\u00e9placements actifs ou d\u00e9placements&hellip;\n","protected":false},"author":2,"featured_media":566469,"comment_status":"","ping_status":"","sticky":false,"template":"","format":"standard","meta":{"footnotes":""},"categories":[9653],"tags":[1111,11,2430,7539,436,1777,674,10282,10283,1011,27,12,25,4001,104,1631],"class_list":{"0":"post-566468","1":"post","2":"type-post","3":"status-publish","4":"format-standard","5":"has-post-thumbnail","7":"category-saint-etienne","8":"tag-actu","9":"tag-actualites","10":"tag-auvergne-rhone-alpes","11":"tag-edition-loire-sud","12":"tag-environnement","13":"tag-eu","14":"tag-europe","15":"tag-firminy","16":"tag-firminy-ville","17":"tag-fr","18":"tag-france","19":"tag-news","20":"tag-republique-francaise","21":"tag-saint-etienne","22":"tag-societe","23":"tag-vie-associative"},"share_on_mastodon":{"url":"https:\/\/pubeurope.com\/@fr\/115632577371226277","error":""},"_links":{"self":[{"href":"https:\/\/www.europesays.com\/fr\/wp-json\/wp\/v2\/posts\/566468","targetHints":{"allow":["GET"]}}],"collection":[{"href":"https:\/\/www.europesays.com\/fr\/wp-json\/wp\/v2\/posts"}],"about":[{"href":"https:\/\/www.europesays.com\/fr\/wp-json\/wp\/v2\/types\/post"}],"author":[{"embeddable":true,"href":"https:\/\/www.europesays.com\/fr\/wp-json\/wp\/v2\/users\/2"}],"replies":[{"embeddable":true,"href":"https:\/\/www.europesays.com\/fr\/wp-json\/wp\/v2\/comments?post=566468"}],"version-history":[{"count":0,"href":"https:\/\/www.europesays.com\/fr\/wp-json\/wp\/v2\/posts\/566468\/revisions"}],"wp:featuredmedia":[{"embeddable":true,"href":"https:\/\/www.europesays.com\/fr\/wp-json\/wp\/v2\/media\/566469"}],"wp:attachment":[{"href":"https:\/\/www.europesays.com\/fr\/wp-json\/wp\/v2\/media?parent=566468"}],"wp:term":[{"taxonomy":"category","embeddable":true,"href":"https:\/\/www.europesays.com\/fr\/wp-json\/wp\/v2\/categories?post=566468"},{"taxonomy":"post_tag","embeddable":true,"href":"https:\/\/www.europesays.com\/fr\/wp-json\/wp\/v2\/tags?post=566468"}],"curies":[{"name":"wp","href":"https:\/\/api.w.org\/{rel}","templated":true}]}}