{"id":566475,"date":"2025-11-29T10:49:11","date_gmt":"2025-11-29T10:49:11","guid":{"rendered":"https:\/\/www.europesays.com\/fr\/566475\/"},"modified":"2025-11-29T10:49:11","modified_gmt":"2025-11-29T10:49:11","slug":"la-victoire-bonifiee-contre-toulon-va-couter-tres-cher-au-stade-francais","status":"publish","type":"post","link":"https:\/\/www.europesays.com\/fr\/566475\/","title":{"rendered":"La victoire bonifi\u00e9e contre Toulon va co\u00fbter tr\u00e8s cher au Stade-Fran\u00e7ais !"},"content":{"rendered":"<p data-start=\"254\" data-end=\"683\">Le Stade Fran\u00e7ais doit encaisser un vrai choc.<\/p>\n<p data-start=\"254\" data-end=\"683\">Peniasi Dakuwaqa, auteur d\u2019un d\u00e9but de saison incandescent, sera \u00e9loign\u00e9 des terrains pendant pr\u00e8s de deux mois. L\u2019ailier fidjien, pourtant rest\u00e9 80 minutes sur la pelouse lors de la large victoire face \u00e0 Toulon (51-24), souffre d\u2019une double fracture vert\u00e9brale comme l\u2019annonce le journal <a href=\"https:\/\/www.lequipe.fr\/Rugby\/Actualites\/Stade-francais-peniasi-dakuwaqa-blesse-au-dos-et-absent-deux-mois\/1612963\" target=\"_blank\" rel=\"noopener\">L\u2019\u00e9quipe<\/a>.<\/p>\n<p data-start=\"254\" data-end=\"683\">Une blessure s\u00e9rieuse qui tombe au pire moment pour un joueur en pleine ascension et tout juste prolong\u00e9 jusqu\u2019en 2028.<\/p>\n<p data-start=\"685\" data-end=\"1023\">Depuis septembre, Dakuwaqa avait d\u00e9j\u00e0 marqu\u00e9 cinq essais en six rencontres, apportant vitesse, puissance et efficacit\u00e9 \u00e0 une ligne de trois-quarts parisienne transform\u00e9e. Le voir sortir du cadre pour plusieurs semaines repr\u00e9sente un coup d\u2019arr\u00eat brutal, alors que le club vise la stabilit\u00e9 avant d\u2019entrer dans l\u2019hiver et la Champions Cup.<\/p>\n<p data-start=\"1025\" data-end=\"1420\">La mauvaise nouvelle ne vient jamais seule. Samuel Ezeala, \u00e9galement touch\u00e9, ne devrait pas tenir sa place pour le d\u00e9placement \u00e0 Clermont ce samedi. Le staff parisien esp\u00e9rait l\u2019avoir \u00e0 la derni\u00e8re minute, mais son retour devra attendre.<\/p>\n<p data-start=\"1025\" data-end=\"1420\">En revanche, Jeremy Ward devrait bien \u00eatre du voyage. Victime d\u2019une commotion face au RCT, le centre sud-africain a suivi le protocole strict et semble apte.<\/p>\n<p data-start=\"1422\" data-end=\"1652\" data-is-last-node=\"\" data-is-only-node=\"\">Pour Paris, l\u2019enjeu est d\u00e9sormais clair : absorber ce double coup dur sur les ailes sans perdre l\u2019\u00e9lan g\u00e9n\u00e9r\u00e9 par la d\u00e9monstration contre Toulon. Les semaines \u00e0 venir diront si la profondeur de l\u2019effectif est \u00e0 la hauteur du d\u00e9fi.<\/p>\n","protected":false},"excerpt":{"rendered":"Le Stade Fran\u00e7ais doit encaisser un vrai choc. Peniasi Dakuwaqa, auteur d\u2019un d\u00e9but de saison incandescent, sera \u00e9loign\u00e9&hellip;\n","protected":false},"author":2,"featured_media":566476,"comment_status":"","ping_status":"","sticky":false,"template":"","format":"standard","meta":{"footnotes":""},"categories":[9619],"tags":[1111,11,1777,674,1011,27,12,882,25,2310],"class_list":{"0":"post-566475","1":"post","2":"type-post","3":"status-publish","4":"format-standard","5":"has-post-thumbnail","7":"category-toulon","8":"tag-actu","9":"tag-actualites","10":"tag-eu","11":"tag-europe","12":"tag-fr","13":"tag-france","14":"tag-news","15":"tag-provence-alpes-cote-dazur","16":"tag-republique-francaise","17":"tag-toulon"},"share_on_mastodon":{"url":"https:\/\/pubeurope.com\/@fr\/115632600784070856","error":""},"_links":{"self":[{"href":"https:\/\/www.europesays.com\/fr\/wp-json\/wp\/v2\/posts\/566475","targetHints":{"allow":["GET"]}}],"collection":[{"href":"https:\/\/www.europesays.com\/fr\/wp-json\/wp\/v2\/posts"}],"about":[{"href":"https:\/\/www.europesays.com\/fr\/wp-json\/wp\/v2\/types\/post"}],"author":[{"embeddable":true,"href":"https:\/\/www.europesays.com\/fr\/wp-json\/wp\/v2\/users\/2"}],"replies":[{"embeddable":true,"href":"https:\/\/www.europesays.com\/fr\/wp-json\/wp\/v2\/comments?post=566475"}],"version-history":[{"count":0,"href":"https:\/\/www.europesays.com\/fr\/wp-json\/wp\/v2\/posts\/566475\/revisions"}],"wp:featuredmedia":[{"embeddable":true,"href":"https:\/\/www.europesays.com\/fr\/wp-json\/wp\/v2\/media\/566476"}],"wp:attachment":[{"href":"https:\/\/www.europesays.com\/fr\/wp-json\/wp\/v2\/media?parent=566475"}],"wp:term":[{"taxonomy":"category","embeddable":true,"href":"https:\/\/www.europesays.com\/fr\/wp-json\/wp\/v2\/categories?post=566475"},{"taxonomy":"post_tag","embeddable":true,"href":"https:\/\/www.europesays.com\/fr\/wp-json\/wp\/v2\/tags?post=566475"}],"curies":[{"name":"wp","href":"https:\/\/api.w.org\/{rel}","templated":true}]}}