{"id":566485,"date":"2025-11-29T10:55:15","date_gmt":"2025-11-29T10:55:15","guid":{"rendered":"https:\/\/www.europesays.com\/fr\/566485\/"},"modified":"2025-11-29T10:55:15","modified_gmt":"2025-11-29T10:55:15","slug":"la-victoire-de-grenoble-est-logique-concede-lentraineur-dannecy-laurent-guyot","status":"publish","type":"post","link":"https:\/\/www.europesays.com\/fr\/566485\/","title":{"rendered":"\u00ab\u00a0La victoire de Grenoble est logique\u00a0\u00bb, conc\u00e8de l\u2019entra\u00eeneur d\u2019Annecy, Laurent Guyot."},"content":{"rendered":"<p data-start=\"136\" data-end=\"546\">Lorsqu&rsquo;un acteur de football fait preuve d&rsquo;honn\u00eatet\u00e9, c&rsquo;est assez rare pour \u00eatre soulign\u00e9, d&rsquo;autant plus lors d&rsquo;un derby. Alors que son \u00e9quipe s&rsquo;est inclin\u00e9e ce vendredi 28 novembre lors du 8e tour de la Coupe de France sur le score de 2-1 face \u00e0 Grenoble, l\u2019entra\u00eeneur d\u2019Annecy, Laurent Guyot, conc\u00e8de la victoire \u00e0 son voisin alors que son \u00e9quipe a \u00e9t\u00e9 r\u00e9duite \u00e0 dix, comme il l&rsquo;explique au Dauphin\u00e9 Lib\u00e9r\u00e9 :<\/p>\n<blockquote>\n<p data-start=\"548\" data-end=\"998\">\u00ab\u00a0La victoire de Grenoble est logique et le carton rouge contre nous est justifi\u00e9. C\u2019est dommage car on \u00e9tait dans de bonnes dispositions en d\u00e9but de match. J\u2019aurais aim\u00e9 voir ce que \u00e7a pouvait donner \u00e0 onze contre onze et je ne le verrai jamais. C\u2019est le gros regret. Il nous a manqu\u00e9 de la malice et de pouvoir jouer sous la pression adverse. On aurait d\u00fb \u00eatre plus malins aussi \u00e0 1-1. Il faut accepter la victoire de Grenoble qui m\u00e9rite de passer.\u00a0\u00bb<\/p>\n<\/blockquote>\n<p data-start=\"1000\" data-end=\"1616\">Mais pour le technicien ann\u00e9cien, la faute repose uniquement sur son groupe : \u00ab\u00a0On ne peut s\u2019en prendre qu\u2019\u00e0 nous-m\u00eames. Oui, c\u2019est une d\u00e9ception de ne pas passer ce tour. Il va falloir dig\u00e9rer cette d\u00e9faite dans le derby.\u00a0\u00bb Pour le gardien haut-savoyard Thomas Callens, ce qui est plus dur \u00e0 accepter au-del\u00e0 de la d\u00e9faite, c&rsquo;est de perdre le derby : \u00ab\u00a0Il y a forc\u00e9ment beaucoup de d\u00e9ception. C\u2019est toujours compliqu\u00e9 de sortir d\u2019une comp\u00e9tition, qui plus est dans un derby. On aurait aim\u00e9 faire trois victoires dans l\u2019ann\u00e9e face \u00e0 Grenoble, il y avait cette envie mais c\u2019est comme \u00e7a\u00a0\u00bb, explique-t-il au m\u00e9dia local.<\/p>\n<p>\u00ab\u00a0Le carton rouge nous a favoris\u00e9s, c\u2019est certain\u00a0\u00bb<\/p>\n<p data-start=\"1669\" data-end=\"1848\">Et puisque ce match est sous le signe de l\u2019honn\u00eatet\u00e9 c\u00f4t\u00e9 grenoblois, on ne cache pas que le carton a bascul\u00e9 la rencontre, comme l&rsquo;avoue Franck Rizzetto, l&rsquo;entra\u00eeneur du GF38 :<\/p>\n<blockquote>\n<p data-start=\"1850\" data-end=\"2290\">\u00ab\u00a0Ce carton rouge nous a offert beaucoup d\u2019espaces sur les c\u00f4t\u00e9s, ensuite il fallait \u00eatre justes. On a d\u00e9cant\u00e9 le match sur un coup de pied arr\u00eat\u00e9 et on a ensuite enfin marqu\u00e9 sur un centre. Il fallait les faire courir pour trouver la faille. On n\u2019a pas \u00e9t\u00e9 assez justes en premi\u00e8re p\u00e9riode mais on a insist\u00e9 en deuxi\u00e8me p\u00e9riode et \u00e7a a march\u00e9. On n\u2019a pas \u00e9t\u00e9 sp\u00e9cialement mis en danger mais le carton rouge nous a favoris\u00e9s, c\u2019est certain.\u00a0\u00bb<\/p>\n<\/blockquote>\n<p data-start=\"2292\" data-end=\"2510\" data-is-last-node=\"\" data-is-only-node=\"\">Avec ce succ\u00e8s, Grenoble acc\u00e8de aux 32es de finale. Leur prochain match de championnat est pr\u00e9vu face \u00e0 Nancy, le 5 d\u00e9cembre (20h). De son c\u00f4t\u00e9, Annecy ira en Bretagne pour affronter Guingamp durant cette m\u00eame p\u00e9riode.<\/p>\n<p>Partagez cette info avec vos amis et vos proches en cliquant ici<br \/>Coupe de France : \u00ab\u00a0La victoire de Grenoble est logique\u00a0\u00bb, conc\u00e8de l\u2019entra\u00eeneur d\u2019Annecy, Laurent Guyot.<\/p>\n<p>Grenoble s\u2019impose 2-1 face \u00e0 Annecy et se qualifie pour les 32es de finale de la Coupe de France. Laurent Guyot reconna\u00eet la logique de la victoire et le r\u00f4le du carton rouge, tandis que Rizzetto souligne l\u2019efficacit\u00e9 de son \u00e9quipe.<\/p>\n<p> <img decoding=\"async\" width=\"76\" height=\"76\" loading=\"lazy\" src=\"https:\/\/static.wui.fr\/images_v3\/avatar-footnational.png\" alt=\"Clement Fradique\"\/><\/p>\n","protected":false},"excerpt":{"rendered":"Lorsqu&rsquo;un acteur de football fait preuve d&rsquo;honn\u00eatet\u00e9, c&rsquo;est assez rare pour \u00eatre soulign\u00e9, d&rsquo;autant plus lors d&rsquo;un derby.&hellip;\n","protected":false},"author":2,"featured_media":566486,"comment_status":"","ping_status":"","sticky":false,"template":"","format":"standard","meta":{"footnotes":""},"categories":[9566],"tags":[1111,11,2430,61432,1777,674,1011,27,2731,12,25],"class_list":{"0":"post-566485","1":"post","2":"type-post","3":"status-publish","4":"format-standard","5":"has-post-thumbnail","7":"category-grenoble","8":"tag-actu","9":"tag-actualites","10":"tag-auvergne-rhone-alpes","11":"tag-coupes-coupe-de-france","12":"tag-eu","13":"tag-europe","14":"tag-fr","15":"tag-france","16":"tag-grenoble","17":"tag-news","18":"tag-republique-francaise"},"share_on_mastodon":{"url":"https:\/\/pubeurope.com\/@fr\/115632625362155358","error":""},"_links":{"self":[{"href":"https:\/\/www.europesays.com\/fr\/wp-json\/wp\/v2\/posts\/566485","targetHints":{"allow":["GET"]}}],"collection":[{"href":"https:\/\/www.europesays.com\/fr\/wp-json\/wp\/v2\/posts"}],"about":[{"href":"https:\/\/www.europesays.com\/fr\/wp-json\/wp\/v2\/types\/post"}],"author":[{"embeddable":true,"href":"https:\/\/www.europesays.com\/fr\/wp-json\/wp\/v2\/users\/2"}],"replies":[{"embeddable":true,"href":"https:\/\/www.europesays.com\/fr\/wp-json\/wp\/v2\/comments?post=566485"}],"version-history":[{"count":0,"href":"https:\/\/www.europesays.com\/fr\/wp-json\/wp\/v2\/posts\/566485\/revisions"}],"wp:featuredmedia":[{"embeddable":true,"href":"https:\/\/www.europesays.com\/fr\/wp-json\/wp\/v2\/media\/566486"}],"wp:attachment":[{"href":"https:\/\/www.europesays.com\/fr\/wp-json\/wp\/v2\/media?parent=566485"}],"wp:term":[{"taxonomy":"category","embeddable":true,"href":"https:\/\/www.europesays.com\/fr\/wp-json\/wp\/v2\/categories?post=566485"},{"taxonomy":"post_tag","embeddable":true,"href":"https:\/\/www.europesays.com\/fr\/wp-json\/wp\/v2\/tags?post=566485"}],"curies":[{"name":"wp","href":"https:\/\/api.w.org\/{rel}","templated":true}]}}