{"id":566487,"date":"2025-11-29T10:56:25","date_gmt":"2025-11-29T10:56:25","guid":{"rendered":"https:\/\/www.europesays.com\/fr\/566487\/"},"modified":"2025-11-29T10:56:25","modified_gmt":"2025-11-29T10:56:25","slug":"je-mimpose-au-fur-et-a-mesure-des-rounds-lissandre-mercier-le-kick-boxeur-rennais-qui-veut-conquerir-le-monde","status":"publish","type":"post","link":"https:\/\/www.europesays.com\/fr\/566487\/","title":{"rendered":"\u00ab\u00a0Je m\u2019impose au fur et \u00e0 mesure des rounds\u00a0\u00bb\u00a0: Lissandre Mercier, le kick-boxeur rennais qui veut conqu\u00e9rir le monde"},"content":{"rendered":"<p>\u00c0 seulement 26 ans, Lissandre Mercier n\u2019est plus un espoir de la boxe pieds-poings. Fort d\u2019un palmar\u00e8s long comme le bras, il esp\u00e8re, d\u2019ici la fin de l\u2019ann\u00e9e, monter sur le ring pour son plus grand d\u00e9fi, un titre mondial. Une ascension fulgurante pour celui qui, il y a dix ans encore, aurait pu prendre un chemin diff\u00e9rent.<\/p>\n<p>Un sc\u00e9nario \u00e0 la Rocky Balboa<\/p>\n<p>N\u00e9 \u00e0 Rennes, il grandit au sud de la capitale bretonne. Et comme beaucoup de jeunes issus d\u2019un quartier populaire, le jeune Lissandre s\u2019essaye d\u2019abord au foot. \u00ab\u00a0J\u2019y ai jou\u00e9 jusqu\u2019\u00e0 mes quatorze ans\u00a0\u00bb, confie-t-il. Parall\u00e8lement, il tra\u00eene un peu dans la rue, fait des b\u00eatises, avant finalement de trouver sa voie. Un sc\u00e9nario \u00e0 la Rocky Balboa.<\/p>\n<p>\u00ab\u00a0\u00c0 quinze ans, j\u2019ai commenc\u00e9 <a href=\"https:\/\/www.letelegramme.fr\/finistere\/plouzane-29280\/tiphaine-liard-une-benevole-engagee-au-muaythai-plouzane-club-6936020.php\" target=\"_blank\" rel=\"noopener\">le muay-tha\u00ef <\/a>(boxe tha\u00eflandaise) dans un club associatif. C\u2019\u00e9tait top, mais comme j\u2019ai rapidement voulu en faire mon m\u00e9tier, je suis parti au bout de deux ans pour rejoindre le Chok Dee Gym\u00a0\u00bb.<\/p>\n<p>V\u00e9ritable usine \u00e0 champions, le club rennais a form\u00e9 des \u00ab\u00a0noms\u00a0\u00bb comme Rafi Bohic (v\u00e9ritable star en Tha\u00eflande), Hamish Willey ou encore Lukas Le Marchand. Reconverti entra\u00eeneur, l\u2019ancien champion du monde prend Lissandre sous son aile. Et lorsque le coach d\u00e9cide de monter sa propre structure, le Monkey Gym, Mercier est \u00e9videmment dans ses bagages. Il a alors 19 ans et d\u00e9j\u00e0 plusieurs \u00ab\u00a0guerres\u00a0\u00bb \u00e0 son actif.<\/p>\n<p>\u00ab\u00a0Lorsque j\u2019ai d\u00e9marr\u00e9 en amateur, j\u2019ai, tout de suite, voulu faire beaucoup de combats. Je boxais en muay-tha\u00ef et en kick-boxing.\u00a0\u00bb Pour un bilan de 34 victoires, 1 nul, 5 d\u00e9faites et des titres \u00e0 la pelle, parmi lesquels un championnat du monde amateur. Le monde pro l\u2019attend.<\/p>\n<p>Toujours vers l\u2019avant<\/p>\n<p>Une fois dans la cour des grands, Lissandre et son entourage d\u00e9cident de d\u00e9laisser la boxe tha\u00efe pour ne se consacrer qu\u2019au K1, une forme de kick-boxing autorisant les coups de genoux. \u00ab\u00a0Les opportunit\u00e9s offertes par les diff\u00e9rentes organisations \u00e9tant plus int\u00e9ressantes.\u00a0\u00bb Une transition qui se ressent, aujourd\u2019hui, sur le ring.<\/p>\n<p>Si le K1 est une discipline spectaculaire qui fait la part belle aux coups de pied puissants donn\u00e9s au corps et \u00e0 la t\u00eate et aux combinaisons en anglaise, le Breton propose un style tout autre. \u00ab\u00a0J\u2019essaye de mettre au maximum la pression, d\u2019avancer constamment sur mon adversaire. Je ne suis pas forc\u00e9ment tr\u00e8s explosif, je m\u2019impose au fur et \u00e0 mesure des rounds.\u00a0\u00bb Pour ce faire, il alterne s\u00e9quences en anglaise et low-kicks (coups de pied dans les jambes), avant de conclure sur des coups de genoux. Un \u00ab\u00a0gameplan\u00a0\u00bb sans fioritures, efficace, mais parfois risqu\u00e9.<\/p>\n<p>\u00ab\u00a0M\u00eame s\u2019il a une garde herm\u00e9tique, son style peut l\u2019amener \u00e0 se mettre en danger sur les premiers \u00e9changes parce que celui d\u2019en face est encore frais\u00a0\u00bb, explique son coach Lukas Le Marchand.<\/p>\n<p>Avec seulement trois K-O sur 14 victoires (et trois d\u00e9faites), le Rennais n\u2019est, certes, pas un puncheur mais il use ses adversaires, il gagne et vit de son sport.<\/p>\n<p><img decoding=\"async\" src=\"https:\/\/www.europesays.com\/fr\/wp-content\/uploads\/2025\/11\/6929b90a0483d2c3580a0c84.1.jpeg\" width=\"480\" height=\"300\" class=\"web_golden_m\" loading=\"lazy\" alt=\"Lissandre Mercier est un boxeur qui avance constamment et qui l\u2018\u00a0emporte \u00e0 l\u2019usure.\"\/>Lissandre Mercier est un boxeur qui avance constamment et qui l\u2018\u00a0emporte \u00e0 l\u2019usure. (Le T\u00e9l\u00e9gramme\/Laurent Rivier)\u00ab\u00a0Je ne suis pas McGregor\u00a0\u00bb<\/p>\n<p>Entre les recettes des combats, le sponsoring, <a anchorselected=\"true\" href=\"https:\/\/www.letelegramme.fr\/finistere\/fouesnant-29170\/fouesnant-accueille-lissandre-mercier-pour-un-stage-de-kick-boxing-6816489.php\" target=\"_blank\" title=\"Fouesnant accueille Lissandre Mercier pour un stage de kick-boxing\" rel=\"noopener\">les stages et les s\u00e9ances de coaching<\/a> qu\u2019il dispense, il a pu \u00ab\u00a0arr\u00eater de travailler il y a deux ans, pour se consacrer uniquement \u00e0 sa passion. Aujourd\u2019hui, il per\u00e7oit un revenu annuel d\u2019environ 20\u00a0000 \u20ac-25\u00a0000 \u20ac.<\/p>\n<p>\u00ab\u00a0Je ne suis pas McGregor, ajoute-t-il en riant, faisant r\u00e9f\u00e9rence \u00e0 la star irlandaise de MMA, aujourd\u2019hui multimillionnaire. Mais c\u2019est une chance. Je ne stresse pas de savoir comment je vais finir le mois. J\u2019aspire \u00e0 plus, \u00e9videmment, pour \u00eatre plus \u00e0 l\u2019aise, mais je ne suis pas quelqu\u2019un qui est attir\u00e9 par l\u2019argent. Je boxe pour moi. Lorsque je viens \u00e0 la salle pour m\u2019entra\u00eener, je n\u2019ai pas l\u2019impression de travailler. Je suis heureux et c\u2019est le plus important.\u00a0\u00bb<\/p>\n<p>Combattre plus r\u00e9guli\u00e8rement pourrait \u00e9galement lui apporter des gains suppl\u00e9mentaires, mais il s\u2019astreint \u00e0 un rythme de quatre combats par an maximum.<br \/>\u00ab\u00a0Je pr\u00e9f\u00e8re monter sur le ring moins souvent et avoir une belle courbe de progression plut\u00f4t que de stagner dans la r\u00e9p\u00e9tition\u00a0\u00bb, assure-t-il avant d\u2019ajouter\u00a0: \u00ab\u00a0il y en a qui font presque une dizaine de combats par an, mais \u00e0 30 ans, leur corps est us\u00e9.\u00a0\u00bb<\/p>\n<p><img decoding=\"async\" src=\"https:\/\/www.europesays.com\/fr\/wp-content\/uploads\/2025\/11\/6929b909cb221a60b70fb38d.1.jpeg\" width=\"480\" height=\"300\" class=\"web_golden_m\" loading=\"lazy\" alt=\"Lissandre Mercier, apr\u00e8s avoir remport\u00e9 une nouvelle fois le titre europ\u00e9en, le 2\u00a0f\u00e9vrier dernier \u00e0 Saint-Brieuc.\"\/>Lissandre Mercier, apr\u00e8s avoir remport\u00e9 une nouvelle fois le titre europ\u00e9en, le 2\u00a0f\u00e9vrier dernier \u00e0 Saint-Brieuc. (Photo Le T\u00e9l\u00e9gramme\/Laurent Rivier)\u00ab\u00a0J\u2019aurai ma carte \u00e0 jouer\u00a0\u00bb<\/p>\n<p>Un choix qui ne nuit pas \u00e0 sa carri\u00e8re, bien au contraire. Pour preuve, sa victoire acquise en septembre 2023 face au champion Lionel Picord sur le ring du Glory, la promotion de kickboxing la plus prestigieuse au monde. Et si le Rennais a, dans un premier temps, refus\u00e9 de signer pour un second combat avec l\u2019organisation, la cat\u00e9gorie de poids propos\u00e9e ne lui plaisant pas, il compte bien y revenir par la grande porte.<\/p>\n<p>Apr\u00e8s avoir conquis r\u00e9cemment les titres de champion de France 2024, <a href=\"https:\/\/www.letelegramme.fr\/sports\/boxe\/directs-crochets-coups-de-genoux-revivez-lelite-fight-a-saint-brieuc-en-images-6752707.php\" target=\"_blank\" title=\"Directs, crochets, coups de genoux\u2026 revivez l\u2019\u00c9lite Fight \u00e0 Saint-Brieuc en images\" rel=\"noopener\">de champion d\u2019Europe (\u00e0 Saint-Brieuc, le 2 f\u00e9vrier dernier)<\/a> et de champion intercontinental, il lui reste deux derni\u00e8res \u00e9tapes\u00a0: il combattra le 29 novembre au sein du K1 World Max \u00e0 Rome, un tournoi qualificatif pour acc\u00e9der \u00e0 la grande finale r\u00e9unissant le gratin mondial des super mi-moyens (- de 70 kg) qui aura lieu en 2026 \u00e0 Tokyo. Puis il boxera le 17 janvier 2026 \u00e0 Saint-Brieuc \u00e0 l\u2019Elite Fight, l\u2019\u00e9v\u00e9nement organis\u00e9 par Patrick Lepinay, avec la ceinture mondiale ISKA en ligne de mire. Un rendez-vous briochin dont il conna\u00eet d\u00e9j\u00e0 l\u2019issue. \u00ab\u00a0Une fois la ceinture autour de la taille, j\u2019irai chercher soit le Glory, soit le ONE (*) et l\u00e0 j\u2019aurai ma carte \u00e0 jouer.\u00a0\u00bb Celle d\u2019un roi, d\u2019un roi du monde\u2026<\/p>\n<p class=\"note\">(*) Le Glory et le ONE Championship sont les organisations les plus lucratives et les plus reconnues mondialement pour les pratiquants de boxe pieds-poings.<\/p>\n","protected":false},"excerpt":{"rendered":"\u00c0 seulement 26 ans, Lissandre Mercier n\u2019est plus un espoir de la boxe pieds-poings. Fort d\u2019un palmar\u00e8s long&hellip;\n","protected":false},"author":2,"featured_media":566488,"comment_status":"","ping_status":"","sticky":false,"template":"","format":"standard","meta":{"footnotes":""},"categories":[2821],"tags":[1111,11,13740,829,1777,674,1011,27,12,584,25,60],"class_list":{"0":"post-566487","1":"post","2":"type-post","3":"status-publish","4":"format-standard","5":"has-post-thumbnail","7":"category-rennes","8":"tag-actu","9":"tag-actualites","10":"tag-boxe","11":"tag-bretagne","12":"tag-eu","13":"tag-europe","14":"tag-fr","15":"tag-france","16":"tag-news","17":"tag-rennes","18":"tag-republique-francaise","19":"tag-sports"},"share_on_mastodon":{"url":"https:\/\/pubeurope.com\/@fr\/115632629332084416","error":""},"_links":{"self":[{"href":"https:\/\/www.europesays.com\/fr\/wp-json\/wp\/v2\/posts\/566487","targetHints":{"allow":["GET"]}}],"collection":[{"href":"https:\/\/www.europesays.com\/fr\/wp-json\/wp\/v2\/posts"}],"about":[{"href":"https:\/\/www.europesays.com\/fr\/wp-json\/wp\/v2\/types\/post"}],"author":[{"embeddable":true,"href":"https:\/\/www.europesays.com\/fr\/wp-json\/wp\/v2\/users\/2"}],"replies":[{"embeddable":true,"href":"https:\/\/www.europesays.com\/fr\/wp-json\/wp\/v2\/comments?post=566487"}],"version-history":[{"count":0,"href":"https:\/\/www.europesays.com\/fr\/wp-json\/wp\/v2\/posts\/566487\/revisions"}],"wp:featuredmedia":[{"embeddable":true,"href":"https:\/\/www.europesays.com\/fr\/wp-json\/wp\/v2\/media\/566488"}],"wp:attachment":[{"href":"https:\/\/www.europesays.com\/fr\/wp-json\/wp\/v2\/media?parent=566487"}],"wp:term":[{"taxonomy":"category","embeddable":true,"href":"https:\/\/www.europesays.com\/fr\/wp-json\/wp\/v2\/categories?post=566487"},{"taxonomy":"post_tag","embeddable":true,"href":"https:\/\/www.europesays.com\/fr\/wp-json\/wp\/v2\/tags?post=566487"}],"curies":[{"name":"wp","href":"https:\/\/api.w.org\/{rel}","templated":true}]}}