{"id":566489,"date":"2025-11-29T10:57:11","date_gmt":"2025-11-29T10:57:11","guid":{"rendered":"https:\/\/www.europesays.com\/fr\/566489\/"},"modified":"2025-11-29T10:57:11","modified_gmt":"2025-11-29T10:57:11","slug":"rennes-est-elle-toujours-a-la-pointe-de-la-democratie-participative-retour-sur-le-deuxieme-mandat-de-nathalie-appere","status":"publish","type":"post","link":"https:\/\/www.europesays.com\/fr\/566489\/","title":{"rendered":"Rennes est-elle toujours \u00e0 la pointe de la d\u00e9mocratie participative\u00a0? Retour sur le deuxi\u00e8me mandat de Nathalie App\u00e9r\u00e9"},"content":{"rendered":"<p>Les \u00e9lections municipales de 2020 ont eu lieu un an tout juste apr\u00e8s la fin du \u00ab grand d\u00e9bat national \u00bb cens\u00e9 absorber la col\u00e8re des Gilets jaunes. Les Rennais ayant d\u00e9j\u00e0<a href=\"https:\/\/www.letelegramme.fr\/ille-et-vilaine\/rennes-35000\/a-rennes-bienvenue-dans-les-coulisses-des-jurys-citoyens-3923636.php\" target=\"_blank\" rel=\"noopener\"> une app\u00e9tence en la mati\u00e8re<\/a> (la ville est pionni\u00e8re en termes de budget participatif ou de droit d\u2019interpellation), les principaux candidats ne pouvaient faire l\u2019\u00e9conomie d\u2019un volet consacr\u00e9 \u00e0 la d\u00e9mocratie directe. Comme un \u00e9ventuel rem\u00e8de \u00e0 la crise de d\u00e9fiance qui frappe la sph\u00e8re politique.<\/p>\n<p>Des \u00ab jurys citoyens \u00bb<\/p>\n<p>En 2020, le programme commun de l\u2019actuelle majorit\u00e9 n\u2019a pas fait exception. Promises, les \u00ab votations citoyennes ouvertes aux \u00e9trangers \u00bb n\u2019ont pas vraiment connu de suite. On a vu par contre <a href=\"https:\/\/www.letelegramme.fr\/ille-et-vilaine\/rennes-35000\/on-sabrera-le-champagne-quand-ce-sera-fait-a-rennes-le-jury-citoyen-satisfait-du-projet-de-deconstruction-du-parking-vilaine-6831511.php\" target=\"_blank\" rel=\"noopener\">des \u00ab jurys citoyens \u00bb d\u00e9battre de l\u2019avenir du parking Vilaine<\/a> (sans pouvoir revenir sur l\u2019engagement de sa suppression toutefois). Ou aider \u00e0 \u00e9laborer une charte \u00ab Construction et citoyennet\u00e9 \u00bb pour d\u00e9samorcer les conflits li\u00e9s aux projets immobiliers. Au grand dam des collectifs de riverains qui se sont sentis exclus des participants tir\u00e9s au sort\u2026<\/p>\n<p> En 2021, le conseil municipal a adopt\u00e9 <a href=\"https:\/\/www.letelegramme.fr\/ille-et-vilaine\/rennes-35000\/du-nouveau-pour-la-democratie-participative-a-rennes-3863710.php\" target=\"_blank\" rel=\"noopener\">une nouvelle \u00ab Charte de la d\u00e9mocratie locale et de la participation citoyenne \u00bb<\/a>, pour tenter de renouveler le panel de participants. Une bouff\u00e9e d\u2019oxyg\u00e8ne bienvenue. Certes, Rennes s\u2019\u00e9tait dot\u00e9e en 2015 d\u2019une \u00ab fabrique citoyenne \u00bb cens\u00e9e impliquer le quidam dans les choix d\u2019\u00e9volution de sa ville. Mais elle souffrait de critiques r\u00e9currentes : \u00ab Toujours les m\u00eames qui participent \u00bb, \u00ab C\u2019est d\u00e9j\u00e0 d\u00e9cid\u00e9 \u00e0 l\u2019avance \u00bb\u2026 1<\/p>\n<p>Impliquer de nouveaux publics<\/p>\n<p>L\u2019id\u00e9e est d\u00e9sormais d\u2019impliquer de nouveaux publics gr\u00e2ce \u00e0 une sorte de parcours de formation pour mieux appr\u00e9hender les sujets d\u00e9battus. L\u2019initiative s\u2019accompagne d\u2019une refonte des conseils de quartier. Les membres d\u2019instances citoyennes que nous avons interrog\u00e9s se montrent satisfaits dans l\u2019ensemble. Ils remarquent la possibilit\u00e9 d\u2019\u00e9changer en ligne pour ceux qui ont moins de temps \u00e0 consacrer \u00e0 cette activit\u00e9. Un \u00ab Observatoire de la participation citoyenne \u00bb constitu\u00e9 d\u2019habitants doit rendre son rapport annuel au conseil municipal ce mois-ci. Il n\u2019a pas encore \u00e9t\u00e9 d\u00e9voil\u00e9.<\/p>\n<p>Selon nos informations, il est globalement positif mais recommande plus de p\u00e9dagogie. La mairie devrait \u00eatre incit\u00e9e \u00e0 mieux communiquer quand elle lance une d\u00e9marche et mettre plus de moyens \u00e0 disposition des citoyens pour qu\u2019ils en comprennent rapidement l\u2019int\u00e9r\u00eat et l\u2019objectif. Tout en faisant vivre le projet au travers de multiples acteurs de terrain. Du grain \u00e0 moudre pour les programmes \u00e9lectoraux de 2026.<\/p>\n<p>1 Lire Concertation, pi\u00e8ge \u00e0 c\u2026 ? dans Le Mensuel de d\u00e9cembre 2021<\/p>\n","protected":false},"excerpt":{"rendered":"Les \u00e9lections municipales de 2020 ont eu lieu un an tout juste apr\u00e8s la fin du \u00ab grand&hellip;\n","protected":false},"author":2,"featured_media":566490,"comment_status":"","ping_status":"","sticky":false,"template":"","format":"standard","meta":{"footnotes":""},"categories":[2821],"tags":[1111,11,829,2761,1777,674,1011,27,848,3434,26053,12,3364,584,25],"class_list":{"0":"post-566489","1":"post","2":"type-post","3":"status-publish","4":"format-standard","5":"has-post-thumbnail","7":"category-rennes","8":"tag-actu","9":"tag-actualites","10":"tag-bretagne","11":"tag-elections-municipales-2026","12":"tag-eu","13":"tag-europe","14":"tag-fr","15":"tag-france","16":"tag-ille-et-vilaine","17":"tag-municipales-2026","18":"tag-municipales-2026-a-rennes","19":"tag-news","20":"tag-politique-a-rennes","21":"tag-rennes","22":"tag-republique-francaise"},"share_on_mastodon":{"url":"https:\/\/pubeurope.com\/@fr\/115632632249737754","error":""},"_links":{"self":[{"href":"https:\/\/www.europesays.com\/fr\/wp-json\/wp\/v2\/posts\/566489","targetHints":{"allow":["GET"]}}],"collection":[{"href":"https:\/\/www.europesays.com\/fr\/wp-json\/wp\/v2\/posts"}],"about":[{"href":"https:\/\/www.europesays.com\/fr\/wp-json\/wp\/v2\/types\/post"}],"author":[{"embeddable":true,"href":"https:\/\/www.europesays.com\/fr\/wp-json\/wp\/v2\/users\/2"}],"replies":[{"embeddable":true,"href":"https:\/\/www.europesays.com\/fr\/wp-json\/wp\/v2\/comments?post=566489"}],"version-history":[{"count":0,"href":"https:\/\/www.europesays.com\/fr\/wp-json\/wp\/v2\/posts\/566489\/revisions"}],"wp:featuredmedia":[{"embeddable":true,"href":"https:\/\/www.europesays.com\/fr\/wp-json\/wp\/v2\/media\/566490"}],"wp:attachment":[{"href":"https:\/\/www.europesays.com\/fr\/wp-json\/wp\/v2\/media?parent=566489"}],"wp:term":[{"taxonomy":"category","embeddable":true,"href":"https:\/\/www.europesays.com\/fr\/wp-json\/wp\/v2\/categories?post=566489"},{"taxonomy":"post_tag","embeddable":true,"href":"https:\/\/www.europesays.com\/fr\/wp-json\/wp\/v2\/tags?post=566489"}],"curies":[{"name":"wp","href":"https:\/\/api.w.org\/{rel}","templated":true}]}}