{"id":566491,"date":"2025-11-29T10:58:14","date_gmt":"2025-11-29T10:58:14","guid":{"rendered":"https:\/\/www.europesays.com\/fr\/566491\/"},"modified":"2025-11-29T10:58:14","modified_gmt":"2025-11-29T10:58:14","slug":"oberhausbergen-elle-fonde-une-marque-de-vanille-pour-soutenir-la-scolarisation-denfants-a-madagascar","status":"publish","type":"post","link":"https:\/\/www.europesays.com\/fr\/566491\/","title":{"rendered":"Oberhausbergen. Elle fonde une marque de vanille pour soutenir la scolarisation d\u2019enfants \u00e0 Madagascar"},"content":{"rendered":"<p>Tout commence fin 2019, lorsque Laura Hoen, la fondatrice de Vanilla Komba, part en volontariat dans l\u2019\u00e9covillage Akiba, nich\u00e9 sur les hauteurs de la petite \u00eele de Nosy Komba \u00e0 Madagascar. L\u00e0-bas, une \u00e9cole de brousse accueille les enfants du village dans plusieurs classes. Mais en 2020, la crise sanitaire bouleverse tout\u00a0: fermeture des fronti\u00e8res, arr\u00eat du tourisme, disparition des volontaires. L\u2019\u00e9cole risque de fermer.<\/p>\n<p>C\u2019est alors que Laura Hoen cr\u00e9e Vanilla Komba avec une mission claire\u00a0: maintenir l\u2019\u00e9cole et ses activit\u00e9s gr\u00e2ce \u00e0 un&#8230;<\/p>\n","protected":false},"excerpt":{"rendered":"Tout commence fin 2019, lorsque Laura Hoen, la fondatrice de Vanilla Komba, part en volontariat dans l\u2019\u00e9covillage Akiba,&hellip;\n","protected":false},"author":2,"featured_media":566492,"comment_status":"","ping_status":"","sticky":false,"template":"","format":"standard","meta":{"footnotes":""},"categories":[2820],"tags":[1111,11,1687,2880,1777,674,107,1011,27,775,12,17351,25,640,3265],"class_list":{"0":"post-566491","1":"post","2":"type-post","3":"status-publish","4":"format-standard","5":"has-post-thumbnail","7":"category-strasbourg","8":"tag-actu","9":"tag-actualites","10":"tag-culture-loisirs","11":"tag-edition-strasbourg","12":"tag-eu","13":"tag-europe","14":"tag-fil-info","15":"tag-fr","16":"tag-france","17":"tag-grand-est","18":"tag-news","19":"tag-oberhausbergen","20":"tag-republique-francaise","21":"tag-strasbourg","22":"tag-strasbourg-nord"},"share_on_mastodon":{"url":"https:\/\/pubeurope.com\/@fr\/115632636380653710","error":""},"_links":{"self":[{"href":"https:\/\/www.europesays.com\/fr\/wp-json\/wp\/v2\/posts\/566491","targetHints":{"allow":["GET"]}}],"collection":[{"href":"https:\/\/www.europesays.com\/fr\/wp-json\/wp\/v2\/posts"}],"about":[{"href":"https:\/\/www.europesays.com\/fr\/wp-json\/wp\/v2\/types\/post"}],"author":[{"embeddable":true,"href":"https:\/\/www.europesays.com\/fr\/wp-json\/wp\/v2\/users\/2"}],"replies":[{"embeddable":true,"href":"https:\/\/www.europesays.com\/fr\/wp-json\/wp\/v2\/comments?post=566491"}],"version-history":[{"count":0,"href":"https:\/\/www.europesays.com\/fr\/wp-json\/wp\/v2\/posts\/566491\/revisions"}],"wp:featuredmedia":[{"embeddable":true,"href":"https:\/\/www.europesays.com\/fr\/wp-json\/wp\/v2\/media\/566492"}],"wp:attachment":[{"href":"https:\/\/www.europesays.com\/fr\/wp-json\/wp\/v2\/media?parent=566491"}],"wp:term":[{"taxonomy":"category","embeddable":true,"href":"https:\/\/www.europesays.com\/fr\/wp-json\/wp\/v2\/categories?post=566491"},{"taxonomy":"post_tag","embeddable":true,"href":"https:\/\/www.europesays.com\/fr\/wp-json\/wp\/v2\/tags?post=566491"}],"curies":[{"name":"wp","href":"https:\/\/api.w.org\/{rel}","templated":true}]}}