{"id":566495,"date":"2025-11-29T11:00:39","date_gmt":"2025-11-29T11:00:39","guid":{"rendered":"https:\/\/www.europesays.com\/fr\/566495\/"},"modified":"2025-11-29T11:00:39","modified_gmt":"2025-11-29T11:00:39","slug":"nice-en-tete-de-ce-classement-les-alpes-maritimes-ecrasent-la-concurrence","status":"publish","type":"post","link":"https:\/\/www.europesays.com\/fr\/566495\/","title":{"rendered":"Nice en t\u00eate de ce classement, les Alpes-Maritimes \u00e9crasent la concurrence"},"content":{"rendered":"<p>                    Par<br \/>\n        <strong><br \/>\n            <a href=\"https:\/\/actu.fr\/auteur\/arthur-frand\" title=\"Consulter tous les articles de Arthur Frand\" target=\"_blank\" rel=\"noopener\">Arthur Frand<\/a><br \/>\n                    <\/strong><\/p>\n<p>        Publi\u00e9 le<\/p>\n<p>            29 nov. 2025 \u00e0 8h16        <\/p>\n<p>L\u2019int\u00e9r\u00eat des touristes pour <a href=\"https:\/\/actu.fr\/nice\/\" target=\"_blank\" rel=\"noopener\">Nice<\/a> ne s\u2019estompe pas. Quelle que soit la saison. Plus g\u00e9n\u00e9ralement, les vacanciers adorent <strong>poser leurs valises<\/strong> dans les <a href=\"https:\/\/actu.fr\/provence-alpes-cote-d-azur\/alpes-maritimes_06\" target=\"_blank\" rel=\"noopener\">Alpes-Maritimes<\/a>. Une tendance plus que confirm\u00e9e en 2025.<\/p>\n<p class=\" wall-content\">En ce mois de novembre, le sp\u00e9cialiste de la location pour les vacances Holidu a <a href=\"https:\/\/www.holidu.fr\/magazine\/enquete-hotes-locations-vacances-france-2025\" target=\"_blank\" rel=\"noopener\">r\u00e9alis\u00e9 un sondage<\/a> pour conna\u00eetre les villes fran\u00e7aises qui suscitent le <strong>plus d\u2019int\u00e9r\u00eat en \u00e9t\u00e9<\/strong>, et celles qui attirent <strong>davantage \u00e0 l\u2019automne<\/strong>. Nice figure tout en haut du classement et trois autres villes des Alpes-Maritimes occupent le top\u00a010. Voici ce qu\u2019il faut savoir.<\/p>\n<p>Nice ville la plus pris\u00e9e, Cannes, Antibes et Menton appr\u00e9ci\u00e9es<\/p>\n<p class=\" wall-content\">D\u2019apr\u00e8s ce sondage, bas\u00e9 sur le nombre de recherches effectu\u00e9es sur le site Holidu, Nice s\u2019impose comme <strong>la ville incontournable de France<\/strong> en \u00e9t\u00e9 et en automne. Elle occupe la premi\u00e8re place devant Paris et Marseille.<\/p>\n<p class=\" wall-content\">Mais Nice n\u2019est pas la seule localit\u00e9 ador\u00e9e par les vacanciers l\u2019\u00e9t\u00e9. En effet, <strong>trois autres villes<\/strong> des Alpes-Maritimes figurent parmi le top\u00a010 de ce classement\u2009: Cannes (4e), Antibes (8e) et Menton (10e).<\/p>\n<p class=\" wall-content\">\n<p class=\" wall-content\">Le classement est globalement domin\u00e9 par les <strong>villes en bord de mer<\/strong> et les stations baln\u00e9aires\u2009: Nice, Cannes, Agde, Fr\u00e9jus, La\u00a0Rochelle, Antibes, Menton et Porto-Vecchio. Ce sont ces derni\u00e8res qui concentrent le plus grand nombre de recherches. Elles sont adapt\u00e9es aux familles et aux groupes, pr\u00e9cise Holidu.<\/p>\n<p class=\" wall-content\">En automne, les destinations pr\u00e9f\u00e9r\u00e9es des vacanciers <strong>\u00e9voluent<\/strong>. Nice, Menton et Cannes gardent leur attractivit\u00e9. La capitale des Alpes-Maritimes reste la destination num\u00e9ro une, devant Paris et Marseille toujours. Menton grimpe m\u00eame au cinqui\u00e8me rang du classement. Cannes recule \u00e0 la 9e place et Antibes sort de ce top\u00a010. Les villes dites baln\u00e9aires au profit de Colmar, Annecy, Bordeaux, Lyon et Strasbourg.<\/p>\n<p>    <img   decoding=\"async\" loading=\"lazy\" src=\"https:\/\/www.europesays.com\/fr\/wp-content\/uploads\/2025\/11\/sondage-holidu-960x640.png\" alt=\"Sondage Holidu\" width=\"960\" height=\"640\"\/><br \/>\n    Nice occupe la premi\u00e8re place des villes les plus recherch\u00e9es en \u00e9t\u00e9 et en automne. (\u00a9Document remis \u00e0 actu Nice)<\/p>\n<p>Votre r\u00e9gion, votre actu !<\/p>\n<p>Recevez chaque jour les infos qui comptent pour vous.<\/p>\n<p>\t<a href=\"https:\/\/actu.fr\/newsletter\" class=\"ac-btn ac-btn--corner ac-btn--medium ac-btn--blue800\" target=\"_blank\" rel=\"noopener\">S&rsquo;incrire<\/a><\/p>\n<p class=\" wall-content\">Lors de la p\u00e9riode automnale, les vacanciers pr\u00e9f\u00e8rent s\u2019enrichir culturellement et d\u00e9couvrir le patrimoine d\u2019une ville. Ils ciblent des <strong>s\u00e9jours spontan\u00e9s<\/strong>, \u00e0 la derni\u00e8re minute, avec un int\u00e9r\u00eat accru pour l\u2019histoire, l\u2019architecture et la gastronomie locale selon Holidu.<\/p>\n<p>M\u00e9thodologie<\/p>\n<p>Le classement des destinations repose sur les recherches effectu\u00e9es sur le site Holidu pour des s\u00e9jours entre le 15\u00a0juin et le 30\u00a0ao\u00fbt 2025 (\u00e9t\u00e9) et entre le 15\u00a0septembre et le 30\u00a0novembre 2025 (automne). Les recherches ont \u00e9t\u00e9 effectu\u00e9es entre le 1er\u00a0janvier et le 15\u00a0octobre 2025. Le site Holidu accueille plus de 100\u00a0millions de visiteurs par an.<\/p>\n<p class=\" wall-content\">Personnalisez votre actualit\u00e9 en ajoutant vos villes et m\u00e9dias en favori avec <a href=\"https:\/\/moncompte.actu.fr\" title=\"D\u00e9couvez Mon Actu\" rel=\"nofollow noopener\" data-trk=\"{&quot;cta&quot;:{&quot;action&quot;:&quot;https:\\\/\\\/moncompte.actu.fr&quot;,&quot;category&quot;:&quot;mon compte&quot;,&quot;from&quot;:&quot;article footer&quot;,&quot;name&quot;:&quot;Mon actu&quot;,&quot;type&quot;:&quot;cta&quot;}}\" target=\"_blank\">Mon Actu<\/a>.<\/p>\n","protected":false},"excerpt":{"rendered":"Par Arthur Frand Publi\u00e9 le 29 nov. 2025 \u00e0 8h16 L\u2019int\u00e9r\u00eat des touristes pour Nice ne s\u2019estompe pas.&hellip;\n","protected":false},"author":2,"featured_media":566496,"comment_status":"","ping_status":"","sticky":false,"template":"","format":"standard","meta":{"footnotes":""},"categories":[2819],"tags":[1111,11,7345,1777,674,1011,27,12,2401,882,25,104,602],"class_list":{"0":"post-566495","1":"post","2":"type-post","3":"status-publish","4":"format-standard","5":"has-post-thumbnail","7":"category-nice","8":"tag-actu","9":"tag-actualites","10":"tag-airbnb","11":"tag-eu","12":"tag-europe","13":"tag-fr","14":"tag-france","15":"tag-news","16":"tag-nice","17":"tag-provence-alpes-cote-dazur","18":"tag-republique-francaise","19":"tag-societe","20":"tag-tourisme"},"share_on_mastodon":{"url":"https:\/\/pubeurope.com\/@fr\/115632645624905378","error":""},"_links":{"self":[{"href":"https:\/\/www.europesays.com\/fr\/wp-json\/wp\/v2\/posts\/566495","targetHints":{"allow":["GET"]}}],"collection":[{"href":"https:\/\/www.europesays.com\/fr\/wp-json\/wp\/v2\/posts"}],"about":[{"href":"https:\/\/www.europesays.com\/fr\/wp-json\/wp\/v2\/types\/post"}],"author":[{"embeddable":true,"href":"https:\/\/www.europesays.com\/fr\/wp-json\/wp\/v2\/users\/2"}],"replies":[{"embeddable":true,"href":"https:\/\/www.europesays.com\/fr\/wp-json\/wp\/v2\/comments?post=566495"}],"version-history":[{"count":0,"href":"https:\/\/www.europesays.com\/fr\/wp-json\/wp\/v2\/posts\/566495\/revisions"}],"wp:featuredmedia":[{"embeddable":true,"href":"https:\/\/www.europesays.com\/fr\/wp-json\/wp\/v2\/media\/566496"}],"wp:attachment":[{"href":"https:\/\/www.europesays.com\/fr\/wp-json\/wp\/v2\/media?parent=566495"}],"wp:term":[{"taxonomy":"category","embeddable":true,"href":"https:\/\/www.europesays.com\/fr\/wp-json\/wp\/v2\/categories?post=566495"},{"taxonomy":"post_tag","embeddable":true,"href":"https:\/\/www.europesays.com\/fr\/wp-json\/wp\/v2\/tags?post=566495"}],"curies":[{"name":"wp","href":"https:\/\/api.w.org\/{rel}","templated":true}]}}