{"id":566497,"date":"2025-11-29T11:03:18","date_gmt":"2025-11-29T11:03:18","guid":{"rendered":"https:\/\/www.europesays.com\/fr\/566497\/"},"modified":"2025-11-29T11:03:18","modified_gmt":"2025-11-29T11:03:18","slug":"nous-etions-prets-a-embarquer-des-vols-annules-a-nice-la-situation-revient-progressivement-a-la-normale","status":"publish","type":"post","link":"https:\/\/www.europesays.com\/fr\/566497\/","title":{"rendered":"\u00ab\u00a0nous \u00e9tions pr\u00eats \u00e0 embarquer\u00a0\u00bb, des vols annul\u00e9s \u00e0 Nice, la situation revient progressivement \u00e0 la normale"},"content":{"rendered":"<p>      Publi\u00e9 le29\/11\/2025 \u00e0 11h27<\/p>\n<p>    Temps de lecture : 3 mins\n  <\/p>\n<p><a class=\"btn-text__default btn-text__primary btn-text__on-white has--icon\" href=\"https:\/\/france3-regions.franceinfo.fr\/provence-alpes-cote-d-azur\/\" data-region=\"provence-alpes-cote-d-azur\" target=\"_blank\" rel=\"noopener\"><\/p>\n<p>              Provence-Alpes-C\u00f4te d&rsquo;Azur<\/p>\n<p>  <\/a>    <\/p>\n<ul class=\"article-share--alt__lst\">\n<li class=\"article-share--alt__lst__itm\">\n<p>      France3 R\u00e9gions sur Facebook (Nouvelle fen\u00eatre)<\/p>\n<\/li>\n<li class=\"article-share--alt__lst__itm\">\n<p>      France3 R\u00e9gions sur WhatsApp (Nouvelle fen\u00eatre)<\/p>\n<\/li>\n<li class=\"article-share--alt__lst__itm\">\n<p>              copier le lien<\/p>\n<\/li>\n<\/ul>\n<p class=\"article__intro\">Pr\u00e8s de 6000 Airbus n&rsquo;ont pas pu d\u00e9coller ce vendredi 28 et ce samedi 29 novembre en raison d&rsquo;une alerte sur un logiciel. Dans la r\u00e9gion Provence-Alpes-C\u00f4te-d&rsquo;Azur, plusieurs vols ont \u00e9t\u00e9 supprim\u00e9s, parfois au dernier moment. Une passag\u00e8re t\u00e9moigne. <\/p>\n<p>\n      L\u2019actu des r\u00e9gions\n    <\/p>\n<p>\n      Chaque jour, un tour d\u2019horizon des principales infos de toutes les r\u00e9gions.\n    <\/p>\n<p>    France T\u00e9l\u00e9visions utilise votre adresse e-mail afin de vous envoyer la newsletter \u00ab\u00a0L\u2019actu des r\u00e9gions\u00a0\u00bb. Vous pouvez vous d\u00e9sinscrire \u00e0 tout moment via le lien en bas de cette newsletter. <a target=\"_blank\" href=\"https:\/\/www.francetelevisions.fr\/groupe\/confidentialite\/politique-de-confidentialite\/politique-de-confidentialite-de-france-televisions-6503\" rel=\"noopener\">Notre politique de confidentialit\u00e9<\/a><\/p>\n<p>Un vol en direction de l&rsquo;a\u00e9roport de Paris-Orly, annul\u00e9 une vingtaine de minutes avant son d\u00e9collage. C&rsquo;est la m\u00e9saventure v\u00e9cue ce vendredi 28 novembre par des passagers de l&rsquo;a\u00e9roport Nice C\u00f4te d&rsquo;Azur, dans les Alpes-Maritimes, comme dans d&rsquo;autres a\u00e9roports fran\u00e7ais. <\/p>\n<p>Pr\u00e8s de 6 000 Airbus ont \u00e9t\u00e9 maintenu au sol \u00ab\u00a0en raison d\u2019un logiciel de commande, jug\u00e9 vuln\u00e9rable aux radiations solaires\u00a0\u00bb sur l&rsquo;ensemble du territoire, selon RadioFrance. Des perturbations qui ont donc concern\u00e9 les a\u00e9roports de la r\u00e9gion Provence-Alpes-C\u00f4te d&rsquo;Azur.<\/p>\n<p>\u00ab\u00a0Nous avions pass\u00e9 les contr\u00f4les de s\u00e9curit\u00e9, et nous \u00e9tions pr\u00eats \u00e0 embarquer, raconte Marie, qui devait prendre un vol \u00e0 Nice avec la compagne Air France ce vendredi soir, vers 19h15. Nous n&rsquo;avions pas encore eu d&rsquo;annonces officielles, mais nous avons vu des passagers faire demi-tour\u00a0\u00bb.<\/p>\n<p>Deux vols au total ont \u00e9t\u00e9 annul\u00e9s \u00e0 Nice ce vendredi soir. Un autre<a href=\"https:\/\/www.marseille.aeroport.fr\/vols-et-destinations\/vols\/departs-du-jour\" target=\"_blank\" rel=\"noopener noreferrer nofollow\" data-tooltip-url=\"https:\/\/www.marseille.aeroport.fr\/vols-et-destinations\/vols\/departs-du-jour\">, pr\u00e9vu \u00e0 9h35 ce samedi 29 novembre<\/a> par la compagnie Air France, a \u00e9galement \u00e9t\u00e9 supprim\u00e9. \u00c0 l&rsquo;a\u00e9roport de Marseille-Provence, \u00e0 Marignane, dans les Bouches-du-Rh\u00f4ne, ce sont deux vols qui sont annul\u00e9s en avance ce samedi. Aucune annulation n&rsquo;a eu lieu vendredi. \u00ab\u00a0Ce sont uniquement des vols Air France, parce que cela correspond \u00e0 un certain mod\u00e8le d&rsquo;Airbus, indique la communication de la structure. Air France indique souhaiter que tout soit r\u00e9gl\u00e9 d&rsquo;ici ce soir\u00a0\u00bb.<\/p>\n<p>\u00ab\u00a0Ce matin, la situation revient progressivement \u00e0 la normale, les compagnies ont \u00e9t\u00e9 tr\u00e8s r\u00e9actives. Les op\u00e9rations de maintenance sur les appareils et sur ce logiciel ont pu \u00eatre r\u00e9alis\u00e9es en grande partie dans la nuit, indique le ministre des Transports, Philippe Tabarot, pr\u00e9sent ce jour \u00e0 Nice, \u00e0 France 3 C\u00f4te d&rsquo;Azur. La compagnie Airbus a souhait\u00e9 jouer pleinement la transparence, la s\u00e9curit\u00e9. Le transport, c&rsquo;est la s\u00e9curit\u00e9 en premier. La deuxi\u00e8me chose, ce sont les passagers, qui ont \u00e9t\u00e9 avertis dans la mesure du possible le plus rapidement\u00a0\u00bb. En France, une trentaine de vols ont \u00e9t\u00e9 concern\u00e9s ce vendredi, et moins d&rsquo;une cinquantaine de samedi, indique le ministre.<\/p>\n<p>\u00ab\u00a0On nous avait indiqu\u00e9 de surveiller pour voir si l&rsquo;on pouvait \u00eatre plac\u00e9 sur un autre vol, indique Marie. Mais ce matin, ce n&rsquo;est plus possible, on peut seulement \u00eatre rembours\u00e9\u00a0\u00bb. Elle indique avoir rapidement appel\u00e9 un h\u00f4tel \u00e0 proximit\u00e9 de l&rsquo;a\u00e9roport pour pouvoir dormir sur place.<\/p>\n<p>Ce samedi matin, Marie repart en train jusqu&rsquo;\u00e0 sa destination finale, Lille. Elle esp\u00e8re pouvoir \u00eatre indemnis\u00e9e pour la nuit d&rsquo;h\u00f4tel et le billet annul\u00e9. \u00ab\u00a0Je me suis dit que le train, c&rsquo;\u00e9tait plus s\u00fbr, m\u00eame si c&rsquo;est plus long. Je trouve que \u00e7a a finalement \u00e9t\u00e9 plut\u00f4t bien g\u00e9r\u00e9 vu le nombre de personnes concern\u00e9es\u00a0\u00bb, exprime-t-elle.<\/p>\n<p>Avec Nathalie Jourdan, journaliste \u00e0 France 3 C\u00f4te d&rsquo;Azur. <\/p>\n","protected":false},"excerpt":{"rendered":"Publi\u00e9 le29\/11\/2025 \u00e0 11h27 Temps de lecture : 3 mins Provence-Alpes-C\u00f4te d&rsquo;Azur France3 R\u00e9gions sur Facebook (Nouvelle fen\u00eatre)&hellip;\n","protected":false},"author":2,"featured_media":566498,"comment_status":"","ping_status":"","sticky":false,"template":"","format":"standard","meta":{"footnotes":""},"categories":[2819],"tags":[1111,11,1777,674,1011,27,12,2401,882,25],"class_list":{"0":"post-566497","1":"post","2":"type-post","3":"status-publish","4":"format-standard","5":"has-post-thumbnail","7":"category-nice","8":"tag-actu","9":"tag-actualites","10":"tag-eu","11":"tag-europe","12":"tag-fr","13":"tag-france","14":"tag-news","15":"tag-nice","16":"tag-provence-alpes-cote-dazur","17":"tag-republique-francaise"},"share_on_mastodon":{"url":"https:\/\/pubeurope.com\/@fr\/115632655858267283","error":""},"_links":{"self":[{"href":"https:\/\/www.europesays.com\/fr\/wp-json\/wp\/v2\/posts\/566497","targetHints":{"allow":["GET"]}}],"collection":[{"href":"https:\/\/www.europesays.com\/fr\/wp-json\/wp\/v2\/posts"}],"about":[{"href":"https:\/\/www.europesays.com\/fr\/wp-json\/wp\/v2\/types\/post"}],"author":[{"embeddable":true,"href":"https:\/\/www.europesays.com\/fr\/wp-json\/wp\/v2\/users\/2"}],"replies":[{"embeddable":true,"href":"https:\/\/www.europesays.com\/fr\/wp-json\/wp\/v2\/comments?post=566497"}],"version-history":[{"count":0,"href":"https:\/\/www.europesays.com\/fr\/wp-json\/wp\/v2\/posts\/566497\/revisions"}],"wp:featuredmedia":[{"embeddable":true,"href":"https:\/\/www.europesays.com\/fr\/wp-json\/wp\/v2\/media\/566498"}],"wp:attachment":[{"href":"https:\/\/www.europesays.com\/fr\/wp-json\/wp\/v2\/media?parent=566497"}],"wp:term":[{"taxonomy":"category","embeddable":true,"href":"https:\/\/www.europesays.com\/fr\/wp-json\/wp\/v2\/categories?post=566497"},{"taxonomy":"post_tag","embeddable":true,"href":"https:\/\/www.europesays.com\/fr\/wp-json\/wp\/v2\/tags?post=566497"}],"curies":[{"name":"wp","href":"https:\/\/api.w.org\/{rel}","templated":true}]}}