{"id":566500,"date":"2025-11-29T11:06:15","date_gmt":"2025-11-29T11:06:15","guid":{"rendered":"https:\/\/www.europesays.com\/fr\/566500\/"},"modified":"2025-11-29T11:06:15","modified_gmt":"2025-11-29T11:06:15","slug":"cette-asso-qui-aide-les-enfants-fete-ses-trois-ans-avec-de-lhumour-et-de-la-magie","status":"publish","type":"post","link":"https:\/\/www.europesays.com\/fr\/566500\/","title":{"rendered":"cette asso qui aide les enfants f\u00eate ses trois ans avec de l\u2019humour et de la magie"},"content":{"rendered":"<p>                    Par<br \/>\n        <strong><br \/>\n            <a href=\"https:\/\/actu.fr\/auteur\/laure-gentil\" title=\"Consulter tous les articles de Laure Gentil\" target=\"_blank\" rel=\"noopener\">Laure Gentil<\/a><br \/>\n                    <\/strong><\/p>\n<p>        Publi\u00e9 le<\/p>\n<p>            29 nov. 2025 \u00e0 12h00        <\/p>\n<p>\u00c0 10\u00a0ans, Malo est atteint d\u2019une paralysie c\u00e9r\u00e9brale. Sa famille, r\u00e9sidant \u00e0 Sautron a cr\u00e9\u00e9 l\u2019a<a href=\"https:\/\/actu.fr\/pays-de-la-loire\/sautron_44194\/pres-de-nantes-le-combat-de-malo-et-sa-famille-face-au-handicap_63486717.html\" target=\"_blank\" rel=\"noopener\">ssociation Hissez O Malo pour aider les enfants en situation de handicap<\/a>. Au d\u00e9part, l\u2019association Hissez O Malo avait pour vocation de financer une synth\u00e8se vocale pour Malo mais Florent et Gwenola ont \u00e9galement souhait\u00e9 soutenir d\u2019autres familles. Le 14\u00a0f\u00e9vrier, l\u2019association organise un spectacle \u00e0 20h pour f\u00eater ses trois ans.<\/p>\n<p>De l\u2019humour et de la magie<\/p>\n<p class=\" wall-content\">Au programme deux humoristes et un magicien\u2009: Micky, J\u00e9r\u00f4me Le Tessier et Yoann Gauthier. Si le spectacle commence \u00e0 20h, il est possible de profiter d\u2019un ap\u00e9ritif \u00e0 18h. L\u2019\u00e9v\u00e8nement est organis\u00e9 \u00e0 Sautron, dans l\u2019Espace Phelippes Beaulieu. Attention, les places sont limit\u00e9es, il est donc demand\u00e9 de <a href=\"https:\/\/www.helloasso.com\/associations\/hissez-o-malo\/evenements\/humour-et-magie\" target=\"_blank\" rel=\"noopener\">r\u00e9server sa place, en cliquant ici.<\/a> Le prix du billet s\u2019\u00e9l\u00e8ve \u00e0 10\u00a0euros.<\/p>\n<p class=\" wall-content\">Personnalisez votre actualit\u00e9 en ajoutant vos villes et m\u00e9dias en favori avec <a href=\"https:\/\/moncompte.actu.fr\" title=\"D\u00e9couvez Mon Actu\" rel=\"nofollow noopener\" data-trk=\"{&quot;cta&quot;:{&quot;action&quot;:&quot;https:\\\/\\\/moncompte.actu.fr&quot;,&quot;category&quot;:&quot;mon compte&quot;,&quot;from&quot;:&quot;article footer&quot;,&quot;name&quot;:&quot;Mon actu&quot;,&quot;type&quot;:&quot;cta&quot;}}\" target=\"_blank\">Mon Actu<\/a>.<\/p>\n","protected":false},"excerpt":{"rendered":"Par Laure Gentil Publi\u00e9 le 29 nov. 2025 \u00e0 12h00 \u00c0 10\u00a0ans, Malo est atteint d\u2019une paralysie c\u00e9r\u00e9brale.&hellip;\n","protected":false},"author":2,"featured_media":566501,"comment_status":"","ping_status":"","sticky":false,"template":"","format":"standard","meta":{"footnotes":""},"categories":[2818],"tags":[1111,11,1063,1719,1777,674,1011,27,1652,766,12,2636,25,3400],"class_list":{"0":"post-566500","1":"post","2":"type-post","3":"status-publish","4":"format-standard","5":"has-post-thumbnail","7":"category-nantes","8":"tag-actu","9":"tag-actualites","10":"tag-animations","11":"tag-enfants","12":"tag-eu","13":"tag-europe","14":"tag-fr","15":"tag-france","16":"tag-loisirs-culture","17":"tag-nantes","18":"tag-news","19":"tag-pays-de-la-loire","20":"tag-republique-francaise","21":"tag-solidarite"},"share_on_mastodon":{"url":"https:\/\/pubeurope.com\/@fr\/115632667763593954","error":""},"_links":{"self":[{"href":"https:\/\/www.europesays.com\/fr\/wp-json\/wp\/v2\/posts\/566500","targetHints":{"allow":["GET"]}}],"collection":[{"href":"https:\/\/www.europesays.com\/fr\/wp-json\/wp\/v2\/posts"}],"about":[{"href":"https:\/\/www.europesays.com\/fr\/wp-json\/wp\/v2\/types\/post"}],"author":[{"embeddable":true,"href":"https:\/\/www.europesays.com\/fr\/wp-json\/wp\/v2\/users\/2"}],"replies":[{"embeddable":true,"href":"https:\/\/www.europesays.com\/fr\/wp-json\/wp\/v2\/comments?post=566500"}],"version-history":[{"count":0,"href":"https:\/\/www.europesays.com\/fr\/wp-json\/wp\/v2\/posts\/566500\/revisions"}],"wp:featuredmedia":[{"embeddable":true,"href":"https:\/\/www.europesays.com\/fr\/wp-json\/wp\/v2\/media\/566501"}],"wp:attachment":[{"href":"https:\/\/www.europesays.com\/fr\/wp-json\/wp\/v2\/media?parent=566500"}],"wp:term":[{"taxonomy":"category","embeddable":true,"href":"https:\/\/www.europesays.com\/fr\/wp-json\/wp\/v2\/categories?post=566500"},{"taxonomy":"post_tag","embeddable":true,"href":"https:\/\/www.europesays.com\/fr\/wp-json\/wp\/v2\/tags?post=566500"}],"curies":[{"name":"wp","href":"https:\/\/api.w.org\/{rel}","templated":true}]}}