{"id":566502,"date":"2025-11-29T11:07:11","date_gmt":"2025-11-29T11:07:11","guid":{"rendered":"https:\/\/www.europesays.com\/fr\/566502\/"},"modified":"2025-11-29T11:07:11","modified_gmt":"2025-11-29T11:07:11","slug":"la-porte-de-lhotel-de-ville-de-bordeaux-remplacee-30-mois-apres-avoir-ete-incendiee-quand-la-voir","status":"publish","type":"post","link":"https:\/\/www.europesays.com\/fr\/566502\/","title":{"rendered":"La porte de l&rsquo;h\u00f4tel de ville de Bordeaux remplac\u00e9e 30 mois apr\u00e8s avoir \u00e9t\u00e9 incendi\u00e9e : quand la voir\u00a0?"},"content":{"rendered":"<p>                    Par<br \/>\n        <strong><br \/>\n            <a href=\"https:\/\/actu.fr\/auteur\/juliette-cardinale\" title=\"Consulter tous les articles de Juliette Cardinale\" target=\"_blank\" rel=\"noopener\">Juliette Cardinale<\/a><br \/>\n                    <\/strong><\/p>\n<p>        Publi\u00e9 le<\/p>\n<p>            29 nov. 2025 \u00e0 11h46        <\/p>\n<p>C\u2019est un acte qui avait provoqu\u00e9 beaucoup d\u2019\u00e9moi \u00e0 Bordeaux. Le 23\u00a0mars 2023, en marge <a href=\"https:\/\/actu.fr\/nouvelle-aquitaine\/bordeaux_33063\/greve-du-23-mars-a-bordeaux-suivez-la-mobilisation-contre-la-reforme-des-retraites_58299115.html\" target=\"_blank\" rel=\"noopener\">d\u2019une manifestation contre la r\u00e9forme des retraites,<\/a> un groupe d\u2019individus avait <strong>incendi\u00e9 la porte de l\u2019h\u00f4tel de ville.<\/strong> Plus de 30\u00a0mois plus tard, la nouvelle porte ne va plus tarder \u00e0 \u00eatre install\u00e9e. Le maire Pierre Hurmic convie les Bordelais \u00e0 son inauguration le 12\u00a0d\u00e9cembre 2025.<\/p>\n<p>Un incendie criminel<\/p>\n<p class=\" wall-content\">En <a href=\"https:\/\/actu.fr\/nouvelle-aquitaine\/bordeaux_33063\/on-a-crame-la-mairie-quatre-hommes-devant-la-justice-a-bordeaux-pour-expliquer-l-inexplicable_60805585.html\" target=\"_blank\" rel=\"noopener\">moins de dix minutes<\/a> ce jour-l\u00e0, la porte de la mairie avait \u00e9t\u00e9 presque enti\u00e8rement d\u00e9truite. Trop ab\u00eem\u00e9e, elle <strong>ne pouvait \u00eatre r\u00e9par\u00e9e ou remploy\u00e9e. <\/strong>Ne restait alors qu\u2019une solution\u2009: la remplacer.<\/p>\n<p class=\" wall-content\">Les Bordelais avaient pu donner leur avis lors <a href=\"https:\/\/actu.fr\/nouvelle-aquitaine\/bordeaux_33063\/classique-ou-contemporain-la-mairie-de-bordeaux-laisse-le-choix-pour-la-nouvelle-porte_60139268.html\" target=\"_blank\" rel=\"noopener\">d\u2019une concertation publique.<\/a> Entre une version \u00ab\u2009contemporaine\u2009\u00bb et une <strong>reconstruction \u00e0 l\u2019identique,<\/strong> le second choix avait \u00e9t\u00e9 largement pr\u00e9f\u00e9r\u00e9 par les 13\u2009820 votants.<\/p>\n<p class=\" wall-content\">\u00ab\u2009Vous retrouverez, sur ses battants pesant 500 kilos chacun, <strong>les m\u00eames sculptures, frises et figures<\/strong> que sur l\u2019ancienne porte\u2009\u00bb, promet Pierre Hurmic dans une lettre affich\u00e9e devant le palais Rohan et adress\u00e9e aux Bordelaises et Bordelais.<\/p>\n<p class=\" wall-content\">D\u00e8s le mercredi 10\u00a0d\u00e9cembre prochain, les Bordelais pourront apercevoir les artisans \u00e0 l\u2019\u0153uvre pour installer la porte r\u00e9alis\u00e9e en <strong>bois issu de for\u00eats fran\u00e7aises.<\/strong> Ce travail m\u00e9ticuleux doit prendre deux jours et les habitants sont convi\u00e9s \u00e0 <strong>l\u2019inauguration le vendredi 12\u00a0d\u00e9cembre \u00e0 18h.<\/strong><\/p>\n<p>Plus de deux ans de travaux<\/p>\n<p class=\" wall-content\">Une invitation qui promet un moment solennel. Il marquera un point final aux <strong>longs travaux de r\u00e9novation<\/strong> d\u00e9marr\u00e9s d\u00e8s le mois de juillet\u00a02023 sous la supervision des Compagnons de Saint-Jacques. <a href=\"https:\/\/actu.fr\/nouvelle-aquitaine\/bordeaux_33063\/la-porte-de-l-hotel-de-ville-de-bordeaux-entre-en-travaux-plus-d-un-an-apres-avoir-ete-incendiee_61330954.html\" target=\"_blank\" rel=\"noopener\">Lanc\u00e9e l\u2019\u00e9t\u00e9 suivant,<\/a> la restauration de l\u2019encadrement a permis de red\u00e9couvrir et r\u00e9nover les pierres, colonnes, statues et <strong>blason de l\u2019entr\u00e9e<\/strong> du Palais Rohan.<\/p>\n<p class=\" wall-content\">\u00ab\u2009Le co\u00fbt de l\u2019ensemble de ces op\u00e9rations est estim\u00e9 \u00e0 <strong>704 000 euros TTC\u2009\u00bb,<\/strong> <a href=\"https:\/\/www.bordeaux.fr\/renaissance-porte-hotel-de-ville\" target=\"_blank\" rel=\"noopener\">pr\u00e9cise la mairie.<\/a><\/p>\n<p class=\" wall-content\">Personnalisez votre actualit\u00e9 en ajoutant vos villes et m\u00e9dias en favori avec <a href=\"https:\/\/moncompte.actu.fr\" title=\"D\u00e9couvez Mon Actu\" rel=\"nofollow noopener\" data-trk=\"{&quot;cta&quot;:{&quot;action&quot;:&quot;https:\\\/\\\/moncompte.actu.fr&quot;,&quot;category&quot;:&quot;mon compte&quot;,&quot;from&quot;:&quot;article footer&quot;,&quot;name&quot;:&quot;Mon actu&quot;,&quot;type&quot;:&quot;cta&quot;}}\" target=\"_blank\">Mon Actu<\/a>.<\/p>\n","protected":false},"excerpt":{"rendered":"Par Juliette Cardinale Publi\u00e9 le 29 nov. 2025 \u00e0 11h46 C\u2019est un acte qui avait provoqu\u00e9 beaucoup d\u2019\u00e9moi&hellip;\n","protected":false},"author":2,"featured_media":566503,"comment_status":"","ping_status":"","sticky":false,"template":"","format":"standard","meta":{"footnotes":""},"categories":[2817],"tags":[1111,11,1997,1777,674,1011,27,1310,12,2219,67635,25,104,2086],"class_list":{"0":"post-566502","1":"post","2":"type-post","3":"status-publish","4":"format-standard","5":"has-post-thumbnail","7":"category-bordeaux","8":"tag-actu","9":"tag-actualites","10":"tag-bordeaux","11":"tag-eu","12":"tag-europe","13":"tag-fr","14":"tag-france","15":"tag-incendie","16":"tag-news","17":"tag-nouvelle-aquitaine","18":"tag-pey-berland","19":"tag-republique-francaise","20":"tag-societe","21":"tag-travaux"},"share_on_mastodon":{"url":"https:\/\/pubeurope.com\/@fr\/115632671639059030","error":""},"_links":{"self":[{"href":"https:\/\/www.europesays.com\/fr\/wp-json\/wp\/v2\/posts\/566502","targetHints":{"allow":["GET"]}}],"collection":[{"href":"https:\/\/www.europesays.com\/fr\/wp-json\/wp\/v2\/posts"}],"about":[{"href":"https:\/\/www.europesays.com\/fr\/wp-json\/wp\/v2\/types\/post"}],"author":[{"embeddable":true,"href":"https:\/\/www.europesays.com\/fr\/wp-json\/wp\/v2\/users\/2"}],"replies":[{"embeddable":true,"href":"https:\/\/www.europesays.com\/fr\/wp-json\/wp\/v2\/comments?post=566502"}],"version-history":[{"count":0,"href":"https:\/\/www.europesays.com\/fr\/wp-json\/wp\/v2\/posts\/566502\/revisions"}],"wp:featuredmedia":[{"embeddable":true,"href":"https:\/\/www.europesays.com\/fr\/wp-json\/wp\/v2\/media\/566503"}],"wp:attachment":[{"href":"https:\/\/www.europesays.com\/fr\/wp-json\/wp\/v2\/media?parent=566502"}],"wp:term":[{"taxonomy":"category","embeddable":true,"href":"https:\/\/www.europesays.com\/fr\/wp-json\/wp\/v2\/categories?post=566502"},{"taxonomy":"post_tag","embeddable":true,"href":"https:\/\/www.europesays.com\/fr\/wp-json\/wp\/v2\/tags?post=566502"}],"curies":[{"name":"wp","href":"https:\/\/api.w.org\/{rel}","templated":true}]}}