{"id":56651,"date":"2025-04-27T11:00:22","date_gmt":"2025-04-27T11:00:22","guid":{"rendered":"https:\/\/www.europesays.com\/fr\/56651\/"},"modified":"2025-04-27T11:00:22","modified_gmt":"2025-04-27T11:00:22","slug":"jaminet-evacue-sur-civiere","status":"publish","type":"post","link":"https:\/\/www.europesays.com\/fr\/56651\/","title":{"rendered":"Jaminet \u00e9vacu\u00e9 sur civi\u00e8re"},"content":{"rendered":"<p><img width=\"750\" height=\"368\" src=\"https:\/\/www.europesays.com\/fr\/wp-content\/uploads\/2025\/04\/jaminet_crop-1-750x368.jpg\" class=\"img-responsive m-rf-auto wp-post-image\" alt=\"Melvyn Jaminet\" data-lazyloading=\"false\" fetchpriority=\"high\" decoding=\"async\"\/><\/p>\n<p><strong>Melvyn Jaminet a subi un<br \/>\neffroyable KO ce samedi lors du match de Top 14 entre Vannes et<br \/>\nToulon.<\/strong><\/p>\n<p>Le RCT jouait en Bretagne ce samedi pour le compte de<br \/>\n<strong><a href=\"https:\/\/www.sports.fr\/rugby\/top-14\" rel=\"nofollow noopener\" target=\"_blank\">la<br \/>\n22e journ\u00e9e du Top 14<\/a><\/strong>. Avec \u00e0 la clef<br \/>\ncontre une \u00e9quipe de Vannes luttant pour sa survie dans l\u2019\u00e9lite une<br \/>\nd\u00e9faite malvenue dans la course au dernier carr\u00e9 (29-19). Mais<br \/>\naussi et surtout une \u00e9norme frayeur.<\/p>\n<p>Dans le deuxi\u00e8me acte en effet, Melvyn Jaminet a \u00e9t\u00e9 s\u00e9ch\u00e9 dans<br \/>\nun ruck par le coup de genou involontaire de son co\u00e9quipier Swan<br \/>\nRebbadj. Totalement KO, l\u2019international tricolore suspendu l\u2019an<br \/>\ndernier pour des propos \u00e0 caract\u00e8res racistes a d\u00fb \u00eatre \u00e9vacu\u00e9 sur<br \/>\ncivi\u00e8re. Conscient, il a n\u00e9anmoins pu adresser un geste rassurant<br \/>\nau public de la Rabine.<\/p>\n<blockquote class=\"twitter-tweet\"><p><a class=\"twitter-link\" rel=\"noindex, nofollow noopener\" href=\"https:\/\/twitter.com\/ActuMorbihan\/status\/1916161561632166337\" target=\"_blank\"><\/p><\/blockquote>\n<p><script async src=\"https:\/\/platform.twitter.com\/widgets.js\" charset=\"utf-8\"><\/script><\/p>\n","protected":false},"excerpt":{"rendered":"Melvyn Jaminet a subi un effroyable KO ce samedi lors du match de Top 14 entre Vannes et&hellip;\n","protected":false},"author":2,"featured_media":56652,"comment_status":"","ping_status":"","sticky":false,"template":"","format":"standard","meta":{"footnotes":""},"categories":[9619],"tags":[1111,11,2113,1777,674,1011,27,12,882,25,2310],"class_list":{"0":"post-56651","1":"post","2":"type-post","3":"status-publish","4":"format-standard","5":"has-post-thumbnail","7":"category-toulon","8":"tag-actu","9":"tag-actualites","10":"tag-breve","11":"tag-eu","12":"tag-europe","13":"tag-fr","14":"tag-france","15":"tag-news","16":"tag-provence-alpes-cote-dazur","17":"tag-republique-francaise","18":"tag-toulon"},"share_on_mastodon":{"url":"https:\/\/pubeurope.com\/@fr\/114409585029600130","error":""},"_links":{"self":[{"href":"https:\/\/www.europesays.com\/fr\/wp-json\/wp\/v2\/posts\/56651","targetHints":{"allow":["GET"]}}],"collection":[{"href":"https:\/\/www.europesays.com\/fr\/wp-json\/wp\/v2\/posts"}],"about":[{"href":"https:\/\/www.europesays.com\/fr\/wp-json\/wp\/v2\/types\/post"}],"author":[{"embeddable":true,"href":"https:\/\/www.europesays.com\/fr\/wp-json\/wp\/v2\/users\/2"}],"replies":[{"embeddable":true,"href":"https:\/\/www.europesays.com\/fr\/wp-json\/wp\/v2\/comments?post=56651"}],"version-history":[{"count":0,"href":"https:\/\/www.europesays.com\/fr\/wp-json\/wp\/v2\/posts\/56651\/revisions"}],"wp:featuredmedia":[{"embeddable":true,"href":"https:\/\/www.europesays.com\/fr\/wp-json\/wp\/v2\/media\/56652"}],"wp:attachment":[{"href":"https:\/\/www.europesays.com\/fr\/wp-json\/wp\/v2\/media?parent=56651"}],"wp:term":[{"taxonomy":"category","embeddable":true,"href":"https:\/\/www.europesays.com\/fr\/wp-json\/wp\/v2\/categories?post=56651"},{"taxonomy":"post_tag","embeddable":true,"href":"https:\/\/www.europesays.com\/fr\/wp-json\/wp\/v2\/tags?post=56651"}],"curies":[{"name":"wp","href":"https:\/\/api.w.org\/{rel}","templated":true}]}}