{"id":566512,"date":"2025-11-29T11:15:17","date_gmt":"2025-11-29T11:15:17","guid":{"rendered":"https:\/\/www.europesays.com\/fr\/566512\/"},"modified":"2025-11-29T11:15:17","modified_gmt":"2025-11-29T11:15:17","slug":"sur-la-canebiere-le-paquebot-blum-trouve-son-rythme-de-croisiere","status":"publish","type":"post","link":"https:\/\/www.europesays.com\/fr\/566512\/","title":{"rendered":"sur la Canebi\u00e8re, le paquebot Blum trouve son rythme de croisi\u00e8re"},"content":{"rendered":"<p>Sur le papier, c&rsquo;est un outil \u00e9patant et id\u00e9alement plac\u00e9. En haut de la Canebi\u00e8re, face au kiosque et \u00e0 la place L\u00e9on-Blum qui lui donne son nom, la brasserie occupe en fait le rez-de-chauss\u00e9e du cin\u00e9ma <a href=\"https:\/\/www.laprovence.com\/article\/culture-loisirs\/6920247351650614\/l-artplexe-rachete-les-varietes\" target=\"_blank\" rel=\"noopener\">L&rsquo;Artplexe<\/a>. Le vaste b\u00e2timent construit en lieu et place de la vieille mairie des 1er-7e arrondissements abrite \u00e9galement un autre bistrot en rooftop\u00a0sobrement baptis\u00e9 du nom du quartier, <a href=\"https:\/\/www.les-reformes-rooftop-restaurant-marseille.fr\/\" target=\"_blank\" rel=\"noopener\">Les R\u00e9form\u00e9s<\/a>.<\/p>\n<p>Une nouvelle \u00e9quipe dans la place<\/p>\n<p>Depuis l&rsquo;ouverture en\u00a02019, deux \u00e9quipes diff\u00e9rentes avaient pr\u00e9sid\u00e9 aux destin\u00e9es des deux tables. La premi\u00e8re, les cr\u00e9ateurs du lieu, avait jet\u00e9 l&rsquo;\u00e9ponge, revendant l&rsquo;affaire du bas aux g\u00e9rants du haut. Avec gu\u00e8re plus de succ\u00e8s, et le Blum, de changements de chefs en rotation d&rsquo;\u00e9quipe, a longtemps pein\u00e9 \u00e0 trouver sa place dans le paysage et son \u00e9quilibre dans l&rsquo;assiette.<\/p>\n<p>En d\u00e9but d&rsquo;ann\u00e9e\u00a02025, nouveau branle-bas de combat au Blum-R\u00e9form\u00e9s. Laurent Battisti, briscard de la limonaderie marseillaise (il a cocr\u00e9\u00e9 Le Pointu, Le Caf\u00e9 de l&rsquo;Horloge, Le Phonographe, Le Caribou et plus r\u00e9cemment relanc\u00e9 la <a href=\"https:\/\/www.laprovence.com\/article\/region\/2973641508363414\/a-marseille-la-brasserie-des-templiers-remet-le-couvert-et-devient-chez-groin\" target=\"_blank\" rel=\"noopener\">Brasserie des templiers<\/a>&#8230;), s&rsquo;essayait \u00e0 son tour \u00e0 l&rsquo;exercice, reprenant les deux adresses. Le bonhomme poss\u00e8de \u00e0 la fois une solide exp\u00e9rience de la rest&#8230;<\/p>\n","protected":false},"excerpt":{"rendered":"Sur le papier, c&rsquo;est un outil \u00e9patant et id\u00e9alement plac\u00e9. En haut de la Canebi\u00e8re, face au kiosque&hellip;\n","protected":false},"author":2,"featured_media":566513,"comment_status":"","ping_status":"","sticky":false,"template":"","format":"standard","meta":{"footnotes":""},"categories":[2814],"tags":[17,1111,11,68187,1180,1777,674,1011,27,1661,884,12,5600,882,25,3356,12206],"class_list":{"0":"post-566512","1":"post","2":"type-post","3":"status-publish","4":"format-standard","5":"has-post-thumbnail","7":"category-marseille","8":"tag-17","9":"tag-actu","10":"tag-actualites","11":"tag-blum","12":"tag-canebiere","13":"tag-eu","14":"tag-europe","15":"tag-fr","16":"tag-france","17":"tag-gastronomie","18":"tag-marseille","19":"tag-news","20":"tag-paquebot","21":"tag-provence-alpes-cote-dazur","22":"tag-republique-francaise","23":"tag-sur","24":"tag-trouve"},"share_on_mastodon":{"url":"https:\/\/pubeurope.com\/@fr\/115632702954009366","error":""},"_links":{"self":[{"href":"https:\/\/www.europesays.com\/fr\/wp-json\/wp\/v2\/posts\/566512","targetHints":{"allow":["GET"]}}],"collection":[{"href":"https:\/\/www.europesays.com\/fr\/wp-json\/wp\/v2\/posts"}],"about":[{"href":"https:\/\/www.europesays.com\/fr\/wp-json\/wp\/v2\/types\/post"}],"author":[{"embeddable":true,"href":"https:\/\/www.europesays.com\/fr\/wp-json\/wp\/v2\/users\/2"}],"replies":[{"embeddable":true,"href":"https:\/\/www.europesays.com\/fr\/wp-json\/wp\/v2\/comments?post=566512"}],"version-history":[{"count":0,"href":"https:\/\/www.europesays.com\/fr\/wp-json\/wp\/v2\/posts\/566512\/revisions"}],"wp:featuredmedia":[{"embeddable":true,"href":"https:\/\/www.europesays.com\/fr\/wp-json\/wp\/v2\/media\/566513"}],"wp:attachment":[{"href":"https:\/\/www.europesays.com\/fr\/wp-json\/wp\/v2\/media?parent=566512"}],"wp:term":[{"taxonomy":"category","embeddable":true,"href":"https:\/\/www.europesays.com\/fr\/wp-json\/wp\/v2\/categories?post=566512"},{"taxonomy":"post_tag","embeddable":true,"href":"https:\/\/www.europesays.com\/fr\/wp-json\/wp\/v2\/tags?post=566512"}],"curies":[{"name":"wp","href":"https:\/\/api.w.org\/{rel}","templated":true}]}}