{"id":566514,"date":"2025-11-29T11:17:15","date_gmt":"2025-11-29T11:17:15","guid":{"rendered":"https:\/\/www.europesays.com\/fr\/566514\/"},"modified":"2025-11-29T11:17:15","modified_gmt":"2025-11-29T11:17:15","slug":"le-4-decembre-a-la-provence-on-dessine-les-territoires-du-futur","status":"publish","type":"post","link":"https:\/\/www.europesays.com\/fr\/566514\/","title":{"rendered":"le 4 d\u00e9cembre, \u00e0 \u00ab\u00a0La Provence\u00a0\u00bb, on dessine les territoires du futur"},"content":{"rendered":"<p>Pensons d\u00e9j\u00e0 \u00e0 demain\u00a0! C\u2019est le fil rouge de notre journ\u00e9e sp\u00e9ciale consacr\u00e9e \u00e0 l\u2019\u00e9conomie territoriale le jeudi 4\u00a0d\u00e9cembre. Un programme de rendez-vous marqu\u00e9 d\u00e8s 19\u00a0heures notamment par la trenti\u00e8me \u00e9dition des Troph\u00e9es de l\u2019Economie de La Provence au si\u00e8ge de la CCI avec la mise en avant de notre \u00ab\u00a0Palmar\u00e8s G\u00e9n\u00e9ration engag\u00e9e\u00a0\u00bb.<\/p>\n<p>Auparavant, des rencontres, des \u00e9changes et une matin\u00e9e de d\u00e9bats autour des dynamiques \u00e9conomiques r\u00e9gionales et des nouvelles g\u00e9n\u00e9rations. L\u2019occasion de se projeter \u00e0 cinq ou dix ans\u00a0; l\u2019occasion d\u2019insister sur les atouts de nos territoires, les initiatives et les projets, sur les n\u00e9cessaires transformations \u00e0 op\u00e9rer pour r\u00e9ussir ce d\u00e9veloppement. Pour nous accompagner dans ces prospectives, quatre grands t\u00e9moins\u00a0: <strong>Nicolas Forissier<\/strong>, ministre charg\u00e9 du Commerce ext\u00e9rieur et de l\u2019attractivit\u00e9\u00a0; <strong>Fabienne Arata-Camps<\/strong>, directrice g\u00e9n\u00e9rale LinkedIn France\u00a0; <a href=\"https:\/\/www.laprovence.com\/article\/economie\/1491039900231115\/global-leadership-by-women-summit-la-promotion-des-carrieres-feminines-comme-priorite\" target=\"_blank\" rel=\"noopener\"><strong>Christine Fabresse<\/strong><\/a>, pr\u00e9sidente du directoire de la Caisse d&rsquo;\u00e9pargne Cepac\u00a0; <a href=\"https:\/\/www.laprovence.com\/actu\/en-direct\/4766531020322715\/un-nouveau-directeur-pour-orange-grand-sud-est\" target=\"_blank\" rel=\"noopener\"><strong>Nicolas Drouillet<\/strong><\/a>, directeur Orange Grand Sud-Est.<\/p>\n<p>Deux tables rondes rythmeront la matin\u00e9e.<\/p>\n<p><strong>Premi\u00e8re table ronde<\/strong>\u00a0: <strong>Comment nos territoires ont-ils jou\u00e9 la carte de l\u2019innovation ? <\/strong>C\u2019est ind\u00e9niable, nos territoires ont des atouts, mais de quelles mani\u00e8res les conserver et les d\u00e9velopper\u00a0? De quelles mani\u00e8res pouvoirs publics,<a href=\"https:\/\/www.laprovence.com\/article\/nos-rendez-vous\/150108278029115\/women-summit-a-marseille-suivez-en-direct-la-fin-de-cette-journee-dediee-au-leadership-feminin\" target=\"_blank\" rel=\"noopener\"> entrepreneurs<\/a>, collectivit\u00e9s ont-ils mis\u00e9 sur les innovations pour faire grandir notre r\u00e9gion et sa dynamique \u00e9conomique ? On parlera de fili\u00e8res, d\u2019expertises, d\u2019emplois qualifi\u00e9s avec nos intervenants\u00a0\u00bb.<\/p>\n<p><strong>Parmi nos intervenants\u00a0: <\/strong>Philippe V\u00e9ran (pr\u00e9sident de Biotech Dental), Pascal Kuhn (vice-pr\u00e9sident d\u2019Airbus Helicopters), Fabrice Coquio (pr\u00e9sident de Digital Realty France), \u00c9milie Mercadal (co-pr\u00e9sidente de la French Tech Aix-Marseille), \u00c9milie Royere (directrice d\u2019Eurobiomed).<\/p>\n<p><strong>Deuxi\u00e8me table ronde<\/strong>\u00a0:<strong> Comment la nouvelle g\u00e9n\u00e9ration peut-elle nous amener plus loin ?<\/strong> L\u2019avenir est \u00e0 la jeunesse\u00a0! C\u2019est une \u00e9vidence, mais plus encore dans notre r\u00e9gion o\u00f9 les initiatives de <a href=\"https:\/\/www.laprovence.com\/article\/economie\/54447122571517\/25e-edition-du-forum-des-entrepreneurs-osons-la-jeunesse\" target=\"_blank\" rel=\"noopener\">la nouvelle g\u00e9n\u00e9ration<\/a> sont tr\u00e8s nombreuses \u00e0 la t\u00eate des entreprises et des projets \u00e9conomiques. Quelques-uns de ses repr\u00e9sentants nous diront comment ils imaginent le futur, sur quelles bases, comment ils peuvent contribuer au rayonnement de nos territoires. Parmi nos intervenants : Hubert Charriere (directeur de l\u2019incubateur Belle de Mai), Gilbert Bougi (charg\u00e9 de mission Entrepreneuriat pour l\u2019AMU, co-responsable de P\u00e9pite Provence), Tarik Chakor (co-fondateur de l\u2019agence La Firme), Jules Sitruk (fondateur du Protis Club), Ludovic Turac (chef cuisinier d&rsquo;Une Table au Sud).<\/p>\n<p>Rendez-vous le jeudi 4 d\u00e9cembre, de 9 h 30 \u00e0 12 h 30 au si\u00e8ge de \u00ab\u00a0La Provence\u00a0\u00bb, 19, rue Henri Barbusse.<\/p>\n","protected":false},"excerpt":{"rendered":"Pensons d\u00e9j\u00e0 \u00e0 demain\u00a0! C\u2019est le fil rouge de notre journ\u00e9e sp\u00e9ciale consacr\u00e9e \u00e0 l\u2019\u00e9conomie territoriale le jeudi&hellip;\n","protected":false},"author":2,"featured_media":566515,"comment_status":"","ping_status":"","sticky":false,"template":"","format":"standard","meta":{"footnotes":""},"categories":[2814],"tags":[17,1111,11,49832,23196,1777,674,1011,27,4743,151,884,12,1186,882,25,104,6538],"class_list":{"0":"post-566514","1":"post","2":"type-post","3":"status-publish","4":"format-standard","5":"has-post-thumbnail","7":"category-marseille","8":"tag-17","9":"tag-actu","10":"tag-actualites","11":"tag-decembre","12":"tag-dessine","13":"tag-eu","14":"tag-europe","15":"tag-fr","16":"tag-france","17":"tag-la","18":"tag-les","19":"tag-marseille","20":"tag-news","21":"tag-provence","22":"tag-provence-alpes-cote-dazur","23":"tag-republique-francaise","24":"tag-societe","25":"tag-territoires"},"share_on_mastodon":{"url":"https:\/\/pubeurope.com\/@fr\/115632710882177056","error":""},"_links":{"self":[{"href":"https:\/\/www.europesays.com\/fr\/wp-json\/wp\/v2\/posts\/566514","targetHints":{"allow":["GET"]}}],"collection":[{"href":"https:\/\/www.europesays.com\/fr\/wp-json\/wp\/v2\/posts"}],"about":[{"href":"https:\/\/www.europesays.com\/fr\/wp-json\/wp\/v2\/types\/post"}],"author":[{"embeddable":true,"href":"https:\/\/www.europesays.com\/fr\/wp-json\/wp\/v2\/users\/2"}],"replies":[{"embeddable":true,"href":"https:\/\/www.europesays.com\/fr\/wp-json\/wp\/v2\/comments?post=566514"}],"version-history":[{"count":0,"href":"https:\/\/www.europesays.com\/fr\/wp-json\/wp\/v2\/posts\/566514\/revisions"}],"wp:featuredmedia":[{"embeddable":true,"href":"https:\/\/www.europesays.com\/fr\/wp-json\/wp\/v2\/media\/566515"}],"wp:attachment":[{"href":"https:\/\/www.europesays.com\/fr\/wp-json\/wp\/v2\/media?parent=566514"}],"wp:term":[{"taxonomy":"category","embeddable":true,"href":"https:\/\/www.europesays.com\/fr\/wp-json\/wp\/v2\/categories?post=566514"},{"taxonomy":"post_tag","embeddable":true,"href":"https:\/\/www.europesays.com\/fr\/wp-json\/wp\/v2\/tags?post=566514"}],"curies":[{"name":"wp","href":"https:\/\/api.w.org\/{rel}","templated":true}]}}