{"id":566516,"date":"2025-11-29T11:18:13","date_gmt":"2025-11-29T11:18:13","guid":{"rendered":"https:\/\/www.europesays.com\/fr\/566516\/"},"modified":"2025-11-29T11:18:13","modified_gmt":"2025-11-29T11:18:13","slug":"cette-lyonnaise-a-reussi-a-photographier-la-si-secrete-mafia-japonaise","status":"publish","type":"post","link":"https:\/\/www.europesays.com\/fr\/566516\/","title":{"rendered":"cette Lyonnaise a r\u00e9ussi \u00e0 photographier la si secr\u00e8te mafia japonaise"},"content":{"rendered":"<p>Asakusa, mai\u00a02014. Les rues du quartier tokyo\u00efte fr\u00e9missent au rythme du Sanja matsuri, l\u2019un des trois plus grands festivals de la capitale. Autour du\u00a0temple bouddhiste Sens\u014d-ji, pr\u00e8s de deux millions de visiteurs envahissent les ruelles. C\u2019est le seul moment de l\u2019ann\u00e9e o\u00f9 les yakuzas peuvent exhiber librement leurs tatouages en plein jour. Ce jour-l\u00e0, Chlo\u00e9 Jaf\u00e9 a photographi\u00e9 toute la journ\u00e9e depuis les rituels du matin au temple. Elle d\u00e9cide de s\u2019arr\u00eater, cherche une pause. Assise par terre dans une petite rue du quartier, elle sort son t\u00e9l\u00e9phone pour localiser le m\u00e9tro.<\/p>\n<p>Un homme s\u2019approche\u00a0: kimono sobre, regard discret, et des gardes du corps \u00e0 proximit\u00e9. Juste \u00e0 c\u00f4t\u00e9, un policier lui glisse quelques mots. Elle comprend qu\u2019elle vient de croiser l\u2019un des plus importants chefs yakuzas de Tokyo. La sc\u00e8ne devient le point de bascule d\u2019une vie.<\/p>\n<p>Une Lyonnaise en qu\u00eate d\u2019ailleurs<\/p>\n<p>N\u00e9e \u00e0 Lyon en 1984, Chlo\u00e9 Jaf\u00e9 porte l\u2019h\u00e9ritage d\u2019une&#8230;<\/p>\n","protected":false},"excerpt":{"rendered":"Asakusa, mai\u00a02014. Les rues du quartier tokyo\u00efte fr\u00e9missent au rythme du Sanja matsuri, l\u2019un des trois plus grands&hellip;\n","protected":false},"author":2,"featured_media":566517,"comment_status":"","ping_status":"","sticky":false,"template":"","format":"standard","meta":{"footnotes":""},"categories":[1889],"tags":[1111,11,2430,1687,2757,1777,674,6757,107,1011,27,1757,2428,2756,12,25,2429,4604,3151,104],"class_list":{"0":"post-566516","1":"post","2":"type-post","3":"status-publish","4":"format-standard","5":"has-post-thumbnail","7":"category-lyon","8":"tag-actu","9":"tag-actualites","10":"tag-auvergne-rhone-alpes","11":"tag-culture-loisirs","12":"tag-edition-lyon-villeurbanne","13":"tag-eu","14":"tag-europe","15":"tag-feminisme","16":"tag-fil-info","17":"tag-fr","18":"tag-france","19":"tag-insolite","20":"tag-lyon","21":"tag-lyon-bassin","22":"tag-news","23":"tag-republique-francaise","24":"tag-rhone","25":"tag-selection-abonne","26":"tag-selection-de-la-redaction-69","27":"tag-societe"},"share_on_mastodon":{"url":"https:\/\/pubeurope.com\/@fr\/115632714867049235","error":""},"_links":{"self":[{"href":"https:\/\/www.europesays.com\/fr\/wp-json\/wp\/v2\/posts\/566516","targetHints":{"allow":["GET"]}}],"collection":[{"href":"https:\/\/www.europesays.com\/fr\/wp-json\/wp\/v2\/posts"}],"about":[{"href":"https:\/\/www.europesays.com\/fr\/wp-json\/wp\/v2\/types\/post"}],"author":[{"embeddable":true,"href":"https:\/\/www.europesays.com\/fr\/wp-json\/wp\/v2\/users\/2"}],"replies":[{"embeddable":true,"href":"https:\/\/www.europesays.com\/fr\/wp-json\/wp\/v2\/comments?post=566516"}],"version-history":[{"count":0,"href":"https:\/\/www.europesays.com\/fr\/wp-json\/wp\/v2\/posts\/566516\/revisions"}],"wp:featuredmedia":[{"embeddable":true,"href":"https:\/\/www.europesays.com\/fr\/wp-json\/wp\/v2\/media\/566517"}],"wp:attachment":[{"href":"https:\/\/www.europesays.com\/fr\/wp-json\/wp\/v2\/media?parent=566516"}],"wp:term":[{"taxonomy":"category","embeddable":true,"href":"https:\/\/www.europesays.com\/fr\/wp-json\/wp\/v2\/categories?post=566516"},{"taxonomy":"post_tag","embeddable":true,"href":"https:\/\/www.europesays.com\/fr\/wp-json\/wp\/v2\/tags?post=566516"}],"curies":[{"name":"wp","href":"https:\/\/api.w.org\/{rel}","templated":true}]}}