{"id":566520,"date":"2025-11-29T11:21:30","date_gmt":"2025-11-29T11:21:30","guid":{"rendered":"https:\/\/www.europesays.com\/fr\/566520\/"},"modified":"2025-11-29T11:21:30","modified_gmt":"2025-11-29T11:21:30","slug":"quelles-sont-les-favorites-pour-miss-france-2026-le-top-5-de-paris-match","status":"publish","type":"post","link":"https:\/\/www.europesays.com\/fr\/566520\/","title":{"rendered":"Quelles sont les favorites pour Miss France 2026 ? Le Top 5 de Paris Match"},"content":{"rendered":"<p>Miss France 2026 sera couronn\u00e9e dans une semaine \u00e0 Amiens. Il est donc temps de se pencher les profils des trente candidates. Paris Match a d\u00e9j\u00e0 choisi ses cinq favorites. <\/p>\n<p>Derni\u00e8re ligne droite pour les trente candidates \u00e0 l\u2019\u00e9lection de <a href=\"https:\/\/www.parismatch.com\/dossiers\/miss-france-2026\" target=\"_blank\" rel=\"noopener\">Miss France 2026<\/a>. La nouvelle reine de beaut\u00e9 sera couronn\u00e9e le 6\u00a0d\u00e9cembre prochain depuis le Z\u00e9nith d\u2019Amiens, des mains d\u2019Ang\u00e9lique Angarni-Filopon (Miss France 2025) et de <a href=\"https:\/\/www.parismatch.com\/People\/miss-france-2026-nouvelle-regle-nouvelle-marraine-les-grands-changements-de-cette-annee-259824\" target=\"_blank\" rel=\"noopener\">Camille Cerf, sa nouvelle marraine<\/a>.\u00a0<\/p>\n<p>Photog\u00e9nie, attitude pendant le voyage pr\u00e9paratoire en Martinique &#8211; <a href=\"https:\/\/www.parismatch.com\/People\/miss-france-2026-entre-strass-et-stress-dans-le-secret-de-leur-preparation-260398\" target=\"_blank\" rel=\"noopener\">on y \u00e9tait<\/a> -, aisance en interview, personnalit\u00e9, gestion des r\u00e9seaux sociaux\u2026 Il est temps pour Paris Match de d\u00e9signer ses favorites. Sans ordre de pr\u00e9f\u00e9rence, le Top 5 de la r\u00e9daction\u00a0:<\/p>\n<p>    La suite apr\u00e8s cette publicit\u00e9<\/p>\n<p>Miss Tahiti, la grande favorite<\/p>\n<p>A peine \u00e9lue en r\u00e9gion fin juin, <a href=\"https:\/\/www.parismatch.com\/People\/miss-france-2026-la-nouvelle-miss-tahiti-simpose-demblee-parmi-les-favorites-253643\" target=\"_blank\" rel=\"noopener\">Hinaupoko Dev\u00e8ze s\u2019est impos\u00e9e parmi les favorites<\/a> de cette ann\u00e9e. Une chevelure de sir\u00e8ne, des traits sculpt\u00e9s, une bouche charnue, une silhouette \u00e9lanc\u00e9e haute de 1,82\u00a0m\u00e8tre\u2026 Au-del\u00e0 de sa plastique, la jeune femme de 23\u00a0ans saura charmer le public et <a href=\"https:\/\/www.parismatch.com\/People\/miss-france-2026-le-jury-enfin-devoile-michele-bernier-presidente-aux-cotes-de-260572\" target=\"_blank\" rel=\"noopener\">le jury de Mich\u00e8le Bernier<\/a> avec sa voix grave et pos\u00e9e, elle qui parlera sant\u00e9 mentale, la cause qu\u2019elle a choisi de d\u00e9fendre apr\u00e8s avoir elle-m\u00eame fait face \u00e0 un burn-out pendant des \u00e9tudes de droit en pleine pand\u00e9mie. Une \u00e9preuve qui l\u2019a conduite \u00e0 se r\u00e9orienter vers une licence de psychologie.<\/p>\n<p>    La suite apr\u00e8s cette publicit\u00e9<\/p>\n<p>Sera t-elle la sixi\u00e8me Miss Tahiti couronn\u00e9e, apr\u00e8s Vaimalama Chaves, Mareva Galanter, Mareva Georges, Thilda Fuller et Edna Tepava\u00a0?<\/p>\n<p>Miss Provence, la boute-en-train<\/p>\n<p>Avec sa copine Miss Tahiti, Julie Zitouni \u00e9tait la rigolote de sa promo pendant leur voyage de pr\u00e9paration en Martinique. Un coup de foudre amical qui peut se retrouver jusqu\u2019en finale de l\u2019\u00e9lection Miss France 2026, puisque cette Marseillaise pourrait bien se hisser elle aussi jusqu\u2019au Top 5.\u00a0Contrairement au profil de miss plus classique de sa camarade tahitienne, Julie Zitouni se d\u00e9marque par son franc-parler, sa voix \u00e9raill\u00e9e et son rire tonitruant. Accessible et joyeuse, cette fan de l\u2019OM et de rallye \u00e0 l\u2019incroyable chevelure pourrait bien s\u2019attirer la sympathie des votants avec son c\u00f4t\u00e9 boute-en-train.<\/p>\n<p>    La suite apr\u00e8s cette publicit\u00e9<\/p>\n<p>    La suite apr\u00e8s cette publicit\u00e9<\/p>\n<p>Offrira t-elle une retraite bien m\u00e9rit\u00e9e \u00e0 l\u2019immuable Jean-Pierre Foucault, qui ne quittera pas l\u2019animation du concours sur TF1 <a href=\"https:\/\/www.parismatch.com\/people\/miss-france-une-27e-election-pour-jean-pierre-foucault-si-vous-voulez-que-je-parte-votez-pour-miss-provence-220073\" target=\"_blank\" rel=\"noopener\">tant qu\u2019une Miss Provence ne sera pas sacr\u00e9e<\/a>\u00a0?<\/p>\n<p>Miss Auvergne, la t\u00eate bien faite au visage de poup\u00e9e<\/p>\n<p>Parce qu\u2019elle a d\u00e9croch\u00e9 <a href=\"https:\/\/www.parismatch.com\/People\/miss-france-2026-la-candidate-qui-a-eu-la-meilleure-note-au-test-de-culture-generale-est-260122\" target=\"_blank\" rel=\"noopener\">la meilleure note au redout\u00e9 test de culture g\u00e9n\u00e9rale<\/a> en Martinique, <a href=\"https:\/\/www.parismatch.com\/People\/alice-de-lima-guimaraes-miss-auvergne-2025-quand-un-defi-entre-copines-mene-a-la-couronne-259579\" target=\"_blank\" rel=\"noopener\">Alice De Lima Guimaraes<\/a> a rapidement attir\u00e9 l\u2019attention du public, mais \u00e9galement des repr\u00e9sentants de la soci\u00e9t\u00e9 Miss France en charge de la pr\u00e9s\u00e9lection du Top 12. En plus d\u2019une t\u00eate bien faite, cette \u00e9tudiante en lettres de la Sorbonne pourra jouer de ses cils de poup\u00e9e et de ses grands yeux bleus pour s\u00e9duire le public le soir de l\u2019\u00e9lection.<\/p>\n<p>Si la jolie brune de 19\u00a0ans l\u2019emporte, elle succ\u00e8dera \u00e0 Sylvie Tellier, Miss France 2002, et derni\u00e8re reine de beaut\u00e9 originaire de la r\u00e9gion Auvergne-Rh\u00f4ne-Alpes.<\/p>\n<p>Miss Languedoc, la combattante<\/p>\n<p>Avec son regard azur, ses ondulations dor\u00e9es et son sourire \u00ab\u00a0Colgate\u00a0\u00bb, la beaut\u00e9 naturelle et la t\u00e9l\u00e9g\u00e9nie de Lou Lambert pourraient bien lui offrir une place dans le Top 5. Cette \u00e9tudiante en droit de 20\u00a0ans &#8211; qui a d\u00e9croch\u00e9 la deuxi\u00e8me meilleure note au test de culture g\u00e9n\u00e9rale &#8211; pourrait finir de toucher les spectateurs avec une histoire personnelle forte\u00a0: celle de <a href=\"https:\/\/www.parismatch.com\/People\/lou-lambert-miss-languedoc-2025-atteinte-dune-maladie-auto-immune-je-reapprends-doucement-a-vivre-normalement-260165\" target=\"_blank\" rel=\"noopener\">son combat contre une maladie auto-immune<\/a>. Cette ancienne casse-cou a peut-\u00eatre accept\u00e9 d\u2019\u00eatre plus prudente au quotidien, mais hors-de-question de sacrifier sa soif de vie et d\u2019aventure.<\/p>\n<p>Lou Lambert offrira t-elle une nouvelle couronne au Languedoc, vingt ans apr\u00e8s Alexandra Rosenfeld\u00a0?<\/p>\n<p>Miss \u00cele-de-France, un destin tout trac\u00e9<\/p>\n<p>Fille et ni\u00e8ce de deux Miss Mexique, <a href=\"https:\/\/www.parismatch.com\/People\/mareva-michel-miss-ile-de-france-2025-ma-mere-et-ma-tante-ont-toutes-les-deux-ete-miss-260154\" target=\"_blank\" rel=\"noopener\">Mareva Michel<\/a> est une reine de beaut\u00e9 pr\u00e9destin\u00e9e. Et comme si cette filiation ne suffisait pas, ses parents amoureux de la Polyn\u00e9sie lui ont donn\u00e9 le pr\u00e9nom de deux Miss France tahitiennes, Mareva Georges et Mareva Galanter. Entre ses origines latines et son aisance \u00e0 l\u2019anglais, cette \u00e9tudiante en \u00e9cole de commerce peut d\u00e9j\u00e0 se projeter sur les concours internationaux tels que Miss Univers\u2026 Encore faut-il que la France reconduise sa participation apr\u00e8s <a href=\"https:\/\/www.parismatch.com\/People\/miss-univers-rien-ne-va-plus-les-coproprietaires-accuses-de-fraude-trafic-de-drogue-et-darmes-260741\" target=\"_blank\" rel=\"noopener\">la d\u00e9sastreuse \u00e9lection qui vient de se tenir en Tha\u00eflande<\/a>.<\/p>\n<p>R\u00e9gion fran\u00e7aise la plus sacr\u00e9e depuis le d\u00e9but du concours centenaire, l\u2019Ile-de-France a donc de s\u00e9rieuses chances de remporter un 17e titre, quatre ans apr\u00e8s le couronnement de Diane Leyre.<\/p>\n<p>D&rsquo;autres candidates \u00e0 suivre de pr\u00e8s<\/p>\n<p><a href=\"https:\/\/www.parismatch.com\/People\/angelina-jolie-beyonce-iris-mittenaere-les-inspirations-demma-boivin-miss-picardie-2025-260659\" target=\"_blank\" rel=\"noopener\">Miss Picardie<\/a>, l\u2019infirmi\u00e8re hypersensible (Emma Boivin), <a href=\"https:\/\/www.parismatch.com\/People\/naomi-torrent-miss-guadeloupe-2025-jai-toujours-eu-peur-de-passer-a-cote-de-ma-vie-259995#:~:text=Naomi%20Torrent%2C%20Miss%20Guadeloupe%202025%2C%20a%20r%C3%A9pondu%20aux%20questions%20de,%C3%A9charpe%20de%20Miss%20Guadeloupe%202025.\" target=\"_blank\" rel=\"noopener\">Miss Guadeloupe<\/a> la chanteuse et analyste financi\u00e8re (Naomi Torrent), <a href=\"https:\/\/www.parismatch.com\/People\/miss-france-2026-arrivee-carnavalesque-en-martinique-des-candidates-se-font-deja-remarquer-259899\" target=\"_blank\" rel=\"noopener\">Miss Roussillon la danseuse<\/a>, la redoutable <a href=\"https:\/\/www.parismatch.com\/People\/lola-lachere-miss-nord-pas-de-calais-2025-ma-mere-et-mes-soeurs-qui-mont-poussee-a-me-lancer-260447\" target=\"_blank\" rel=\"noopener\">Miss Nord-Pas-de-Calais<\/a> (Lola Lacher\u00e9)\u2026 Autant d\u2019autres s\u00e9rieuses candidates qui pourraient bien figurer dans le Top 12, qui sera \u00e9tabli par des repr\u00e9sentants de la soci\u00e9t\u00e9 Miss France quelques jours avant l\u2019\u00e9lection, apr\u00e8s que chaque jeune femme soit pass\u00e9e en entretien devant un jury.<\/p>\n<p>Une fois les douze premi\u00e8res candidates annonc\u00e9es le 6 d\u00e9cembre, en premi\u00e8re partie du prime diffus\u00e9 sur TF1 depuis Amiens, public et jury pourront ensuite voter pour leurs cinq miss pr\u00e9f\u00e9r\u00e9es, puis pour leur Miss France 2026.\u00a0<\/p>\n","protected":false},"excerpt":{"rendered":"Miss France 2026 sera couronn\u00e9e dans une semaine \u00e0 Amiens. Il est donc temps de se pencher les&hellip;\n","protected":false},"author":2,"featured_media":566521,"comment_status":"","ping_status":"","sticky":false,"template":"","format":"standard","meta":{"footnotes":""},"categories":[1592],"tags":[1111,11,1777,674,1011,27,662,12,626,25],"class_list":{"0":"post-566520","1":"post","2":"type-post","3":"status-publish","4":"format-standard","5":"has-post-thumbnail","7":"category-ile-de-france","8":"tag-actu","9":"tag-actualites","10":"tag-eu","11":"tag-europe","12":"tag-fr","13":"tag-france","14":"tag-ile-de-france","15":"tag-news","16":"tag-paris","17":"tag-republique-francaise"},"share_on_mastodon":{"url":"https:\/\/pubeurope.com\/@fr\/115632726587542433","error":""},"_links":{"self":[{"href":"https:\/\/www.europesays.com\/fr\/wp-json\/wp\/v2\/posts\/566520","targetHints":{"allow":["GET"]}}],"collection":[{"href":"https:\/\/www.europesays.com\/fr\/wp-json\/wp\/v2\/posts"}],"about":[{"href":"https:\/\/www.europesays.com\/fr\/wp-json\/wp\/v2\/types\/post"}],"author":[{"embeddable":true,"href":"https:\/\/www.europesays.com\/fr\/wp-json\/wp\/v2\/users\/2"}],"replies":[{"embeddable":true,"href":"https:\/\/www.europesays.com\/fr\/wp-json\/wp\/v2\/comments?post=566520"}],"version-history":[{"count":0,"href":"https:\/\/www.europesays.com\/fr\/wp-json\/wp\/v2\/posts\/566520\/revisions"}],"wp:featuredmedia":[{"embeddable":true,"href":"https:\/\/www.europesays.com\/fr\/wp-json\/wp\/v2\/media\/566521"}],"wp:attachment":[{"href":"https:\/\/www.europesays.com\/fr\/wp-json\/wp\/v2\/media?parent=566520"}],"wp:term":[{"taxonomy":"category","embeddable":true,"href":"https:\/\/www.europesays.com\/fr\/wp-json\/wp\/v2\/categories?post=566520"},{"taxonomy":"post_tag","embeddable":true,"href":"https:\/\/www.europesays.com\/fr\/wp-json\/wp\/v2\/tags?post=566520"}],"curies":[{"name":"wp","href":"https:\/\/api.w.org\/{rel}","templated":true}]}}