{"id":566522,"date":"2025-11-29T11:23:23","date_gmt":"2025-11-29T11:23:23","guid":{"rendered":"https:\/\/www.europesays.com\/fr\/566522\/"},"modified":"2025-11-29T11:23:23","modified_gmt":"2025-11-29T11:23:23","slug":"a-paris-ces-restaurants-de-quartier-vont-tous-toucher-un-cheque-de-13-000-euros","status":"publish","type":"post","link":"https:\/\/www.europesays.com\/fr\/566522\/","title":{"rendered":"\u00e0 Paris, ces restaurants de quartier vont tous toucher un ch\u00e8que de 13 000 euros"},"content":{"rendered":"<p>                    Par<br \/>\n        <strong><br \/>\n            <a href=\"https:\/\/actu.fr\/auteur\/thomas-martin\" title=\"Consulter tous les articles de Thomas Martin\" target=\"_blank\" rel=\"noopener\">Thomas Martin<\/a><br \/>\n                    <\/strong><\/p>\n<p>        Publi\u00e9 le<\/p>\n<p>            29 nov. 2025 \u00e0 11h20        <\/p>\n<p>Une bonne nouvelle \u00e0 l\u2019approche de <a href=\"https:\/\/actu.fr\/tag\/noel\" target=\"_blank\" rel=\"noopener\">No\u00ebl<\/a>. Dix <a href=\"https:\/\/actu.fr\/tag\/restaurant\" target=\"_blank\" rel=\"noopener\">restaurants<\/a> \u00e0 Paris ont \u00e9t\u00e9 s\u00e9lectionn\u00e9s par American Express dans le cadre de son programme 2025 Backing International Small Restaurants dont l\u2019objectif est de\u00a0 soutenir des \u00e9tablissements ind\u00e9pendants, ancr\u00e9s dans leurs quartiers, et contribuer \u00e0 entretenir le lien social et \u00e9conomique local. A la cl\u00e9, une subvention de <strong>13 000 euros<\/strong> pour chacun.\u00a0<\/p>\n<p>Les restaurants de Paris qui vont toucher les 13 000 euros<\/p>\n<p class=\" wall-content\">Cet argent doit leur permettre de moderniser leurs cuisines, am\u00e9liorer leurs espaces de restauration ou renforcer leurs outils num\u00e9riques. Ce soutien, premier du genre en France, s\u2019inscrit dans un effort global de 3,95 millions de dollars en 2025 pour accompagner les petits restaurants dans le monde.<\/p>\n<p class=\" wall-content\">Parmi les heureux \u00e9lus figurent notamment\u00a0Doublevie (18\u1d49), un lieu festif m\u00ealant musique live, DJ sets et cuisine m\u00e9diterran\u00e9enne-levantine, qui souhaite moderniser sa console de mixage et ses installations pour continuer \u00e0 offrir des soir\u00e9es conviviales. Le <a href=\"https:\/\/actu.fr\/ile-de-france\/paris_75056\/restaurant-le-reflet-a-paris-cette-table-de-la-capitale-a-un-petit-truc-en-plus_63462033.html\" target=\"_blank\" rel=\"noopener\">Reflet Paris<\/a> (3\u1d49), a \u00e9galement \u00e9t\u00e9 choisi. Il mise sur une terrasse en bois p\u00e9renne pour accro\u00eetre sa visibilit\u00e9 et sa capacit\u00e9 d\u2019accueil.<\/p>\n<p class=\" wall-content\">D\u2019autres restaurants de banlieue\u00a0 \u2014 \u00e0 Aulnay-sous-Bois, Puteaux, Courbevoie \u2014 vont aussi b\u00e9n\u00e9ficier de ce soutien qui ne se limite donc pas au centre de Paris, mais vise aussi \u00e0 renforcer le maillage gastronomique sur l\u2019ensemble de la m\u00e9tropole :\u00a0<\/p>\n<ul class=\" wall-content\">\n<li>Doublevie, 2 rue Poulet, 75018 Paris<\/li>\n<li>Hutong Paris, 147 boulevard Saint-Michel, 75005 Paris<\/li>\n<li>Le Petit Vietnamien, 50 avenue Anatole France, 93600 Aulnay-sous-Bois<\/li>\n<li>Le Reflet Paris, 11 rue de Braque, 75003 PARIS<\/li>\n<li>L\u2019Officine Paris, 22 rue Jean-Pierre Timbaud, 75011 Paris<\/li>\n<li>Med\u2019Eat Bo\u00e9tie, 59 rue La Bo\u00e9tie, 75008 Paris<\/li>\n<li>\u00d4 Gourmandises d\u2019Ange, 23 rue Chante Coq, 92800 Puteaux<\/li>\n<li>Pantobaguette, 16 rue Eug\u00e8ne Sue, 75018 Paris<\/li>\n<li>Lac Hong, 67 rue Lauriston, 75116 Paris<\/li>\n<li>Salad\u2019\u00e0 Coeur,\u00a024 rue de Bezons, 92400 Courbevoie.<\/li>\n<\/ul>\n<p class=\" wall-content\">Personnalisez votre actualit\u00e9 en ajoutant vos villes et m\u00e9dias en favori avec <a href=\"https:\/\/moncompte.actu.fr\" title=\"D\u00e9couvez Mon Actu\" rel=\"nofollow noopener\" data-trk=\"{&quot;cta&quot;:{&quot;action&quot;:&quot;https:\\\/\\\/moncompte.actu.fr&quot;,&quot;category&quot;:&quot;mon compte&quot;,&quot;from&quot;:&quot;article footer&quot;,&quot;name&quot;:&quot;Mon actu&quot;,&quot;type&quot;:&quot;cta&quot;}}\" target=\"_blank\">Mon Actu<\/a>.<\/p>\n","protected":false},"excerpt":{"rendered":"Par Thomas Martin Publi\u00e9 le 29 nov. 2025 \u00e0 11h20 Une bonne nouvelle \u00e0 l\u2019approche de No\u00ebl. Dix&hellip;\n","protected":false},"author":2,"featured_media":566523,"comment_status":"","ping_status":"","sticky":false,"template":"","format":"standard","meta":{"footnotes":""},"categories":[1888],"tags":[1111,1928,11,1927,902,33,1777,674,1011,27,1661,12,1926,626,1925,25,1340],"class_list":{"0":"post-566522","1":"post","2":"type-post","3":"status-publish","4":"format-standard","5":"has-post-thumbnail","7":"category-paris","8":"tag-actu","9":"tag-actu-paris","10":"tag-actualites","11":"tag-actualites-paris","12":"tag-cuisine","13":"tag-economie","14":"tag-eu","15":"tag-europe","16":"tag-fr","17":"tag-france","18":"tag-gastronomie","19":"tag-news","20":"tag-news-paris","21":"tag-paris","22":"tag-paris-news","23":"tag-republique-francaise","24":"tag-restaurant"},"share_on_mastodon":{"url":"https:\/\/pubeurope.com\/@fr\/115632734432017610","error":""},"_links":{"self":[{"href":"https:\/\/www.europesays.com\/fr\/wp-json\/wp\/v2\/posts\/566522","targetHints":{"allow":["GET"]}}],"collection":[{"href":"https:\/\/www.europesays.com\/fr\/wp-json\/wp\/v2\/posts"}],"about":[{"href":"https:\/\/www.europesays.com\/fr\/wp-json\/wp\/v2\/types\/post"}],"author":[{"embeddable":true,"href":"https:\/\/www.europesays.com\/fr\/wp-json\/wp\/v2\/users\/2"}],"replies":[{"embeddable":true,"href":"https:\/\/www.europesays.com\/fr\/wp-json\/wp\/v2\/comments?post=566522"}],"version-history":[{"count":0,"href":"https:\/\/www.europesays.com\/fr\/wp-json\/wp\/v2\/posts\/566522\/revisions"}],"wp:featuredmedia":[{"embeddable":true,"href":"https:\/\/www.europesays.com\/fr\/wp-json\/wp\/v2\/media\/566523"}],"wp:attachment":[{"href":"https:\/\/www.europesays.com\/fr\/wp-json\/wp\/v2\/media?parent=566522"}],"wp:term":[{"taxonomy":"category","embeddable":true,"href":"https:\/\/www.europesays.com\/fr\/wp-json\/wp\/v2\/categories?post=566522"},{"taxonomy":"post_tag","embeddable":true,"href":"https:\/\/www.europesays.com\/fr\/wp-json\/wp\/v2\/tags?post=566522"}],"curies":[{"name":"wp","href":"https:\/\/api.w.org\/{rel}","templated":true}]}}