{"id":566524,"date":"2025-11-29T11:24:23","date_gmt":"2025-11-29T11:24:23","guid":{"rendered":"https:\/\/www.europesays.com\/fr\/566524\/"},"modified":"2025-11-29T11:24:23","modified_gmt":"2025-11-29T11:24:23","slug":"titulaire-pour-la-deuxieme-fois-daffilee-kevin-trapp-a-pris-la-main-face-a-obed-nkambadio","status":"publish","type":"post","link":"https:\/\/www.europesays.com\/fr\/566524\/","title":{"rendered":"titulaire pour la deuxi\u00e8me fois d&rsquo;affil\u00e9e, Kevin Trapp a pris la main face \u00e0 Obed\u00a0Nkambadio"},"content":{"rendered":"\n<p>Le match des gardiens relanc\u00e9 au Paris FC\u00a0: titulaire pour la deuxi\u00e8me fois d&rsquo;affil\u00e9e, Kevin Trapp a pris la main face \u00e0 Obed\u00a0Nkambadio<\/p>\n<p>Kevin Trapp sera titulaire samedi contre Auxerre, la deuxi\u00e8me fois d&rsquo;affil\u00e9e apr\u00e8s Lille dimanche dernier. L&rsquo;entra\u00eeneur, St\u00e9phane Gilli, a expliqu\u00e9 qu&rsquo;il comptait sur l&rsquo;exp\u00e9rience de l&rsquo;Allemand dans une p\u00e9riode o\u00f9 le Paris FC n&rsquo;a pris que 4 points en six matches.<\/p>\n","protected":false},"excerpt":{"rendered":"Le match des gardiens relanc\u00e9 au Paris FC\u00a0: titulaire pour la deuxi\u00e8me fois d&rsquo;affil\u00e9e, Kevin Trapp a pris&hellip;\n","protected":false},"author":2,"featured_media":566525,"comment_status":"","ping_status":"","sticky":false,"template":"","format":"standard","meta":{"footnotes":""},"categories":[1888],"tags":[1111,1928,11,1927,1777,674,1011,27,12,1926,626,1925,25],"class_list":{"0":"post-566524","1":"post","2":"type-post","3":"status-publish","4":"format-standard","5":"has-post-thumbnail","7":"category-paris","8":"tag-actu","9":"tag-actu-paris","10":"tag-actualites","11":"tag-actualites-paris","12":"tag-eu","13":"tag-europe","14":"tag-fr","15":"tag-france","16":"tag-news","17":"tag-news-paris","18":"tag-paris","19":"tag-paris-news","20":"tag-republique-francaise"},"share_on_mastodon":{"url":"https:\/\/pubeurope.com\/@fr\/115632738469907433","error":""},"_links":{"self":[{"href":"https:\/\/www.europesays.com\/fr\/wp-json\/wp\/v2\/posts\/566524","targetHints":{"allow":["GET"]}}],"collection":[{"href":"https:\/\/www.europesays.com\/fr\/wp-json\/wp\/v2\/posts"}],"about":[{"href":"https:\/\/www.europesays.com\/fr\/wp-json\/wp\/v2\/types\/post"}],"author":[{"embeddable":true,"href":"https:\/\/www.europesays.com\/fr\/wp-json\/wp\/v2\/users\/2"}],"replies":[{"embeddable":true,"href":"https:\/\/www.europesays.com\/fr\/wp-json\/wp\/v2\/comments?post=566524"}],"version-history":[{"count":0,"href":"https:\/\/www.europesays.com\/fr\/wp-json\/wp\/v2\/posts\/566524\/revisions"}],"wp:featuredmedia":[{"embeddable":true,"href":"https:\/\/www.europesays.com\/fr\/wp-json\/wp\/v2\/media\/566525"}],"wp:attachment":[{"href":"https:\/\/www.europesays.com\/fr\/wp-json\/wp\/v2\/media?parent=566524"}],"wp:term":[{"taxonomy":"category","embeddable":true,"href":"https:\/\/www.europesays.com\/fr\/wp-json\/wp\/v2\/categories?post=566524"},{"taxonomy":"post_tag","embeddable":true,"href":"https:\/\/www.europesays.com\/fr\/wp-json\/wp\/v2\/tags?post=566524"}],"curies":[{"name":"wp","href":"https:\/\/api.w.org\/{rel}","templated":true}]}}