{"id":566528,"date":"2025-11-29T11:26:22","date_gmt":"2025-11-29T11:26:22","guid":{"rendered":"https:\/\/www.europesays.com\/fr\/566528\/"},"modified":"2025-11-29T11:26:22","modified_gmt":"2025-11-29T11:26:22","slug":"la-circulation-de-la-ligne-11-du-metro-completement-interrompue","status":"publish","type":"post","link":"https:\/\/www.europesays.com\/fr\/566528\/","title":{"rendered":"la circulation de la ligne 11 du m\u00e9tro compl\u00e8tement interrompue"},"content":{"rendered":"<p>                    Par<br \/>\n        <strong><br \/>\n            <a href=\"https:\/\/actu.fr\/auteur\/redaction-paris\" title=\"Consulter tous les articles de R\u00e9daction Paris\" target=\"_blank\" rel=\"noopener\">R\u00e9daction Paris<\/a><br \/>\n                    <\/strong><\/p>\n<p>        Publi\u00e9 le<\/p>\n<p>            29 nov. 2025 \u00e0 11h34        <\/p>\n<p>Compliqu\u00e9 de circuler ce samedi 29 novembre sur la <a href=\"https:\/\/actu.fr\/ile-de-france\/rosny-sous-bois_93064\/en-images-c-est-une-revolution-la-ligne-11-de-la-ratp-se-prepare-une-derniere-fois-avant-son-inauguration_61123050.html\" target=\"_blank\" rel=\"noopener\">ligne 11<\/a> du <a href=\"https:\/\/actu.fr\/tag\/metro\" target=\"_blank\" rel=\"noopener\">m\u00e9tro<\/a> \u00e0 Paris et en Seine-Saint-Denis. La <a href=\"https:\/\/actu.fr\/tag\/ratp\" target=\"_blank\" rel=\"noopener\">RATP<\/a> a annonc\u00e9 sur X, aux environs de 11h que la ligne \u00e9tait \u00e0 l\u2019arr\u00eat entre Ch\u00e2telet et Rosny-Bois-Perrier \u00e0 la suite d\u2019un \u00ab\u00a0incident technique\u00a0\u00bb.\u00a0<\/p>\n<p class=\" wall-content\">Une reprise \u00e9tait dans un premier temps annonc\u00e9 \u00e0 11h30 et elle a finalement \u00e9t\u00e9 repouss\u00e9e \u00e0 12h30.\u00a0<\/p>\n<p class=\" wall-content\">\n<p class=\" wall-content\">La ligne 11 a \u00e9t\u00e9 mise en service le 28 avril 1935 pour remplacer l\u2019ancien tramway funiculaire de Belleville. Elle relie aujourd\u2019hui le centre de Paris (Ch\u00e2telet) \u00e0 Rosny\u2011Bois\u2011Perrier (Seine-Saint-Denis).<\/p>\n<p class=\" wall-content\">Depuis son prolongement du 13 juin 2024, la ligne fait environ 11,7 km et compte 19 stations. L\u2019extension a ajout\u00e9 6 nouvelles stations en direction de l\u2019est de la capitale.\u00a0<\/p>\n<p class=\" wall-content\">Personnalisez votre actualit\u00e9 en ajoutant vos villes et m\u00e9dias en favori avec <a href=\"https:\/\/moncompte.actu.fr\" title=\"D\u00e9couvez Mon Actu\" rel=\"nofollow noopener\" data-trk=\"{&quot;cta&quot;:{&quot;action&quot;:&quot;https:\\\/\\\/moncompte.actu.fr&quot;,&quot;category&quot;:&quot;mon compte&quot;,&quot;from&quot;:&quot;article footer&quot;,&quot;name&quot;:&quot;Mon actu&quot;,&quot;type&quot;:&quot;cta&quot;}}\" target=\"_blank\">Mon Actu<\/a>.<\/p>\n","protected":false},"excerpt":{"rendered":"Par R\u00e9daction Paris Publi\u00e9 le 29 nov. 2025 \u00e0 11h34 Compliqu\u00e9 de circuler ce samedi 29 novembre sur&hellip;\n","protected":false},"author":2,"featured_media":566529,"comment_status":"","ping_status":"","sticky":false,"template":"","format":"standard","meta":{"footnotes":""},"categories":[1888],"tags":[11,16079,1777,674,1011,27,4047,12,626,625,25,104],"class_list":{"0":"post-566528","1":"post","2":"type-post","3":"status-publish","4":"format-standard","5":"has-post-thumbnail","7":"category-paris","8":"tag-actualites","9":"tag-chatelet","10":"tag-eu","11":"tag-europe","12":"tag-fr","13":"tag-france","14":"tag-metro","15":"tag-news","16":"tag-paris","17":"tag-ratp","18":"tag-republique-francaise","19":"tag-societe"},"share_on_mastodon":{"url":"https:\/\/pubeurope.com\/@fr\/115632746308007906","error":""},"_links":{"self":[{"href":"https:\/\/www.europesays.com\/fr\/wp-json\/wp\/v2\/posts\/566528","targetHints":{"allow":["GET"]}}],"collection":[{"href":"https:\/\/www.europesays.com\/fr\/wp-json\/wp\/v2\/posts"}],"about":[{"href":"https:\/\/www.europesays.com\/fr\/wp-json\/wp\/v2\/types\/post"}],"author":[{"embeddable":true,"href":"https:\/\/www.europesays.com\/fr\/wp-json\/wp\/v2\/users\/2"}],"replies":[{"embeddable":true,"href":"https:\/\/www.europesays.com\/fr\/wp-json\/wp\/v2\/comments?post=566528"}],"version-history":[{"count":0,"href":"https:\/\/www.europesays.com\/fr\/wp-json\/wp\/v2\/posts\/566528\/revisions"}],"wp:featuredmedia":[{"embeddable":true,"href":"https:\/\/www.europesays.com\/fr\/wp-json\/wp\/v2\/media\/566529"}],"wp:attachment":[{"href":"https:\/\/www.europesays.com\/fr\/wp-json\/wp\/v2\/media?parent=566528"}],"wp:term":[{"taxonomy":"category","embeddable":true,"href":"https:\/\/www.europesays.com\/fr\/wp-json\/wp\/v2\/categories?post=566528"},{"taxonomy":"post_tag","embeddable":true,"href":"https:\/\/www.europesays.com\/fr\/wp-json\/wp\/v2\/tags?post=566528"}],"curies":[{"name":"wp","href":"https:\/\/api.w.org\/{rel}","templated":true}]}}