{"id":566534,"date":"2025-11-29T11:29:21","date_gmt":"2025-11-29T11:29:21","guid":{"rendered":"https:\/\/www.europesays.com\/fr\/566534\/"},"modified":"2025-11-29T11:29:21","modified_gmt":"2025-11-29T11:29:21","slug":"nouveau-tour-de-vis-de-ladministration-trump-sur-limmigration-apres-lattaque-a-washington","status":"publish","type":"post","link":"https:\/\/www.europesays.com\/fr\/566534\/","title":{"rendered":"Nouveau tour de vis de l\u2019administration Trump sur l\u2019immigration apr\u00e8s l\u2019attaque \u00e0 Washington"},"content":{"rendered":"<p>        <img decoding=\"async\" loading=\"lazy\" src=\"https:\/\/www.europesays.com\/fr\/wp-content\/uploads\/2025\/11\/8673807_upload-1-bff1njfyog5r-afp-20251122-84ux44j-v2-highres-uspoliticstrump.jpg\"  width=\"728\" height=\"409\" alt=\"Nouveau tour de vis de l\u2019administration Trump sur l\u2019immigration apr\u00e8s l\u2019attaque \u00e0 Washington\"\/>  <\/p>\n<p>ALEX WROBLEWSKI \/ AFP<\/p>\n<p>Nouveau tour de vis de l\u2019administration Trump sur l\u2019immigration apr\u00e8s l\u2019attaque \u00e0 Washington<\/p>\n<p>      <strong>EN BREF<\/strong> <strong>\u2022 <\/strong>Apr\u00e8s une attaque \u00e0 Washington par un Afghan, l\u2019administration Trump suspend les d\u00e9cisions d\u2019asile et les visas pour les passeports afghans.<br \/><strong>\u2022 <\/strong>Rahmanullah Lakanwal, principal suspect d\u2019origine afghane, est inculp\u00e9 d\u2019assassinat mais son mobile reste inconnu.<br \/><strong>\u2022 <\/strong>Depuis le d\u00e9but de sa pr\u00e9sidence, Donald Trump ne cesse de durcir sa politique migratoire.                         <\/p>\n<p class=\"asset asset-text\">Le gouvernement am\u00e9ricain a annonc\u00e9 ce vendredi 29\u00a0novembre le gel de toute d\u00e9cision sur l\u2019octroi de l\u2019asile aux <a href=\"https:\/\/www.huffingtonpost.fr\/international\/article\/etats-unis-venezuela-on-vous-resume-les-4-mois-de-tensions-croissantes-entre-les-deux-pays_257644.html\" target=\"_blank\" rel=\"noopener\">\u00c9tats-Unis<\/a>, ainsi que d\u2019autres mesures visant \u00e0 durcir sa politique migratoire, cons\u00e9quence directe de <a href=\"https:\/\/www.huffingtonpost.fr\/international\/video\/une-attaque-vise-des-gardes-nationaux-a-washington-pres-de-la-maison-blanche-ce-que-l-on-sait_257585.html\" target=\"_blank\" rel=\"noopener\">l\u2019attaque \u00e0 Washington<\/a> deux jours plus t\u00f4t qui a tu\u00e9 une militaire et gravement bless\u00e9 un second.<\/p>\n<p class=\"asset asset-text\">Le suspect, Rahmanullah Lakanwal, un ressortissant afghan de 29\u00a0ans arriv\u00e9 dans le pays en 2021, va \u00eatre inculp\u00e9 d\u2019assassinat et la justice f\u00e9d\u00e9rale compte requ\u00e9rir la peine de mort \u00e0 son encontre. Son acte a \u00e9t\u00e9 directement invoqu\u00e9 par <a href=\"https:\/\/www.huffingtonpost.fr\/divertissement\/article\/si-trump-n-attaque-jamais-south-park-c-est-pour-une-bonne-raison-d-apres-cet-humoriste_257632.html\" target=\"_blank\" rel=\"noopener\">Donald Trump<\/a> et nombre de ses responsables pour durcir, plus encore qu\u2019ils ne le font depuis janvier, divers aspects de la politique migratoire am\u00e9ricaine.<\/p>\n<p class=\"asset asset-text\">Les services de l\u2019immigration ont suspendu \u00ab\u00a0toutes les d\u00e9cisions\u00a0\u00bb portant sur l\u2019octroi de l\u2019asile aux \u00c9tats-Unis \u00ab\u00a0jusqu\u2019\u00e0 ce que chaque \u00e9tranger soit pass\u00e9 au crible le plus strictement possible\u00a0\u00bb, a annonc\u00e9 son directeur, Joseph Edlow, sur X.<\/p>\n<p>                     D\u00e9livrance de visa, droit d\u2019asile&#8230;    <\/p>\n<p class=\"asset asset-text\">Ce gel intervient moins d\u2019un mois apr\u00e8s l\u2019annonce, par le gouvernement am\u00e9ricain, de sa volont\u00e9 de r\u00e9duire \u00e0 quelque 7\u00a0500 par an le nombre de statuts de r\u00e9fugi\u00e9s accord\u00e9s par les \u00c9tats-Unis, contre quelque 100\u00a0000 sous le pr\u00e9sident d\u00e9mocrate Joe Biden.<\/p>\n<p class=\"asset asset-text\">Vendredi, le d\u00e9partement d\u2019\u00c9tat a \u00e9galement annonc\u00e9 la suspension de la d\u00e9livrance de visa pour toute personne qui ferait sa demande avec un passeport afghan. \u00ab\u00a0Les \u00c9tats-Unis n\u2019ont pas de plus grande priorit\u00e9 que la protection de notre nation et de notre peuple\u00a0\u00bb, a \u00e9crit sur X le chef de la diplomatie am\u00e9ricaine Marco Rubio pour justifier sa d\u00e9cision.<\/p>\n<p class=\"asset asset-text\">Le mobile du suspect reste \u00e0 ce stade inconnu. Rahmanullah Lakanwal est arriv\u00e9 aux \u00c9tats-Unis en 2021 apr\u00e8s avoir servi aux c\u00f4t\u00e9s de l\u2019arm\u00e9e am\u00e9ricaine en Afghanistan, selon la CIA. Il vivait avec sa famille dans l\u2019\u00c9tat de Washington (nord-ouest), avant de se rendre dans la capitale f\u00e9d\u00e9rale.<\/p>\n<p class=\"asset asset-text\">L\u00e0, il a men\u00e9 mercredi une attaque \u00ab\u00a0cibl\u00e9e\u00a0\u00bb contre des militaires de la garde nationale, ouvrant le feu sur deux d\u2019entre eux \u00e2g\u00e9s d\u2019une vingtaine d\u2019ann\u00e9es avec un revolver \u00ab\u00a0comme dans une embuscade\u00a0\u00bb, selon les autorit\u00e9s, avant d\u2019\u00eatre arr\u00eat\u00e9. \u00ab\u00a0Ce monstre n\u2019aurait jamais d\u00fb \u00eatre dans notre pays\u00a0\u00bb, a d\u00e9clar\u00e9 jeudi la ministre de la Justice Pam Bondi.<\/p>\n<p>    Durcissement continu    <\/p>\n<p class=\"asset asset-text\">L\u2019une des deux victimes, Sarah Beckstrom, 20\u00a0ans, est d\u00e9c\u00e9d\u00e9e, tandis que l\u2019autre, Andrew Wolfe, 24\u00a0ans, se trouvait toujours vendredi dans un \u00e9tat critique. Peu apr\u00e8s l\u2019annonce du d\u00e9c\u00e8s de la militaire, Donald Trump a affirm\u00e9 sur son r\u00e9seau Truth Social qu\u2019il emp\u00eacherait \u00ab\u00a0l\u2019immigration en provenance de tous les pays du tiers-monde\u00a0\u00bb.<\/p>\n<p class=\"asset asset-text\">Jeudi, l\u2019administration am\u00e9ricaine avait d\u00e9j\u00e0 annonc\u00e9 \u00ab\u00a0un r\u00e9examen complet et rigoureux\u00a0\u00bb des permis de r\u00e9sidence permanente (les \u00ab\u00a0cartes vertes\u00a0\u00bb) d\u00e9livr\u00e9s aux ressortissants de 19 pays \u00ab\u00a0jug\u00e9s pr\u00e9occupants\u00a0\u00bb, dont l\u2019Afghanistan, Ha\u00efti, l\u2019Iran ou le Venezuela. Sollicit\u00e9s vendredi par l\u2019AFP pour savoir quels \u00ab\u00a0pays du tiers-monde\u00a0\u00bb \u00e9taient concern\u00e9s par la derni\u00e8re annonce de Donald Trump, les services d\u2019immigration ont renvoy\u00e9 \u00e0 cette m\u00eame liste de 19 pays.<\/p>\n<p class=\"asset asset-text\">Selon des donn\u00e9es officielles, plus d\u20191,6\u00a0million d\u2019\u00e9trangers d\u00e9tenteurs de la carte verte (soit 12\u00a0% des r\u00e9sidents permanents) sont originaires d\u2019un de ces pays. L\u2019Afghanistan en compte plus de 116\u00a0000.<\/p>\n<p>    Le suspect est un ancien membre des \u00ab\u00a0unit\u00e9s z\u00e9ro\u00a0\u00bb    <\/p>\n<p class=\"asset asset-text\">Rahmanullah Lakanwal \u00e9tait arriv\u00e9 aux \u00c9tats-Unis un mois apr\u00e8s le <a href=\"https:\/\/www.huffingtonpost.fr\/international\/article\/afghanistan-les-derniers-militaires-americains-ont-quitte-le-pays_186022.html\" target=\"_blank\" rel=\"noopener\">retrait pr\u00e9cipit\u00e9 des forces am\u00e9ricaines d\u2019Afghanistan<\/a> sous la pr\u00e9sidence du d\u00e9mocrate Joe Biden, en ao\u00fbt\u00a02021, dans le cadre d\u2019une vaste op\u00e9ration d\u2019\u00e9vacuation des Afghans ayant collabor\u00e9 avec les Am\u00e9ricains contre les talibans.<\/p>\n<p class=\"asset asset-text\">Des m\u00e9dias am\u00e9ricains affirmaient vendredi qu\u2019il avait rejoint les \u00ab\u00a0unit\u00e9s z\u00e9ro\u00a0\u00bb des services afghans, en charge de missions commandos contre les talibans, Al-Qa\u00efda ou le groupe Etat islamique (EI).<\/p>\n<p class=\"asset asset-text\">\u00ab\u00a0Ses ant\u00e9c\u00e9dents ont \u00e9t\u00e9 v\u00e9rifi\u00e9s \u00e0 de multiples reprises\u00a0\u00bb, a soulign\u00e9 vendredi sur CNN Shawn VanDiver, un ancien militaire am\u00e9ricain qui dirige l\u2019ONG AfghanEvac.<\/p>\n<p class=\"asset asset-text\">Le suspect a demand\u00e9 l\u2019asile sous l\u2019administration Biden, mais cette demande a \u00e9t\u00e9 approuv\u00e9e sous l\u2019administration Trump, rappelle AfghanEvac. Selon le d\u00e9partement d\u2019\u00c9tat, plus de 190\u00a0000 Afghans sont arriv\u00e9s aux \u00c9tats-Unis depuis la prise de pouvoir des talibans.<\/p>\n","protected":false},"excerpt":{"rendered":"ALEX WROBLEWSKI \/ AFP Nouveau tour de vis de l\u2019administration Trump sur l\u2019immigration apr\u00e8s l\u2019attaque \u00e0 Washington EN&hellip;\n","protected":false},"author":2,"featured_media":566535,"comment_status":"","ping_status":"","sticky":false,"template":"","format":"standard","meta":{"footnotes":""},"categories":[1589],"tags":[11,73,1866,1061,14,12,1864,1865,1863,308],"class_list":{"0":"post-566534","1":"post","2":"type-post","3":"status-publish","4":"format-standard","5":"has-post-thumbnail","7":"category-etats-unis","8":"tag-actualites","9":"tag-etats-unis","10":"tag-etats-unis-damerique","11":"tag-immigration","12":"tag-international","13":"tag-news","14":"tag-united-states","15":"tag-united-states-of-america","16":"tag-us","17":"tag-usa"},"share_on_mastodon":{"url":"https:\/\/pubeurope.com\/@fr\/115632759261461766","error":""},"_links":{"self":[{"href":"https:\/\/www.europesays.com\/fr\/wp-json\/wp\/v2\/posts\/566534","targetHints":{"allow":["GET"]}}],"collection":[{"href":"https:\/\/www.europesays.com\/fr\/wp-json\/wp\/v2\/posts"}],"about":[{"href":"https:\/\/www.europesays.com\/fr\/wp-json\/wp\/v2\/types\/post"}],"author":[{"embeddable":true,"href":"https:\/\/www.europesays.com\/fr\/wp-json\/wp\/v2\/users\/2"}],"replies":[{"embeddable":true,"href":"https:\/\/www.europesays.com\/fr\/wp-json\/wp\/v2\/comments?post=566534"}],"version-history":[{"count":0,"href":"https:\/\/www.europesays.com\/fr\/wp-json\/wp\/v2\/posts\/566534\/revisions"}],"wp:featuredmedia":[{"embeddable":true,"href":"https:\/\/www.europesays.com\/fr\/wp-json\/wp\/v2\/media\/566535"}],"wp:attachment":[{"href":"https:\/\/www.europesays.com\/fr\/wp-json\/wp\/v2\/media?parent=566534"}],"wp:term":[{"taxonomy":"category","embeddable":true,"href":"https:\/\/www.europesays.com\/fr\/wp-json\/wp\/v2\/categories?post=566534"},{"taxonomy":"post_tag","embeddable":true,"href":"https:\/\/www.europesays.com\/fr\/wp-json\/wp\/v2\/tags?post=566534"}],"curies":[{"name":"wp","href":"https:\/\/api.w.org\/{rel}","templated":true}]}}