{"id":566540,"date":"2025-11-29T11:32:11","date_gmt":"2025-11-29T11:32:11","guid":{"rendered":"https:\/\/www.europesays.com\/fr\/566540\/"},"modified":"2025-11-29T11:32:11","modified_gmt":"2025-11-29T11:32:11","slug":"apres-5-ans-de-travaux-lun-des-plus-grands-chateaux-medievaux-deurope-rouvre-ses-portes-au-public","status":"publish","type":"post","link":"https:\/\/www.europesays.com\/fr\/566540\/","title":{"rendered":"Apr\u00e8s 5 ans de travaux, l&rsquo;un des plus grands ch\u00e2teaux m\u00e9di\u00e9vaux d&rsquo;Europe rouvre ses portes au public"},"content":{"rendered":"<p>                    Par<br \/>\n        <strong><br \/>\n            <a href=\"https:\/\/actu.fr\/auteur\/fabienne-marie\" title=\"Consulter tous les articles de Fabienne Marie\" target=\"_blank\" rel=\"noopener\">Fabienne Marie<\/a><br \/>\n                    <\/strong><\/p>\n<p>        Publi\u00e9 le<\/p>\n<p>            29 nov. 2025 \u00e0 12h18        <\/p>\n<p>Apr\u00e8s cinq ann\u00e9es de <strong>restauration<\/strong> et un investissement de 37 millions de dollars, le donjon du <strong>ch\u00e2teau de Norwich (Angleterre)<\/strong>, l\u2019un des premiers <a href=\"https:\/\/actu.fr\/histoire-patrimoine\/\" target=\"_blank\" rel=\"noopener\">ch\u00e2teaux<\/a> construits apr\u00e8s la <strong>conqu\u00eate normande<\/strong>, a \u00e9t\u00e9 rouvert au public.<\/p>\n<p class=\" wall-content\">Avec un investissement de pr\u00e8s de<strong> 32 millions d\u2019euros<\/strong>, cette transformation de cinq ann\u00e9es repr\u00e9sente l\u2019un des projets de restauration les plus ambitieux entrepris en Grande-Bretagne pour un ch\u00e2teau m\u00e9di\u00e9val.\u00a0<\/p>\n<p>\u00c9rig\u00e9 par Guillaume le Conqu\u00e9rant<\/p>\n<p class=\" wall-content\">Cette forteresse, \u00e9rig\u00e9e sur ordre de<strong> Guillaume le Conqu\u00e9rant<\/strong> et achev\u00e9e en 1121 sous le r\u00e8gne d\u2019Henri Ier, incarne l\u2019un des plus remarquables\u00a0ch\u00e2teaux normands d\u2019Europe. Pour la premi\u00e8re fois dans l\u2019histoire, les cinq \u00e9tages du b\u00e2timent du 11e si\u00e8cle sont ouverts aux visiteurs.<\/p>\n<p class=\" wall-content\">Il s\u2019agit \u00e9galement du ch\u00e2teau le plus accessible du Royaume-Uni, gr\u00e2ce \u00e0 un ascenseur ultramoderne qui permet aux fauteuils roulants et aux poussettes d\u2019acc\u00e9der au toit.<\/p>\n<p class=\" wall-content\"><a href=\"https:\/\/www.instagram.com\/reel\/DRh9a5ADGwu\/embed\" title=\"Ouvrir le lien sur Instagram\" target=\"_blank\" rel=\"noopener\">Visualiser le contenu sur Instagram<\/a><\/p>\n<p>Une visite immersive<\/p>\n<p class=\" wall-content\">Les visiteurs peuvent d\u00e9sormais p\u00e9n\u00e9trer dans des<strong> chambres royales normandes<\/strong> m\u00e9ticuleusement recr\u00e9\u00e9es, dot\u00e9es d\u2019un mobilier authentique, d\u2019\u00e9crans interactifs et de <strong>projections laser audiovisuelles immersives<\/strong> dans le grand hall.<\/p>\n<p class=\" wall-content\">Chaque salle raconte un pan de l\u2019histoire du ch\u00e2teau, r\u00e9v\u00e9lant les secrets d\u2019une \u00e9poque o\u00f9 la commune de Norwich rayonnait sur l\u2019Europe enti\u00e8re.<\/p>\n<p class=\" wall-content\">Le projet comprend par ailleurs un partenariat avec le British Museum, qui apporte plus de 900 objets m\u00e9di\u00e9vaux, dont 50 pr\u00eats \u00e0 long terme, \u00e0 la nouvelle galerie de la vie m\u00e9di\u00e9vale.<\/p>\n<p>Votre r\u00e9gion, votre actu !<\/p>\n<p>Recevez chaque jour les infos qui comptent pour vous.<\/p>\n<p>\t<a href=\"https:\/\/actu.fr\/newsletter\" class=\"ac-btn ac-btn--corner ac-btn--medium ac-btn--blue800\" target=\"_blank\" rel=\"noopener\">S&rsquo;incrire<\/a><br \/>\n<a href=\"http:\/\/norwichcastle.norfolk.gov.uk\" target=\"_blank\" rel=\"noopener\">Ch\u00e2teau de Norwich<\/a><br \/>\nCastle Hill<br \/>\nNorwich NR1 3JU<br \/>\nRoyaume-Uni<br \/>\nContact au : +44 1603 493625. Tarifs adulte : Adulte (19 ans et plus) 15,30 \u00a3 ; enfant : 13,05 \u00a3. Gratuit pour les moins de 4 ans.<\/p>\n<p class=\" wall-content\">Personnalisez votre actualit\u00e9 en ajoutant vos villes et m\u00e9dias en favori avec <a href=\"https:\/\/moncompte.actu.fr\" title=\"D\u00e9couvez Mon Actu\" rel=\"nofollow noopener\" data-trk=\"{&quot;cta&quot;:{&quot;action&quot;:&quot;https:\\\/\\\/moncompte.actu.fr&quot;,&quot;category&quot;:&quot;mon compte&quot;,&quot;from&quot;:&quot;article footer&quot;,&quot;name&quot;:&quot;Mon actu&quot;,&quot;type&quot;:&quot;cta&quot;}}\" target=\"_blank\">Mon Actu<\/a>.<\/p>\n<p>                    <script async src=\"\/\/www.instagram.com\/embed.js\"><\/script><\/p>\n","protected":false},"excerpt":{"rendered":"Par Fabienne Marie Publi\u00e9 le 29 nov. 2025 \u00e0 12h18 Apr\u00e8s cinq ann\u00e9es de restauration et un investissement&hellip;\n","protected":false},"author":2,"featured_media":566541,"comment_status":"","ping_status":"","sticky":false,"template":"","format":"standard","meta":{"footnotes":""},"categories":[1586],"tags":[11,1777,674,1011,27,58904,21922,12,2551,25],"class_list":{"0":"post-566540","1":"post","2":"type-post","3":"status-publish","4":"format-standard","5":"has-post-thumbnail","7":"category-europe","8":"tag-actualites","9":"tag-eu","10":"tag-europe","11":"tag-fr","12":"tag-france","13":"tag-histoire-patrimoine","14":"tag-monuments","15":"tag-news","16":"tag-patrimoine","17":"tag-republique-francaise"},"share_on_mastodon":{"url":"https:\/\/pubeurope.com\/@fr\/115632770062717621","error":""},"_links":{"self":[{"href":"https:\/\/www.europesays.com\/fr\/wp-json\/wp\/v2\/posts\/566540","targetHints":{"allow":["GET"]}}],"collection":[{"href":"https:\/\/www.europesays.com\/fr\/wp-json\/wp\/v2\/posts"}],"about":[{"href":"https:\/\/www.europesays.com\/fr\/wp-json\/wp\/v2\/types\/post"}],"author":[{"embeddable":true,"href":"https:\/\/www.europesays.com\/fr\/wp-json\/wp\/v2\/users\/2"}],"replies":[{"embeddable":true,"href":"https:\/\/www.europesays.com\/fr\/wp-json\/wp\/v2\/comments?post=566540"}],"version-history":[{"count":0,"href":"https:\/\/www.europesays.com\/fr\/wp-json\/wp\/v2\/posts\/566540\/revisions"}],"wp:featuredmedia":[{"embeddable":true,"href":"https:\/\/www.europesays.com\/fr\/wp-json\/wp\/v2\/media\/566541"}],"wp:attachment":[{"href":"https:\/\/www.europesays.com\/fr\/wp-json\/wp\/v2\/media?parent=566540"}],"wp:term":[{"taxonomy":"category","embeddable":true,"href":"https:\/\/www.europesays.com\/fr\/wp-json\/wp\/v2\/categories?post=566540"},{"taxonomy":"post_tag","embeddable":true,"href":"https:\/\/www.europesays.com\/fr\/wp-json\/wp\/v2\/tags?post=566540"}],"curies":[{"name":"wp","href":"https:\/\/api.w.org\/{rel}","templated":true}]}}