{"id":566542,"date":"2025-11-29T11:33:12","date_gmt":"2025-11-29T11:33:12","guid":{"rendered":"https:\/\/www.europesays.com\/fr\/566542\/"},"modified":"2025-11-29T11:33:12","modified_gmt":"2025-11-29T11:33:12","slug":"leurope-sinvite-a-la-cite-scolaire-pour-la-5%e1%b5%89-edition-de-leurope-ca-te-parle","status":"publish","type":"post","link":"https:\/\/www.europesays.com\/fr\/566542\/","title":{"rendered":"l\u2019Europe s\u2019invite \u00e0 la cit\u00e9 scolaire pour la 5\u1d49 \u00e9dition de \u00ab L\u2019Europe, \u00e7a te parle ? \u00bb"},"content":{"rendered":"<p>Depuis 2023, la R\u00e9gion Grand Est organise des journ\u00e9es de sensibilisation \u00e0 l\u2019action de l\u2019Europe et \u00e0 la citoyennet\u00e9 europ\u00e9enne dans les lyc\u00e9es. Plus de 3\u00a0500 lyc\u00e9ens ont d\u00e9j\u00e0 eu l\u2019opportunit\u00e9 de mieux comprendre la construction europ\u00e9enne et son impact concret dans leur vie quotidienne. Cette ann\u00e9e marque la 5\u1d49 \u00e9dition de l\u2019op\u00e9ration \u00ab\u00a0L\u2019Europe, \u00e7a te parle\u00a0?\u00a0\u00bb o\u00f9 l\u2019Union europ\u00e9enne s\u2019invite dans dix lyc\u00e9es du Grand Est afin de montrer que l\u2019Europe est proche des jeunes et agit concr\u00e8tement pour leur avenir.<\/p>\n<p>Plus de 113\u00a0000 projets ont \u00e9t\u00e9 financ\u00e9s dans la r\u00e9gion depuis 2014, transformant la vie quotidienne des habitants dans des domaines cl\u00e9s comme l\u2019\u00e9conomie, l\u2019\u00e9ducation, l\u2019environnement et la culture.<\/p>\n<p>Ce contenu est bloqu\u00e9 car vous n&rsquo;avez pas accept\u00e9 les cookies et autres traceurs.<\/p>\n<p>En cliquant sur \u00ab J\u2019accepte \u00bb, les cookies et autres traceurs seront d\u00e9pos\u00e9s et vous pourrez visualiser les contenus  (<a href=\"\" class=\"consentModule_policy\" target=\"_blank\" title=\"Consulter la politique de protection des donn\u00e9es du fournisseur\">plus d&rsquo;informations<\/a>).<\/p>\n<p>En cliquant sur \u00ab J\u2019accepte tous les cookies \u00bb, vous autorisez des d\u00e9p\u00f4ts de cookies et autres traceurs pour le stockage de vos donn\u00e9es sur nos sites et applications \u00e0 des fins de personnalisation et de ciblage publicitaire.<\/p>\n<p class=\"consentModule_secondaryText\">Vous gardez la possibilit\u00e9 de retirer votre consentement \u00e0 tout moment en consultant notre <a href=\"https:\/\/www.vosgesmatin.fr\/protection-des-donnees\" target=\"_blank\" title=\"Consulter notre politique de protection des donn\u00e9es\" rel=\"noopener\">politique de protection des donn\u00e9es<\/a>. <br \/>&#13;<br \/>\n            <a href=\"https:\/\/www.vosgesmatin.fr\/education\/2025\/11\/29\/javascript:Didomi.notice.show()\" class=\"consentModule_cmp\" target=\"_blank\" rel=\"noopener\">G\u00e9rer mes choix<\/a>&#13;\n        <\/p>\n<p>&#13;<br \/>\n                        J&rsquo;accepte&#13;<br \/>\n            J&rsquo;accepte tous les cookies&#13;\n        <\/p>\n<p>Lors de ces journ\u00e9es, les lyc\u00e9ens d\u00e9couvrent les projets locaux financ\u00e9s par l\u2019Union europ\u00e9enne \u00e0 proximit\u00e9 de leur \u00e9tablissement\u00a0; <a href=\"https:\/\/www.vosgesmatin.fr\/economie\/2023\/12\/14\/la-cite-scolaire-de-neufchateau-joue-la-carte-de-l-ouverture\" target=\"_blank\" rel=\"noopener\">les opportunit\u00e9s de mobilit\u00e9 internationale offertes<\/a> ainsi que les fonds et politiques europ\u00e9ennes mobilisables sur le territoire. Une centaine d\u2019\u00e9l\u00e8ves de l\u2019\u00e9tablissement des <a href=\"https:\/\/www.vosgesmatin.fr\/economie\/2025\/04\/03\/villa-medicis-des-metiers-d-art-dont-on-fait-des-colonnes-romaines-a-neufchateau\" target=\"_blank\" rel=\"noopener\">fili\u00e8res g\u00e9n\u00e9rales et professionnelles<\/a> ont particip\u00e9 \u00e0 l\u2019\u00e9v\u00e9nement ce jeudi, qui auront l\u2019opportunit\u00e9 d\u2019approfondir leurs connaissances.<\/p>\n<p>En pr\u00e9sence du conseiller r\u00e9gional Patrick Floquet, ils ont particip\u00e9 \u00e0 3 ateliers interactifs en explorant de mani\u00e8re ludique des symboles europ\u00e9ens, sur les opportunit\u00e9s de mobilit\u00e9 et au sujet des initiatives locales soutenues par l\u2019Union.<\/p>\n","protected":false},"excerpt":{"rendered":"Depuis 2023, la R\u00e9gion Grand Est organise des journ\u00e9es de sensibilisation \u00e0 l\u2019action de l\u2019Europe et \u00e0 la&hellip;\n","protected":false},"author":2,"featured_media":566543,"comment_status":"","ping_status":"","sticky":false,"template":"","format":"standard","meta":{"footnotes":""},"categories":[1586],"tags":[47,11,3599,1797,1057,1777,674,1779,107,1011,27,17139,17140,12,316,25,104,1778,364,774],"class_list":{"0":"post-566542","1":"post","2":"type-post","3":"status-publish","4":"format-standard","5":"has-post-thumbnail","7":"category-europe","8":"tag-actualite","9":"tag-actualites","10":"tag-college-lycee","11":"tag-edition-la-plaine","12":"tag-education","13":"tag-eu","14":"tag-europe","15":"tag-european-union","16":"tag-fil-info","17":"tag-fr","18":"tag-france","19":"tag-neufchateau","20":"tag-neufchateau-ville-88a","21":"tag-news","22":"tag-politique","23":"tag-republique-francaise","24":"tag-societe","25":"tag-ue","26":"tag-union-europeenne","27":"tag-vosges"},"share_on_mastodon":{"url":"https:\/\/pubeurope.com\/@fr\/115632773806925734","error":""},"_links":{"self":[{"href":"https:\/\/www.europesays.com\/fr\/wp-json\/wp\/v2\/posts\/566542","targetHints":{"allow":["GET"]}}],"collection":[{"href":"https:\/\/www.europesays.com\/fr\/wp-json\/wp\/v2\/posts"}],"about":[{"href":"https:\/\/www.europesays.com\/fr\/wp-json\/wp\/v2\/types\/post"}],"author":[{"embeddable":true,"href":"https:\/\/www.europesays.com\/fr\/wp-json\/wp\/v2\/users\/2"}],"replies":[{"embeddable":true,"href":"https:\/\/www.europesays.com\/fr\/wp-json\/wp\/v2\/comments?post=566542"}],"version-history":[{"count":0,"href":"https:\/\/www.europesays.com\/fr\/wp-json\/wp\/v2\/posts\/566542\/revisions"}],"wp:featuredmedia":[{"embeddable":true,"href":"https:\/\/www.europesays.com\/fr\/wp-json\/wp\/v2\/media\/566543"}],"wp:attachment":[{"href":"https:\/\/www.europesays.com\/fr\/wp-json\/wp\/v2\/media?parent=566542"}],"wp:term":[{"taxonomy":"category","embeddable":true,"href":"https:\/\/www.europesays.com\/fr\/wp-json\/wp\/v2\/categories?post=566542"},{"taxonomy":"post_tag","embeddable":true,"href":"https:\/\/www.europesays.com\/fr\/wp-json\/wp\/v2\/tags?post=566542"}],"curies":[{"name":"wp","href":"https:\/\/api.w.org\/{rel}","templated":true}]}}