{"id":566544,"date":"2025-11-29T11:34:12","date_gmt":"2025-11-29T11:34:12","guid":{"rendered":"https:\/\/www.europesays.com\/fr\/566544\/"},"modified":"2025-11-29T11:34:12","modified_gmt":"2025-11-29T11:34:12","slug":"quels-sont-les-vols-annules-a-laeroport-toulouse-blagnac","status":"publish","type":"post","link":"https:\/\/www.europesays.com\/fr\/566544\/","title":{"rendered":"quels sont les vols annul\u00e9s \u00e0 l&rsquo;a\u00e9roport Toulouse-Blagnac\u00a0?"},"content":{"rendered":"<p>                    Par<br \/>\n        <strong><br \/>\n            <a href=\"https:\/\/actu.fr\/auteur\/gabriel-kenedi\" title=\"Consulter tous les articles de Gabriel Kenedi\" target=\"_blank\" rel=\"noopener\">Gabriel Kenedi<\/a><br \/>\n                    <\/strong><\/p>\n<p>        Publi\u00e9 le<\/p>\n<p>            29 nov. 2025 \u00e0 9h34        <\/p>\n<p>Sacr\u00e9 coup dur pour <strong>Airbus<\/strong>. Dans une notification envoy\u00e9e dans la soir\u00e9e du vendredi 28 novembre, l\u2019avionneur europ\u00e9en a ordonn\u00e9 une op\u00e9ration de maintenance d\u2019urgence apr\u00e8s la d\u00e9couverte d\u2019une vuln\u00e9rabilit\u00e9 aux radiations solaires affectant un logiciel de commandes de vol install\u00e9 sur environ<strong> 6 000 avions de la famille A320<\/strong>, le best-seller du num\u00e9ro un mondial de l\u2019a\u00e9ronautique, dont le si\u00e8ge est bas\u00e9 \u00e0 Toulouse.\u00a0<\/p>\n<p>6 000 avions A320 immobilis\u00e9s\u00a0<\/p>\n<p class=\" wall-content\">Interrog\u00e9 par\u00a0Actu.fr, un porte-parole du groupe indiquait vendredi soir qu\u2019environ 6 000 appareils \u00e9taient concern\u00e9s. Cela repr\u00e9sente d\u2019apr\u00e8s nos informations<strong> la moiti\u00e9 de la flotte des A320<\/strong> sur le march\u00e9 dans le monde.<\/p>\n<p class=\" wall-content\">D\u2019apr\u00e8s Airbus, l\u2019op\u00e9ration de maintenance est \u00ab\u00a0r\u00e9alisable en quelques heures\u00a0\u00bb pour la majorit\u00e9 des appareils\u2026 mais environ<strong> 1 000 avions A320<\/strong> devront changer de syst\u00e8me informatique, ce qui devrait prendre \u00ab\u00a0plusieurs semaines\u00a0\u00bb.\u00a0<\/p>\n<p class=\" wall-content\">Aussit\u00f4t apr\u00e8s cette annonce, qui a eu un retentissement plan\u00e9taire, les cons\u00e9quences se sont fait rapidement sentir sur <strong>le trafic a\u00e9rien mondial<\/strong>, et notamment aux \u00c9tats-Unis.\u00a0<\/p>\n<p>Trafic fluide \u00e0 l\u2019a\u00e9roport de Toulouse-Blagnac<\/p>\n<p class=\" wall-content\">Qu\u2019en est-il en France ? Air France a rapidement annonc\u00e9 avoir annul\u00e9 <strong>35 vols<\/strong>, vendredi soir.<\/p>\n<p>Vid\u00e9os : en ce moment sur Actu<\/p>\n<p class=\" wall-content\">Ce samedi 29 novembre 2025, le trafic a\u00e9rien est pourtant <strong>globalement fluide<\/strong> au d\u00e9part et l\u2019arriv\u00e9e de<strong> l\u2019a\u00e9roport Toulouse-Blagnac<\/strong>.<\/p>\n<p>Quelques vols annul\u00e9s, ce samedi matin\u00a0<\/p>\n<p class=\" wall-content\">Seuls quelques vols de la compagnie Air France en provenance ou \u00e0 destination de Paris ont \u00e9t\u00e9 annul\u00e9s ce samedi, a constat\u00e9 Actu Toulouse.\u00a0<\/p>\n<p>Votre r\u00e9gion, votre actu !<\/p>\n<p>Recevez chaque jour les infos qui comptent pour vous.<\/p>\n<p>\t<a href=\"https:\/\/actu.fr\/newsletter\" class=\"ac-btn ac-btn--corner ac-btn--medium ac-btn--blue800\" target=\"_blank\" rel=\"noopener\">S&rsquo;incrire<\/a><\/p>\n<p class=\" wall-content\">Voici la liste des vols annul\u00e9s ce samedi 29 novembre 2025 <strong>\u00e0 l\u2019a\u00e9roport de Toulouse-Blagnac<\/strong>.\u00a0<\/p>\n<p class=\" wall-content\"><strong>Au d\u00e9part de Toulouse :\u00a0<\/strong><\/p>\n<ul class=\" wall-content\">\n<li>6h05 : AF 7411 \/ Paris CDG\u00a0<\/li>\n<li>10h30 : AF 6109 \/ Paris Orly<\/li>\n<li>10h45 : AF 7415 \/ Paris CDG<\/li>\n<\/ul>\n<p class=\" wall-content\"><strong>\u00c0 l\u2019arriv\u00e9e de Toulouse :\u00a0<\/strong><\/p>\n<ul class=\" wall-content\">\n<li>9h45 : AF6104 \/ Paris Orly\u00a0<\/li>\n<li>9h55 : AF 7414 \/ Paris CDG<\/li>\n<\/ul>\n<p class=\" wall-content\">Plus d\u2019informations \u00e0 suivre sur Actu Toulouse.\u00a0<\/p>\n<p class=\" wall-content\">Personnalisez votre actualit\u00e9 en ajoutant vos villes et m\u00e9dias en favori avec <a href=\"https:\/\/moncompte.actu.fr\" title=\"D\u00e9couvez Mon Actu\" rel=\"nofollow noopener\" data-trk=\"{&quot;cta&quot;:{&quot;action&quot;:&quot;https:\\\/\\\/moncompte.actu.fr&quot;,&quot;category&quot;:&quot;mon compte&quot;,&quot;from&quot;:&quot;article footer&quot;,&quot;name&quot;:&quot;Mon actu&quot;,&quot;type&quot;:&quot;cta&quot;}}\" target=\"_blank\">Mon Actu<\/a>.<\/p>\n","protected":false},"excerpt":{"rendered":"Par Gabriel Kenedi Publi\u00e9 le 29 nov. 2025 \u00e0 9h34 Sacr\u00e9 coup dur pour Airbus. Dans une notification&hellip;\n","protected":false},"author":2,"featured_media":566545,"comment_status":"","ping_status":"","sticky":false,"template":"","format":"standard","meta":{"footnotes":""},"categories":[2],"tags":[11,103,36,1011,27,12,25,104],"class_list":{"0":"post-566544","1":"post","2":"type-post","3":"status-publish","4":"format-standard","5":"has-post-thumbnail","7":"category-actualites","8":"tag-actualites","9":"tag-aeroport-toulouse-blagnac","10":"tag-airbus","11":"tag-fr","12":"tag-france","13":"tag-news","14":"tag-republique-francaise","15":"tag-societe"},"share_on_mastodon":{"url":"https:\/\/pubeurope.com\/@fr\/115632777724223410","error":""},"_links":{"self":[{"href":"https:\/\/www.europesays.com\/fr\/wp-json\/wp\/v2\/posts\/566544","targetHints":{"allow":["GET"]}}],"collection":[{"href":"https:\/\/www.europesays.com\/fr\/wp-json\/wp\/v2\/posts"}],"about":[{"href":"https:\/\/www.europesays.com\/fr\/wp-json\/wp\/v2\/types\/post"}],"author":[{"embeddable":true,"href":"https:\/\/www.europesays.com\/fr\/wp-json\/wp\/v2\/users\/2"}],"replies":[{"embeddable":true,"href":"https:\/\/www.europesays.com\/fr\/wp-json\/wp\/v2\/comments?post=566544"}],"version-history":[{"count":0,"href":"https:\/\/www.europesays.com\/fr\/wp-json\/wp\/v2\/posts\/566544\/revisions"}],"wp:featuredmedia":[{"embeddable":true,"href":"https:\/\/www.europesays.com\/fr\/wp-json\/wp\/v2\/media\/566545"}],"wp:attachment":[{"href":"https:\/\/www.europesays.com\/fr\/wp-json\/wp\/v2\/media?parent=566544"}],"wp:term":[{"taxonomy":"category","embeddable":true,"href":"https:\/\/www.europesays.com\/fr\/wp-json\/wp\/v2\/categories?post=566544"},{"taxonomy":"post_tag","embeddable":true,"href":"https:\/\/www.europesays.com\/fr\/wp-json\/wp\/v2\/tags?post=566544"}],"curies":[{"name":"wp","href":"https:\/\/api.w.org\/{rel}","templated":true}]}}