{"id":566546,"date":"2025-11-29T11:35:15","date_gmt":"2025-11-29T11:35:15","guid":{"rendered":"https:\/\/www.europesays.com\/fr\/566546\/"},"modified":"2025-11-29T11:35:15","modified_gmt":"2025-11-29T11:35:15","slug":"la-reponse-salee-de-frederic-beigbeder-a-lena-situations","status":"publish","type":"post","link":"https:\/\/www.europesays.com\/fr\/566546\/","title":{"rendered":"la r\u00e9ponse sal\u00e9e de Fr\u00e9d\u00e9ric Beigbeder \u00e0 Lena Situations"},"content":{"rendered":"<p class=\"article-p mdl\">On connaissait d\u00e9j\u00e0 le clash entre les rappeurs Booba et Gims. Celui entre Natasha St-Pier et In\u00e8s Reg dans Danse avec les stars. Mais on ne s&rsquo;attendait certainement pas au clash entre Fr\u00e9d\u00e9ric Beigbeder et Lena Situations. Dans sa derni\u00e8re chronique hebdomadaire,\u00a0<a class=\"link\" href=\"https:\/\/www.lefigaro.fr\/vox\/culture\/je-vais-vous-dire-ce-que-je-meprise-la-lettre-de-frederic-beigbeder-a-l-influenceuse-lena-situations-20251127\" target=\"_blank\" rel=\"noopener\">publi\u00e9e dans Le Figaro Magazine<\/a>\u00a0ce vendredi 28 novembre, l&rsquo;\u00e9crivain fran\u00e7ais tire \u00e0 vue sur l&rsquo;influenceuse mode de 28 ans qu&rsquo;il d\u00e9crit comme \u00ab\u00a0la r\u00e9incarnation d&rsquo;Ok ! Magazine et du Manuel des Castors Juniors\u00a0\u00bb.<\/p>\n<p class=\"article-p mdl\">L&rsquo;auteur de L&rsquo;amour dure trois ans ne semble pas avoir appr\u00e9ci\u00e9 que\u00a0<a class=\"link\" href=\"https:\/\/www.rtl.fr\/culture\/medias-people\/lena-situations-publie-encore-mieux-decryptage-du-lancement-hors-norme-de-son-livre-7900566446\" target=\"_blank\" rel=\"noopener\">Lena Mahfouf lui d\u00e9die son dernier livre<\/a>,\u00a0Encore mieux, sorti le 14 novembre dernier. Une fa\u00e7on, pour elle, de r\u00e9pondre aux <strong>critiques \u00e9mises par l&rsquo;\u00e9crivain en 2020<\/strong> &#8211; d\u00e9j\u00e0 dans le Le Figaro Magazine &#8211; lors de la parution de son premier ouvrage Toujours plus.\u00a0<\/p>\n<p class=\"article-p mdl\">Questionn\u00e9e sur <strong>ce \u00ab\u00a0clin d&rsquo;\u0153il\u00a0\u00bb adress\u00e9 \u00e0 l&rsquo;auteur<\/strong> sur le plateau de C \u00e0 vous, la cr\u00e9atrice de contenus s&rsquo;explique : \u00ab\u00a0On pourrait croire que son attaque est personnelle, mais elle s&rsquo;attaquait surtout \u00e0 toute une g\u00e9n\u00e9ration. La g\u00e9n\u00e9ration Facebook comme il l&rsquo;appelait dans son papier. Je crois que cette g\u00e9n\u00e9ration est <strong>bien plus brillante que ce qu&rsquo;il fait croire<\/strong>.\u00a0\u00bb\u00a0<\/p>\n<p>            \u00ab\u00a0Apr\u00e8s lecture, votre machin devrait s&rsquo;intituler &lsquo;Aussi nul'\u00a0\u00bb<\/p>\n<p class=\"article-p mdl\">On aurait pu croire que le sujet \u00e9tait clos, mais c&rsquo;\u00e9tait sans compter sur l&rsquo;auteur de 99 Francs. Dans son papier, publi\u00e9 ce vendredi, Fr\u00e9d\u00e9ric Beigbeder \u00e9voque donc la sortie de\u00a0Encore mieux, <strong>un titre qu&rsquo;il juge \u00ab\u00a0mensonger\u00a0\u00bb<\/strong>. \u00ab\u00a0Apr\u00e8s lecture, votre machin devrait s&rsquo;intituler &lsquo;<strong>Aussi nul<\/strong>&lsquo;\u00a0\u00bb, l\u00e2che-t-il.\u00a0<\/p>\n<p class=\"article-p mdl\">L&rsquo;\u00e9crivain &#8211; qui semble vouloir se justifier &#8211; rentre dans le vif du sujet<strong>, sans prendre de pincettes<\/strong>. \u00ab\u00a0En ouverture de votre chose, vous mentionnez ma critique de votre premier opus qui date de novembre 2020. Il va falloir essayer de vous en remettre (&#8230;) Vous m&rsquo;accusez de <strong>m\u00e9priser votre g\u00e9n\u00e9ration, <\/strong>c<strong>&lsquo;<\/strong>est faux : je passe ma vie \u00e0 r\u00e9v\u00e9ler de jeunes talents, dont vous ne faites pas partie\u00a0\u00bb, \u00e9crit-il.\u00a0<\/p>\n<p class=\"article-p mdl\">Comme en 2020, Fr\u00e9d\u00e9ric Beigbeder s&rsquo;en prend encore une fois au \u00ab\u00a0<strong>marketing<\/strong>\u00a0\u00bb &#8211; parfaitement g\u00e9r\u00e9 de surcro\u00eet\u00a0&#8211; par l&rsquo;influenceuse. \u00ab\u00a0Je m\u00e9prise votre marketing digital qui abrutit votre g\u00e9n\u00e9ration. Je m\u00e9prise votre idol\u00e2trie des chiffres de ventes et du nombre de followers comme unique crit\u00e8re de qualit\u00e9. Je m\u00e9prise votre mani\u00e8re de vous<strong> victimiser artificiellement<\/strong> pour s\u00e9duire la presse bien-pensante.\u00a0\u00bb<\/p>\n<p>            \u00ab\u00a0Qu&rsquo;on ait vingt ans, qu&rsquo;on soit grand-p\u00e8re ! Quand on est con, on est con\u00a0\u00bb<\/p>\n<p class=\"article-p mdl\">Si Lena Situations n&rsquo;avait pas appr\u00e9ci\u00e9 la critique de Fr\u00e9d\u00e9ric Beigbeder en 2020, il semblerait que sa r\u00e9ponse sous forme de d\u00e9dicace ait profond\u00e9ment <strong>agac\u00e9 l&rsquo;auteur<\/strong>.\u00a0<\/p>\n<p class=\"article-p mdl\">Au point d&rsquo;\u00eatre insultant ? \u00ab\u00a0Vous auriez pu \u00eatre une nouvelle Diana Vreeland, mais comme intervieweuse, <strong>vous n&rsquo;arrivez pas \u00e0 la cheville de Mouloud Achour<\/strong>. Quant au conflit des g\u00e9n\u00e9rations, permettez-moi de citer un po\u00e8te mort avant votre naissance, Georges Brassens, car personne n&rsquo;a jamais rien \u00e9crit de mieux sur la seule chose qui nous rassemble : &lsquo;Qu&rsquo;on ait vingt ans, qu&rsquo;on soit grand-p\u00e8re ! <strong>Quand on est con, on est con<\/strong>&lsquo;\u00a0\u00bb, conclut-il.\u00a0<\/p>\n<p class=\"article-p mdl\">Pas s\u00fbr que cette chute soit vraiment du go\u00fbt de la jeune femme, ni de ses abonn\u00e9s&#8230; Lena Situations n&rsquo;a d&rsquo;ailleurs pas manqu\u00e9 de r\u00e9pondre sur Instagram \u00e0 l&rsquo;\u00e9crivain, en prenant une capture d&rsquo;\u00e9cran de sa chronique dans le Figaro, et soulignant son \u00e2ge<strong> \u00ab\u00a060 ans\u00a0\u00bb<\/strong>, avant d&rsquo;\u00e9crire ensuite \u00ab\u00a0anywayyy\u00a0\u00bb,\u00a0<strong>\u00ab\u00a0brefff\u00a0\u00bb,<\/strong> en fran\u00e7ais. Chapitre clos dans cette gu\u00e9guerre ?\u00a0<\/p>\n<p>    La r\u00e9daction vous recommande<\/p>\n<p class=\"s-newsletter__title\">\n                L\u2019actualit\u00e9 par la r\u00e9daction de RTL dans votre bo\u00eete mail.\n            <\/p>\n<p class=\"s-newsletter__subtitle\">\n                Gr\u00e2ce \u00e0 votre compte RTL abonnez-vous \u00e0 la newsletter RTL info pour suivre toute l&rsquo;actualit\u00e9 au quotidien\n            <\/p>\n<p>\n                                    Lire la suite\n                                <\/p>\n","protected":false},"excerpt":{"rendered":"On connaissait d\u00e9j\u00e0 le clash entre les rappeurs Booba et Gims. Celui entre Natasha St-Pier et In\u00e8s Reg&hellip;\n","protected":false},"author":2,"featured_media":566547,"comment_status":"","ping_status":"","sticky":false,"template":"","format":"standard","meta":{"footnotes":""},"categories":[2],"tags":[11,12232,251,107,1011,27,15382,310,1380,12,25],"class_list":{"0":"post-566546","1":"post","2":"type-post","3":"status-publish","4":"format-standard","5":"has-post-thumbnail","7":"category-actualites","8":"tag-actualites","9":"tag-clash","10":"tag-culture","11":"tag-fil-info","12":"tag-fr","13":"tag-france","14":"tag-frederic-beigbeder","15":"tag-internet","16":"tag-livres","17":"tag-news","18":"tag-republique-francaise"},"share_on_mastodon":{"url":"https:\/\/pubeurope.com\/@fr\/115632781650992914","error":""},"_links":{"self":[{"href":"https:\/\/www.europesays.com\/fr\/wp-json\/wp\/v2\/posts\/566546","targetHints":{"allow":["GET"]}}],"collection":[{"href":"https:\/\/www.europesays.com\/fr\/wp-json\/wp\/v2\/posts"}],"about":[{"href":"https:\/\/www.europesays.com\/fr\/wp-json\/wp\/v2\/types\/post"}],"author":[{"embeddable":true,"href":"https:\/\/www.europesays.com\/fr\/wp-json\/wp\/v2\/users\/2"}],"replies":[{"embeddable":true,"href":"https:\/\/www.europesays.com\/fr\/wp-json\/wp\/v2\/comments?post=566546"}],"version-history":[{"count":0,"href":"https:\/\/www.europesays.com\/fr\/wp-json\/wp\/v2\/posts\/566546\/revisions"}],"wp:featuredmedia":[{"embeddable":true,"href":"https:\/\/www.europesays.com\/fr\/wp-json\/wp\/v2\/media\/566547"}],"wp:attachment":[{"href":"https:\/\/www.europesays.com\/fr\/wp-json\/wp\/v2\/media?parent=566546"}],"wp:term":[{"taxonomy":"category","embeddable":true,"href":"https:\/\/www.europesays.com\/fr\/wp-json\/wp\/v2\/categories?post=566546"},{"taxonomy":"post_tag","embeddable":true,"href":"https:\/\/www.europesays.com\/fr\/wp-json\/wp\/v2\/tags?post=566546"}],"curies":[{"name":"wp","href":"https:\/\/api.w.org\/{rel}","templated":true}]}}