{"id":566557,"date":"2025-11-29T11:44:11","date_gmt":"2025-11-29T11:44:11","guid":{"rendered":"https:\/\/www.europesays.com\/fr\/566557\/"},"modified":"2025-11-29T11:44:11","modified_gmt":"2025-11-29T11:44:11","slug":"tadej-pogacar-coup-de-tonnerre-valide","status":"publish","type":"post","link":"https:\/\/www.europesays.com\/fr\/566557\/","title":{"rendered":"Tadej Pogacar, coup de tonnerre valid\u00e9 !"},"content":{"rendered":"<p><strong>Alors que Tadej Pogacar a propos\u00e9<br \/>\nune modification importante pour le calendrier, l&rsquo;id\u00e9e est valid\u00e9e<br \/>\npar un ancien coureur influent.<\/strong><\/p>\n<p>Tadej Pogacar est actuellement en Espagne, du c\u00f4t\u00e9 de Gran<br \/>\nCanaria, sur l\u2019archipel des Canaries. Alors les journalistes en ont<br \/>\nprofit\u00e9 pour demander au Slov\u00e8ne pourquoi il zappait<br \/>\nsyst\u00e9matiquement la Vuelta, d\u2019ann\u00e9e en ann\u00e9e, alors qu\u2019il s\u2019agit du<br \/>\nseul grand tour qui manque \u00e0 son palmar\u00e8s.<\/p>\n<p>Le champion du monde n\u2019a disput\u00e9 le Tour d\u2019Espagne qu\u2019une seule<br \/>\nfois, en 2019. C\u2019\u00e9tait sa premi\u00e8re apparition sur un grand tour, et<br \/>\nil avait fait sensation en raflant trois \u00e9tapes tout en terminant<br \/>\nsur le podium final (3e), \u00e0 tout juste 21 ans. Mais depuis, Pogacar<br \/>\nprivil\u00e9gie notamment le Tour de France.<\/p>\n<p>\u00ab\u00a0Combiner le Tour et la Vuelta est<br \/>\ntoujours compliqu\u00e9, a-t-il expliqu\u00e9<br \/>\n\u00e0 Cyclingnews. J\u2019ai toujours dit que si la<br \/>\nVuelta \u00e9tait \u00e9chang\u00e9e avec le Giro, les deux courses en<br \/>\nb\u00e9n\u00e9ficieraient, tant au niveau de la m\u00e9t\u00e9o que du nombre de<br \/>\ncoureurs engag\u00e9s.\u00a0\u00bb<\/p>\n<p><a href=\"https:\/\/www.sports.fr\/cyclisme\/pogacar-la-folle-proposition-970626.html\" target=\"_blank\" rel=\"noopener\"><br \/>\n<strong>Selon Pogacar,<\/strong><\/a> le Giro \u00e9viterait le temps<br \/>\nmaussade du mois de mai et proposerait de meilleures conditions aux<br \/>\ncoureurs fin ao\u00fbt. Alors que pour la Vuelta, il y aurait moins de<br \/>\nfortes chaleurs \u00e0 la fin du printemps qu\u2019\u00e0 la fin de l\u2019\u00e9t\u00e9.<\/p>\n<p>Tadej Pogacar a du soutien<\/p>\n<p>Pr\u00e9sident du syndicat des coureurs (CPA), et sp\u00e9cialiste des<br \/>\ngrands tours (il en a disput\u00e9 20 de suite entre 2011 et 2018, un<br \/>\nrecord), Adam Hansen valide totalement la proposition de<br \/>\nPogacar.<\/p>\n<p>\u00ab\u00a0Je l\u2019ai r\u00e9p\u00e9t\u00e9 ces derni\u00e8res ann\u00e9es lors des r\u00e9unions<br \/>\ndu PCC (le Conseil du cyclisme professionnel, qui rassemble<br \/>\ndiff\u00e9rentes composantes du cyclisme, ndlr) et lors de plusieurs<br \/>\nautres r\u00e9unions, a r\u00e9agi l\u2019Australien via X (ex-Twitter).<br \/>\nOn s\u2019est moqu\u00e9 de moi, mais il est clair qu\u2019ils n\u2019ont jamais<br \/>\ncouru le Giro sous une pluie vergla\u00e7ante ou la neige, ni la Vuelta<br \/>\nsous une chaleur accablante. C\u2019est l\u00e0 le plus grand probl\u00e8me du<br \/>\ncyclisme : la tradition freine son \u00e9volution.\u00a0\u00bb<\/p>\n<p>Pour rappel, le Tour d\u2019Espagne se courrait au printemps jusqu\u2019en<br \/>\n1994, avant de passer \u00e0 la fin du mois d\u2019ao\u00fbt \u00e0 partir de 1995 pour<br \/>\n\u00eatre plus \u00e9loign\u00e9 dans le temps du Giro.<\/p>\n<blockquote class=\"twitter-tweet\"><p><a class=\"twitter-link\" rel=\"noindex, nofollow noopener\" href=\"https:\/\/twitter.com\/HansenAdam\/status\/1994487558412407008\" target=\"_blank\"><\/p><\/blockquote>\n<p>\u00a0<\/p>\n<p>\u00a0<\/p>\n<p><script async src=\"https:\/\/platform.twitter.com\/widgets.js\" charset=\"utf-8\"><\/script><\/p>\n","protected":false},"excerpt":{"rendered":"Alors que Tadej Pogacar a propos\u00e9 une modification importante pour le calendrier, l&rsquo;id\u00e9e est valid\u00e9e par un ancien&hellip;\n","protected":false},"author":2,"featured_media":566558,"comment_status":"","ping_status":"","sticky":false,"template":"","format":"standard","meta":{"footnotes":""},"categories":[1411],"tags":[1154,207,1011,27,60],"class_list":{"0":"post-566557","1":"post","2":"type-post","3":"status-publish","4":"format-standard","5":"has-post-thumbnail","7":"category-cyclisme","8":"tag-cycling","9":"tag-cyclisme","10":"tag-fr","11":"tag-france","12":"tag-sports"},"share_on_mastodon":{"url":"https:\/\/pubeurope.com\/@fr\/115632817146951926","error":""},"_links":{"self":[{"href":"https:\/\/www.europesays.com\/fr\/wp-json\/wp\/v2\/posts\/566557","targetHints":{"allow":["GET"]}}],"collection":[{"href":"https:\/\/www.europesays.com\/fr\/wp-json\/wp\/v2\/posts"}],"about":[{"href":"https:\/\/www.europesays.com\/fr\/wp-json\/wp\/v2\/types\/post"}],"author":[{"embeddable":true,"href":"https:\/\/www.europesays.com\/fr\/wp-json\/wp\/v2\/users\/2"}],"replies":[{"embeddable":true,"href":"https:\/\/www.europesays.com\/fr\/wp-json\/wp\/v2\/comments?post=566557"}],"version-history":[{"count":0,"href":"https:\/\/www.europesays.com\/fr\/wp-json\/wp\/v2\/posts\/566557\/revisions"}],"wp:featuredmedia":[{"embeddable":true,"href":"https:\/\/www.europesays.com\/fr\/wp-json\/wp\/v2\/media\/566558"}],"wp:attachment":[{"href":"https:\/\/www.europesays.com\/fr\/wp-json\/wp\/v2\/media?parent=566557"}],"wp:term":[{"taxonomy":"category","embeddable":true,"href":"https:\/\/www.europesays.com\/fr\/wp-json\/wp\/v2\/categories?post=566557"},{"taxonomy":"post_tag","embeddable":true,"href":"https:\/\/www.europesays.com\/fr\/wp-json\/wp\/v2\/tags?post=566557"}],"curies":[{"name":"wp","href":"https:\/\/api.w.org\/{rel}","templated":true}]}}