{"id":566561,"date":"2025-11-29T11:46:20","date_gmt":"2025-11-29T11:46:20","guid":{"rendered":"https:\/\/www.europesays.com\/fr\/566561\/"},"modified":"2025-11-29T11:46:20","modified_gmt":"2025-11-29T11:46:20","slug":"ce-nest-pas-le-titre-qui-determine-qui-lon-est","status":"publish","type":"post","link":"https:\/\/www.europesays.com\/fr\/566561\/","title":{"rendered":"\u00ab\u00a0Ce n&rsquo;est pas le titre qui d\u00e9termine qui l&rsquo;on est \u00bb"},"content":{"rendered":"<p>Six ans apr\u00e8s son divorce avec le prince Louis de Luxembourg, Tessy Antony-de Nassau reste tr\u00e8s populaire au Grand-Duch\u00e9. L\u2019ex-belle-s\u0153ur du grand-duc Guillaume a une vie bien remplie : m\u00e8re de trois enfants, femme engag\u00e9e et entrepreneure. Cette ann\u00e9e, Tessy a ouvert la Fashion Week de Luxembourg et son fils a\u00een\u00e9, le prince Gabriel, a d\u00e9fil\u00e9 pour sa marque Human Highness. \u00c0 cette occasion, Tessy s\u2019est confi\u00e9e sur son ancienne vie de princesse et sur ses liens avec la famille grand-ducale.<\/p>\n<p><strong>Lire aussi : <a href=\"https:\/\/histoiresroyales.fr\/prince-gabriel-fierte-prince-louis-tessy-antony-de-nassau-diplome-milton-abbey\/\" target=\"_blank\" rel=\"noopener\">Le prince Gabriel fait la fiert\u00e9 de ses parents et devient le premier petit-fils du grand-duc Henri \u00e0 rejoindre l\u2019universit\u00e9<\/a><\/strong><\/p>\n<p>Tessy Antony-de Nassau se confie sur sa nouvelle vie, dans les coulisses de la Fashion Week de Luxembourg<\/p>\n<p>En 2006, le prince Louis de Luxembourg, troisi\u00e8me fils du grand-duc Henri et de la grande-duchesse Maria Teresa, \u00e9pousait une jeune femme de 20 ans, Tessy, six mois apr\u00e8s la naissance de leur premier enfant, le prince Gabriel de Nassau. Le couple aura un deuxi\u00e8me fils, le prince Noah de Nassau, n\u00e9 en 2007. En 2017, Louis et Tessy annoncent leur s\u00e9paration et le divorce sera prononc\u00e9 en 2019, apr\u00e8s une longue et complexe proc\u00e9dure. <\/p>\n<p><img fetchpriority=\"high\" decoding=\"async\" width=\"1050\" height=\"1400\" src=\"https:\/\/www.europesays.com\/fr\/wp-content\/uploads\/2025\/11\/tessy-antony-de-nassau-interview-place-royale-1050x1400.jpg\" alt=\"\" class=\"wp-image-230055 lazyload\" data-  \/>Tessy Antony-de Nassau accueille Alix Battard dans les coulisses de la Fashion Week de Luxembourg, o\u00f9 elle s\u2019appr\u00eate \u00e0 ouvrir le show avec la derni\u00e8re collection de sa marque Human Highness<\/p>\n<p><strong>Lire aussi : <a href=\"https:\/\/histoiresroyales.fr\/princes-de-nassau-celebrent-avenement-au-trone-grand-duc-guillaume\/\" target=\"_blank\" rel=\"noopener\">Les princes de Nassau c\u00e9l\u00e8brent l\u2019av\u00e8nement au tr\u00f4ne du grand-duc Guillaume<\/a><\/strong><\/p>\n<p>Ce 18 octobre 2025, c\u2019est une jeune femme dynamique et pleine de projets qui s\u2019est confi\u00e9e en exclusivit\u00e9 \u00e0 Alix Battard, pour Place Royale, c\u00e9l\u00e8bre \u00e9mission belge des t\u00eates couronn\u00e9es. Tessy Antony-de Nassau, qui a pass\u00e9 le cap de la quarantaine cette ann\u00e9e, avait l\u2019honneur d\u2019ouvrir le show de la Fashion Week de Luxembourg avec sa marque <a href=\"https:\/\/human-highness.com\/\" target=\"_blank\" rel=\"noreferrer noopener nofollow\">Human Highness<\/a>, qu\u2019elle a lanc\u00e9e en 2017. <\/p>\n<blockquote class=\"instagram-media\" data-instgrm-permalink=\"https:\/\/www.instagram.com\/p\/DQCtesyjCHs\/?utm_source=ig_embed&amp;utm_campaign=loading\" data-instgrm-version=\"14\" style=\" background:#FFF; border:0; border-radius:3px; box-shadow:0 0 1px 0 rgba(0,0,0,0.5),0 1px 10px 0 rgba(0,0,0,0.15); margin: 1px; max-width:540px; min-width:326px; padding:0; width:99.375%; width:-webkit-calc(100% - 2px); width:calc(100% - 2px);\"\/>\n<p>Surprise pour les spectateurs de la Fashion Week, le prince Gabriel, a d\u00e9fil\u00e9 pour sa maman, endossant exceptionnellement le r\u00f4le de mannequin. Tr\u00e8s fier de sa m\u00e8re et de son parcours, le prince Gabriel a confi\u00e9 : \u00ab\u00a0Elle continue d\u2019avancer, quelles que soient les difficult\u00e9s qu\u2019elle rencontre \u00bb. Il est vrai que la rupture et la reconstruction apr\u00e8s avoir v\u00e9cu au sein d\u2019une famille royale ne furent pas des plus simples pour Tessy, m\u00eame si aujourd\u2019hui la page est d\u00e9finitivement tourn\u00e9e. Les blessures sont aussi referm\u00e9es. Tessy s\u2019est remari\u00e9e en 2021 avec Frank Floessel et le couple a eu un fils, Theodor Floessel, n\u00e9 la m\u00eame ann\u00e9e.<\/p>\n<blockquote class=\"instagram-media\" data-instgrm-permalink=\"https:\/\/www.instagram.com\/p\/DQCs3-pDI20\/?utm_source=ig_embed&amp;utm_campaign=loading\" data-instgrm-version=\"14\" style=\" background:#FFF; border:0; border-radius:3px; box-shadow:0 0 1px 0 rgba(0,0,0,0.5),0 1px 10px 0 rgba(0,0,0,0.15); margin: 1px; max-width:540px; min-width:326px; padding:0; width:99.375%; width:-webkit-calc(100% - 2px); width:calc(100% - 2px);\"\/>\n<p><strong>Lire aussi : <a href=\"https:\/\/histoiresroyales.fr\/princes-gentlemen-gabriel-noah-de-nassau-petits-fils-aines-couple-grand-ducal-mariage-princesse-alexandra-de-luxembourg\/\" target=\"_blank\" rel=\"noopener\">Les princes gentlemen Gabriel et Noah de Nassau : les petits-fils a\u00een\u00e9s du couple grand-ducal au mariage de la princesse Alexandra de Luxembourg<\/a><\/strong><\/p>\n<p>Tessy ne garde que des bons souvenirs de sa vie au sein de la famille grand-ducale<\/p>\n<p>Tessy entretient dor\u00e9navant des liens amicaux avec le prince Louis, p\u00e8re de ses deux premiers enfants. \u00ab\u00a0Louis est quelqu\u2019un qui est tr\u00e8s important pour moi et je vais toujours l\u2019aimer mais diff\u00e9remment \u00bb, explique-t-elle. Tessy garde des souvenirs tendres de ses ann\u00e9es au sein de la famille grand-ducale. En tant que Luxembourgeoise, int\u00e9grer la famille r\u00e9gnante de son pays fut quelque chose d\u2019exceptionnel. Tessy \u00e9tait tr\u00e8s jeune lorsqu\u2019elle a rencontr\u00e9 Louis et elle n\u2019avait que 20 ans lors de leur mariage mais elle n\u2019a jamais dout\u00e9, malgr\u00e9 la pression que peut ressentir une jeune femme qui int\u00e8gre une famille royale. \u00ab\u00a0Quand j\u2019\u00e9tais avec lui je me sentais en s\u00e9curit\u00e9 \u00bb, se souvient Tessy, qui ne garde que de bons souvenirs de cette p\u00e9riode.<\/p>\n<p><img loading=\"lazy\" decoding=\"async\" width=\"1300\" height=\"2294\" src=\"https:\/\/www.europesays.com\/fr\/wp-content\/uploads\/2025\/11\/prince-gabriel-tessy-antony-prince-louis-diplome-dorset.jpg\" alt=\"\" class=\"wp-image-211683 lazyload\" data-  \/>Le prince Louis et Tessy sont devenus amis, pour le bien de leurs fils. Ici, ils se sont retrouv\u00e9s en juillet 2025 au pensionnat de Milton Abbey pour f\u00eater la fin des \u00e9tudes secondaires de leur fils a\u00een\u00e9, Gabriel, qui est dor\u00e9navant \u00e9tudiant dans une universit\u00e9 (Photo : Instagram\/tessy_from_luxembourg)<\/p>\n<p>Tessy avait nou\u00e9 des liens tr\u00e8s forts avec le d\u00e9funt grand-duc Jean, le grand-p\u00e8re de Louis. Elle a \u00e9galement gard\u00e9 des contacts avec certains membres de la famille, comme la princesse Sibilla. Ses fils, Gabriel et Noah, assistent fr\u00e9quemment \u00e0 des engagements publics et officiels, comme lors des c\u00e9l\u00e9brations des 25 ans de r\u00e8gne de leur grand-p\u00e8re, le grand-duc Henri, en juin dernier. Leur grand-p\u00e8re a abdiqu\u00e9 le 3 octobre 2025 et leur oncle, le grand-duc Guillaume, est mont\u00e9 sur le tr\u00f4ne grand-ducal.<\/p>\n<p><img loading=\"lazy\" decoding=\"async\" width=\"1050\" height=\"1400\" src=\"https:\/\/www.europesays.com\/fr\/wp-content\/uploads\/2025\/11\/place-royale-tessy-antony-de-nassau-interview-human-highness-1050x1400.jpg\" alt=\"\" class=\"wp-image-230057 lazyload\" data-  \/>Tessy Antony-de Nassau se confie sur son ancienne vie de princesse, sa nouvelle vie de cr\u00e9atrice de mode et sur son r\u00f4le de maman <\/p>\n<p>Tessy Antony-de Nassau est une femme de caract\u00e8re, forg\u00e9 notamment par son passage actif \u00e0 l\u2019arm\u00e9e o\u00f9 elle fut envoy\u00e9e en mission au Kosovo. Femme d\u2019affaires accomplie, elle g\u00e8re plusieurs carri\u00e8res en m\u00eame temps, dont celle de cr\u00e9atrice de mode. Tessy et Milli Maier ont cr\u00e9\u00e9 la marque Humans Highness en 2017, avec la volont\u00e9 de proposer des v\u00eatements de luxe \u00e9thiques. Tessy est une femme de valeurs, ayant pour moteur la transmission des choses justes.<\/p>\n<p><img loading=\"lazy\" decoding=\"async\" width=\"1386\" height=\"1400\" src=\"https:\/\/www.europesays.com\/fr\/wp-content\/uploads\/2025\/11\/tessy-antony-de-nassau-interview-place-royale-1-1386x1400.jpg\" alt=\"\" class=\"wp-image-230056 lazyload\" data-  \/>Tessy Antony-de Nassau en interview avec Alix Battard pour l\u2019\u00e9mission Place Royale, diffus\u00e9e \u00e0 19 heures 45, ce samedi 29 novembre 2025 sur RTLtvi <\/p>\n<p>\u00c0 son divorce, Tessy a perdu son titre de princesse de Luxembourg et une page de sa vie s\u2019est soudainement tourn\u00e9e mais elle a continu\u00e9 \u00e0 avancer et n\u2019a jamais perdu ce qui l\u2019animait profond\u00e9ment. Elle n\u2019a \u00e9galement aucune amertume par rapport \u00e0 son ex-belle famille. \u00ab\u00a0Je ne garde que de bons souvenirs \u00bb, affirme-t-elle. \u00ab\u00a0J\u2019ai beaucoup appris, ce sont des gens exceptionnels \u00bb. Quant \u00e0 ses fils, qui deviennent des jeunes hommes, Tessy leur inculque le sens du devoir. <\/p>\n<p><img loading=\"lazy\" decoding=\"async\" width=\"1300\" height=\"867\" src=\"https:\/\/www.europesays.com\/fr\/wp-content\/uploads\/2025\/11\/prince-louis-prince-gabriel-prince-noah-fete-nationale.jpg\" alt=\"\" class=\"wp-image-211691 lazyload\" data-  \/>Le prince Louis avec ses deux fils, le prince Gabriel et le prince Noah, les deux petits-fils a\u00een\u00e9s du grand-duc Henri, lors de leur participation aux c\u00e9l\u00e9brations des 25 ans de r\u00e8gne de leur grand-p\u00e8re, en juin 2025 (Photo : Jean-Claude Ernst\/LUXPRESS)<\/p>\n<p>Gabriel et Noah ont encore un pied dans l\u2019univers royal, tandis que son dernier, Theodor, n\u2019aura pas cette vie. Mais il n\u2019y a aucune diff\u00e9rence selon elle. \u00ab Mes enfants g\u00e8rent \u00e7a tr\u00e8s tr\u00e8s bien.\u00a0J\u2019\u00e9duque mes enfants pour qu\u2019ils respectent les gens, qu\u2019ils soient de bonne foi, qu\u2019ils prennent soin d\u2019eux et qu\u2019ils aiment leur famille.\u00a0Ce n\u2019est pas le titre qui d\u00e9termine le caract\u00e8re \u00bb mais qui on est au fond de soi. Cette interview exceptionnelle, men\u00e9e dans les coulisses de la Fashion Week de Luxembourg, est \u00e0 voir dans l\u2019\u00e9mission Place Royale, \u00e0 19 heures 45, ce samedi 29 novembre 2025 sur RTLtvi.<\/p>\n<p>\t\t\t\t<img loading=\"lazy\" alt=\"Avatar photo\" src=\"https:\/\/www.europesays.com\/fr\/wp-content\/uploads\/2025\/04\/1516945716303-164x164.jpeg\"  class=\"avatar avatar-164 photo lazyload\" height=\"164\" width=\"164\" decoding=\"async\"\/><br \/>\n\t\t<a href=\"https:\/\/histoiresroyales.fr\/author\/royaliste123\/\" target=\"_blank\" rel=\"noopener\">Nicolas Fontaine<\/a><br \/>\n\t\t\t\t\tR\u00e9dacteur en chef<\/p>\n<p>Nicolas Fontaine a \u00e9t\u00e9 concepteur-r\u00e9dacteur et auteur pour de nombreuses marques et m\u00e9dias belges et fran\u00e7ais. Sp\u00e9cialiste de l&rsquo;actualit\u00e9 des familles royales, Nicolas a fond\u00e9 le site Histoires royales dont il est le r\u00e9dacteur en chef.&#13;<br \/>\n&#13;<br \/>\nnicolas@histoiresroyales.fr<\/p>\n<p>\t\t\t\t\t\t\t<a href=\"https:\/\/twitter.com\/ActusRoyales\" class=\"boxed-icon fill twitter\" target=\"_blank\" rel=\"noopener\"><\/a><br \/>\n\t\t\t\t\t\t\t\t\t<a href=\"https:\/\/www.instagram.com\/histoiresroyales.fr\/\" class=\"boxed-icon fill instagram\" target=\"_blank\" rel=\"noopener\"><\/a><\/p>\n<p>\t\t\t\t\t\t\t\t\t\t\t\t\t<script async src=\"https:\/\/platform.twitter.com\/widgets.js\" charset=\"utf-8\"><\/script><script async src=\"\/\/www.instagram.com\/embed.js\"><\/script><\/p>\n","protected":false},"excerpt":{"rendered":"Six ans apr\u00e8s son divorce avec le prince Louis de Luxembourg, Tessy Antony-de Nassau reste tr\u00e8s populaire au&hellip;\n","protected":false},"author":2,"featured_media":566562,"comment_status":"","ping_status":"","sticky":false,"template":"","format":"standard","meta":{"footnotes":""},"categories":[1359],"tags":[58,59,992,1011,27,68188,2173,973,68189],"class_list":{"0":"post-566561","1":"post","2":"type-post","3":"status-publish","4":"format-standard","5":"has-post-thumbnail","7":"category-people","8":"tag-divertissement","9":"tag-entertainment","10":"tag-fashion-week","11":"tag-fr","12":"tag-france","13":"tag-gabriel-de-nassau","14":"tag-interview","15":"tag-people","16":"tag-tessy-antony-de-nassau"},"share_on_mastodon":{"url":"https:\/\/pubeurope.com\/@fr\/115632825992439700","error":""},"_links":{"self":[{"href":"https:\/\/www.europesays.com\/fr\/wp-json\/wp\/v2\/posts\/566561","targetHints":{"allow":["GET"]}}],"collection":[{"href":"https:\/\/www.europesays.com\/fr\/wp-json\/wp\/v2\/posts"}],"about":[{"href":"https:\/\/www.europesays.com\/fr\/wp-json\/wp\/v2\/types\/post"}],"author":[{"embeddable":true,"href":"https:\/\/www.europesays.com\/fr\/wp-json\/wp\/v2\/users\/2"}],"replies":[{"embeddable":true,"href":"https:\/\/www.europesays.com\/fr\/wp-json\/wp\/v2\/comments?post=566561"}],"version-history":[{"count":0,"href":"https:\/\/www.europesays.com\/fr\/wp-json\/wp\/v2\/posts\/566561\/revisions"}],"wp:featuredmedia":[{"embeddable":true,"href":"https:\/\/www.europesays.com\/fr\/wp-json\/wp\/v2\/media\/566562"}],"wp:attachment":[{"href":"https:\/\/www.europesays.com\/fr\/wp-json\/wp\/v2\/media?parent=566561"}],"wp:term":[{"taxonomy":"category","embeddable":true,"href":"https:\/\/www.europesays.com\/fr\/wp-json\/wp\/v2\/categories?post=566561"},{"taxonomy":"post_tag","embeddable":true,"href":"https:\/\/www.europesays.com\/fr\/wp-json\/wp\/v2\/tags?post=566561"}],"curies":[{"name":"wp","href":"https:\/\/api.w.org\/{rel}","templated":true}]}}