{"id":566563,"date":"2025-11-29T11:47:11","date_gmt":"2025-11-29T11:47:11","guid":{"rendered":"https:\/\/www.europesays.com\/fr\/566563\/"},"modified":"2025-11-29T11:47:11","modified_gmt":"2025-11-29T11:47:11","slug":"mes-photos-sont-faites-pour-faire-rever","status":"publish","type":"post","link":"https:\/\/www.europesays.com\/fr\/566563\/","title":{"rendered":"Mes photos sont faites pour faire r\u00eaver"},"content":{"rendered":"<p>Son m\u00e9tier, c\u2019est de faire r\u00eaver. \u00ab\u00a0Mes photos, c\u2019est du spectacle, elles sont faites pour \u00eatre affich\u00e9es sur les murs des chambres d\u2019adolescents, affirme le photographe <a href=\"https:\/\/www.laprovence.com\/article\/sorties-loisirs\/4473458\/les-sixties-de-jean-marie-perier.html\" target=\"_blank\" rel=\"noopener\">Jean-Marie P\u00e9rier<\/a>. Elles sont en couleur et toutes pos\u00e9es.\u00a0\u00bb Tous les artistes y\u00e9y\u00e9 sont en effet pass\u00e9s devant son objectif pour le magazine Salut\u00a0les copains. Cent tirages magnifiques de sa riche carri\u00e8re sont pr\u00e9sent\u00e9s \u00e0 la galerie de l\u2019Usine \u00e9lectrique \u00e0 Allauch, inaugur\u00e9e \u00e0 cette occasion.<\/p>\n<p><strong>Le titre de l\u2019expo joue sur une contradiction\u00a0: \u00ab\u00a0Souvenirs d\u2019avenir\u00a0\u00bb. Que voulez-vous dire\u00a0?<\/strong>&#13;\n<\/p>\n<p>Cela repr\u00e9sente l\u2019\u00e9poque que j\u2019ai v\u00e9cue\u00a0: nous \u00e9tions bourr\u00e9s de projets, d\u2019espoir\u00a0! C\u2019\u00e9tait quand m\u00eame plus gai que maintenant. Cette \u00e9poque, c\u2019est la naissance de l\u2019adolescence. Tout \u00e0 coup, gr\u00e2ce \u00e0 la musique, des jeunes gens prenaient le pouvoir partout dans le monde, c\u2019\u00e9tait extraordinaire. Ils \u00e9taient jeunes et beaux. Ils ne partaient de rien. J\u2019ai eu de la chance, gr\u00e2ce \u00e0 mon p\u00e8re, le com\u00e9dien Fran\u00e7ois P\u00e9rier, toutes les stars venaient \u00e0 la maison. Ils avaient entre 16 et 20\u00a0ans, et moi j\u2019en avais 22. Je pouvais appeler aussi bien Sylvie Vartan que les Beatles\u00a0!<\/p>\n<p><strong>C\u2019\u00e9tait un rapport aux stars que les photographes n\u2019ont plus aujourd<\/strong>&#8230;<\/p>\n","protected":false},"excerpt":{"rendered":"Son m\u00e9tier, c\u2019est de faire r\u00eaver. \u00ab\u00a0Mes photos, c\u2019est du spectacle, elles sont faites pour \u00eatre affich\u00e9es sur&hellip;\n","protected":false},"author":2,"featured_media":566564,"comment_status":"","ping_status":"","sticky":false,"template":"","format":"standard","meta":{"footnotes":""},"categories":[1358],"tags":[17,1348,1384,1385,251,154,1386,58,59,1011,27,68190,40816,20528,68191,3287],"class_list":{"0":"post-566563","1":"post","2":"type-post","3":"status-publish","4":"format-standard","5":"has-post-thumbnail","7":"category-arts-et-design","8":"tag-17","9":"tag-arts","10":"tag-arts-and-design","11":"tag-arts-et-design","12":"tag-culture","13":"tag-des","14":"tag-design","15":"tag-divertissement","16":"tag-entertainment","17":"tag-fr","18":"tag-france","19":"tag-jean-marie","20":"tag-perier","21":"tag-photographe","22":"tag-sixties","23":"tag-stars"},"share_on_mastodon":{"url":"https:\/\/pubeurope.com\/@fr\/115632828794502497","error":""},"_links":{"self":[{"href":"https:\/\/www.europesays.com\/fr\/wp-json\/wp\/v2\/posts\/566563","targetHints":{"allow":["GET"]}}],"collection":[{"href":"https:\/\/www.europesays.com\/fr\/wp-json\/wp\/v2\/posts"}],"about":[{"href":"https:\/\/www.europesays.com\/fr\/wp-json\/wp\/v2\/types\/post"}],"author":[{"embeddable":true,"href":"https:\/\/www.europesays.com\/fr\/wp-json\/wp\/v2\/users\/2"}],"replies":[{"embeddable":true,"href":"https:\/\/www.europesays.com\/fr\/wp-json\/wp\/v2\/comments?post=566563"}],"version-history":[{"count":0,"href":"https:\/\/www.europesays.com\/fr\/wp-json\/wp\/v2\/posts\/566563\/revisions"}],"wp:featuredmedia":[{"embeddable":true,"href":"https:\/\/www.europesays.com\/fr\/wp-json\/wp\/v2\/media\/566564"}],"wp:attachment":[{"href":"https:\/\/www.europesays.com\/fr\/wp-json\/wp\/v2\/media?parent=566563"}],"wp:term":[{"taxonomy":"category","embeddable":true,"href":"https:\/\/www.europesays.com\/fr\/wp-json\/wp\/v2\/categories?post=566563"},{"taxonomy":"post_tag","embeddable":true,"href":"https:\/\/www.europesays.com\/fr\/wp-json\/wp\/v2\/tags?post=566563"}],"curies":[{"name":"wp","href":"https:\/\/api.w.org\/{rel}","templated":true}]}}