{"id":56657,"date":"2025-04-27T11:03:08","date_gmt":"2025-04-27T11:03:08","guid":{"rendered":"https:\/\/www.europesays.com\/fr\/56657\/"},"modified":"2025-04-27T11:03:08","modified_gmt":"2025-04-27T11:03:08","slug":"vous-etes-allergique-au-pollen-un-nouvel-outil-pourrait-bien-vous-aider-en-normandie","status":"publish","type":"post","link":"https:\/\/www.europesays.com\/fr\/56657\/","title":{"rendered":"Vous \u00eates allergique au pollen ? Un nouvel outil pourrait bien vous aider en Normandie"},"content":{"rendered":"<p>            Par<br \/>\n        <strong><br \/>\n            <a href=\"https:\/\/actu.fr\/auteur\/adrien-filoche\" title=\"Consulter tous les articles de Adrien Filoche\" rel=\"nofollow noopener\" target=\"_blank\">Adrien Filoche<\/a><br \/>\n        <\/strong><\/p>\n<p>        Publi\u00e9 le<\/p>\n<p>            27 avr. 2025 \u00e0 12h10        <\/p>\n<p><strong>Une bonne nouvelle pour les allergiques aux pollens.<\/strong> <a href=\"https:\/\/actu.fr\/planete\/pollution\/pollution-aux-particules-fines-en-seine-maritime-la-qualite-de-l-air-degradee-des-ce-mardi_62322826.html\" rel=\"nofollow noopener\" target=\"_blank\">Atmo Normandie<\/a> diffuse depuis avril 2025 un nouvel outil pour permettre aux personnes allergiques, mais \u00e9galement aux professionnels de sant\u00e9, <strong>de mieux pr\u00e9voir les pics de pollution.<\/strong> \u00ab\u00a0Cet indice est pr\u00e9vu chaque jour gr\u00e2ce \u00e0 un mod\u00e8le utilisant l\u2019intelligence artificielle\u00a0\u00bb, pr\u00e9sente Atmo Normandie par voie de communiqu\u00e9.<\/p>\n<p>Les pr\u00e9visions sur trois jours<\/p>\n<p class=\" wall-content\">D\u00e9velopp\u00e9 \u00e0 l\u2019\u00e9chelle nationale, cet indice est <strong>d\u00e9clin\u00e9 au niveau local<\/strong> et permet de visualiser les pics de pollution \u00e0 l\u2019\u00e9chelle de votre commune. Et de les anticiper sur plusieurs jours.<\/p>\n<p class=\" wall-content\">\u00ab\u00a0Il fonctionne comme notre indice Atmo\u00a0\u00bb, note <strong>Matthieu Primaux<\/strong>, ing\u00e9nieur et r\u00e9f\u00e9rent pollens chez Atmo Normandie. Et de pr\u00e9ciser : \u00ab\u00a0Il faut simplement s\u2019abonner sur le site Atmo et vous recevrez chaque jour par e-mail les pr\u00e9visions du jour, du lendemain et du surlendemain en fonction de la commune dans laquelle vous r\u00e9sidez.\u00a0\u00bb Il y a ainsi diff\u00e9rents indicateurs pour chaque pollen, allant de faible \u00e0 tr\u00e8s \u00e9lev\u00e9.<\/p>\n<blockquote class=\"ac-article-quote wall-content\">\n<p>L\u2019indice pollen a \u00e9t\u00e9 con\u00e7u au plan national sous l\u2019\u00e9gide d\u2019Atmo France. Avec l\u2019indice pollen, les personnes allergiques peuvent anticiper les crises, les professionnels de sant\u00e9 pr\u00e9venir et adapter le suivi de leurs patients afin d\u2019am\u00e9liorer leur qualit\u00e9 de vie. <\/p>\n<p>    <strong>Atmo Normandie<\/strong><br \/>\n        communiqu\u00e9    <\/p><\/blockquote>\n<p class=\" wall-content\">Cet indice est <strong>calcul\u00e9 chaque jour<\/strong> pour six pollens bien sp\u00e9cifiques\u00a0 : l\u2019ambroisie, l\u2019aulne, l\u2019armoise, le bouleau, les gramin\u00e9es et l\u2019olivier. \u00ab\u00a0D\u2019autres seront implant\u00e9s prochainement, au fur et \u00e0 mesure\u00a0\u00bb, d\u00e9taille Matthieu Primaux.<\/p>\n<p>Vid\u00e9os : en ce moment sur ActuPour s\u2019abonner \u00e0 l\u2019indice pollen, c\u2019est sur le site <a href=\"https:\/\/www.atmonormandie.fr\/abonnements.\" rel=\"nofollow noopener\" target=\"_blank\">d\u2019Atmo Normandie.<\/a><\/p>\n<p class=\" wall-content\">Suivez toute l\u2019actualit\u00e9 de vos villes et m\u00e9dias favoris en vous inscrivant \u00e0 <a href=\"https:\/\/moncompte.actu.fr\" title=\"D\u00e9couvez Mon Actu\" rel=\"nofollow noopener\" data-trk=\"{&quot;cta&quot;:{&quot;action&quot;:&quot;https:\\\/\\\/moncompte.actu.fr&quot;,&quot;category&quot;:&quot;mon compte&quot;,&quot;from&quot;:&quot;article footer&quot;,&quot;name&quot;:&quot;Mon actu&quot;,&quot;type&quot;:&quot;cta&quot;}}\" target=\"_blank\">Mon Actu<\/a>.<\/p>\n","protected":false},"excerpt":{"rendered":"Par Adrien Filoche Publi\u00e9 le 27 avr. 2025 \u00e0 12h10 Une bonne nouvelle pour les allergiques aux pollens.&hellip;\n","protected":false},"author":2,"featured_media":56658,"comment_status":"","ping_status":"","sticky":false,"template":"","format":"standard","meta":{"footnotes":""},"categories":[9587],"tags":[1111,11,15210,1777,674,1011,27,12,5161,1800,25,9590,71,104],"class_list":{"0":"post-56657","1":"post","2":"type-post","3":"status-publish","4":"format-standard","5":"has-post-thumbnail","7":"category-rouen","8":"tag-actu","9":"tag-actualites","10":"tag-allergies","11":"tag-eu","12":"tag-europe","13":"tag-fr","14":"tag-france","15":"tag-news","16":"tag-normandie","17":"tag-pollution","18":"tag-republique-francaise","19":"tag-rouen","20":"tag-sante","21":"tag-societe"},"share_on_mastodon":{"url":"https:\/\/pubeurope.com\/@fr\/114409596721884858","error":""},"_links":{"self":[{"href":"https:\/\/www.europesays.com\/fr\/wp-json\/wp\/v2\/posts\/56657","targetHints":{"allow":["GET"]}}],"collection":[{"href":"https:\/\/www.europesays.com\/fr\/wp-json\/wp\/v2\/posts"}],"about":[{"href":"https:\/\/www.europesays.com\/fr\/wp-json\/wp\/v2\/types\/post"}],"author":[{"embeddable":true,"href":"https:\/\/www.europesays.com\/fr\/wp-json\/wp\/v2\/users\/2"}],"replies":[{"embeddable":true,"href":"https:\/\/www.europesays.com\/fr\/wp-json\/wp\/v2\/comments?post=56657"}],"version-history":[{"count":0,"href":"https:\/\/www.europesays.com\/fr\/wp-json\/wp\/v2\/posts\/56657\/revisions"}],"wp:featuredmedia":[{"embeddable":true,"href":"https:\/\/www.europesays.com\/fr\/wp-json\/wp\/v2\/media\/56658"}],"wp:attachment":[{"href":"https:\/\/www.europesays.com\/fr\/wp-json\/wp\/v2\/media?parent=56657"}],"wp:term":[{"taxonomy":"category","embeddable":true,"href":"https:\/\/www.europesays.com\/fr\/wp-json\/wp\/v2\/categories?post=56657"},{"taxonomy":"post_tag","embeddable":true,"href":"https:\/\/www.europesays.com\/fr\/wp-json\/wp\/v2\/tags?post=56657"}],"curies":[{"name":"wp","href":"https:\/\/api.w.org\/{rel}","templated":true}]}}