{"id":566571,"date":"2025-11-29T11:52:11","date_gmt":"2025-11-29T11:52:11","guid":{"rendered":"https:\/\/www.europesays.com\/fr\/566571\/"},"modified":"2025-11-29T11:52:11","modified_gmt":"2025-11-29T11:52:11","slug":"les-doses-de-vaccin-bientot-epuisees-les-pharmaciens-tirent-la-sonnette-dalarme","status":"publish","type":"post","link":"https:\/\/www.europesays.com\/fr\/566571\/","title":{"rendered":"les doses de vaccin bient\u00f4t \u00e9puis\u00e9es\u00a0? Les pharmaciens tirent la sonnette d\u2019alarme"},"content":{"rendered":"<p>Par rapport \u00e0 l\u2019an dernier, ce chiffre repr\u00e9sente \u00ab\u00a01,3\u00a0million de doses inject\u00e9es suppl\u00e9mentaires [\u2026] \u00e0 la m\u00eame p\u00e9riode (+\u00a016\u00a0%)\u00a0\u00bb. Selon l\u2019USPO, il ne reste d\u00e9sormais plus qu\u20191,5\u00a0million de doses disponibles, si bien que la totalit\u00e9 des vaccins disponibles pour la saison pourrait \u00eatre \u00e9puis\u00e9e dans les prochains jours. Le syndicat r\u00e9clame donc au minist\u00e8re de la Sant\u00e9 de d\u00e9bloquer le stock de s\u00e9curit\u00e9 de l\u2019\u00c9tat.<\/p>\n<p>Pr\u00e9-\u00e9pid\u00e9mie en Nouvelle-Aquitaine<\/p>\n<p>Selon un bilan publi\u00e9 mercredi par Sant\u00e9 publique France, <a href=\"https:\/\/www.sudouest.fr\/sante\/grippe-saisonniere-symptomes-traitement-comment-la-prevenir-la-diagnostiquer-et-la-soigner-25267352.php\" target=\"_blank\" rel=\"noopener\">la grippe saisonni\u00e8re a commenc\u00e9 \u00e0 s\u2019installer<\/a> dans plusieurs r\u00e9gions de la m\u00e9tropole fran\u00e7aise. La semaine du 16 au 23\u00a0octobre, \u00ab\u00a0l\u2019activit\u00e9 grippale augmentait dans toutes les classes d\u2019\u00e2ge dans l\u2019Hexagone, indiquant un d\u00e9marrage de la circulation des virus grippaux en population g\u00e9n\u00e9rale et particuli\u00e8rement chez les enfants\u00a0\u00bb, r\u00e9sumait Sant\u00e9 publique France.<\/p>\n","protected":false},"excerpt":{"rendered":"Par rapport \u00e0 l\u2019an dernier, ce chiffre repr\u00e9sente \u00ab\u00a01,3\u00a0million de doses inject\u00e9es suppl\u00e9mentaires [\u2026] \u00e0 la m\u00eame p\u00e9riode&hellip;\n","protected":false},"author":2,"featured_media":566572,"comment_status":"","ping_status":"","sticky":false,"template":"","format":"standard","meta":{"footnotes":""},"categories":[10],"tags":[1011,27,72,71],"class_list":{"0":"post-566571","1":"post","2":"type-post","3":"status-publish","4":"format-standard","5":"has-post-thumbnail","7":"category-sante","8":"tag-fr","9":"tag-france","10":"tag-health","11":"tag-sante"},"share_on_mastodon":{"url":"https:\/\/pubeurope.com\/@fr\/115632848550798796","error":""},"_links":{"self":[{"href":"https:\/\/www.europesays.com\/fr\/wp-json\/wp\/v2\/posts\/566571","targetHints":{"allow":["GET"]}}],"collection":[{"href":"https:\/\/www.europesays.com\/fr\/wp-json\/wp\/v2\/posts"}],"about":[{"href":"https:\/\/www.europesays.com\/fr\/wp-json\/wp\/v2\/types\/post"}],"author":[{"embeddable":true,"href":"https:\/\/www.europesays.com\/fr\/wp-json\/wp\/v2\/users\/2"}],"replies":[{"embeddable":true,"href":"https:\/\/www.europesays.com\/fr\/wp-json\/wp\/v2\/comments?post=566571"}],"version-history":[{"count":0,"href":"https:\/\/www.europesays.com\/fr\/wp-json\/wp\/v2\/posts\/566571\/revisions"}],"wp:featuredmedia":[{"embeddable":true,"href":"https:\/\/www.europesays.com\/fr\/wp-json\/wp\/v2\/media\/566572"}],"wp:attachment":[{"href":"https:\/\/www.europesays.com\/fr\/wp-json\/wp\/v2\/media?parent=566571"}],"wp:term":[{"taxonomy":"category","embeddable":true,"href":"https:\/\/www.europesays.com\/fr\/wp-json\/wp\/v2\/categories?post=566571"},{"taxonomy":"post_tag","embeddable":true,"href":"https:\/\/www.europesays.com\/fr\/wp-json\/wp\/v2\/tags?post=566571"}],"curies":[{"name":"wp","href":"https:\/\/api.w.org\/{rel}","templated":true}]}}