{"id":566579,"date":"2025-11-29T11:56:10","date_gmt":"2025-11-29T11:56:10","guid":{"rendered":"https:\/\/www.europesays.com\/fr\/566579\/"},"modified":"2025-11-29T11:56:10","modified_gmt":"2025-11-29T11:56:10","slug":"decouvrez-pourquoi-votre-pension-de-decembre-arrivera-avant-noel-pour-certains-retraites","status":"publish","type":"post","link":"https:\/\/www.europesays.com\/fr\/566579\/","title":{"rendered":"D\u00e9couvrez pourquoi votre pension de d\u00e9cembre arrivera avant No\u00ebl pour certains retrait\u00e9s"},"content":{"rendered":"<p><strong>\u00c0 l\u2019approche des f\u00eates de fin d\u2019ann\u00e9e, certains retrait\u00e9s vont recevoir leur pension un peu plus t\u00f4t que d\u2019habitude. Une avance bienvenue\u2026 mais qui ne concernera pas tout le monde.<\/strong><\/p>\n<p>Des pensions vers\u00e9es plus t\u00f4t pour plusieurs r\u00e9gimes<\/p>\n<p>Bonne surprise pour des millions de retrait\u00e9s en cette fin d\u2019ann\u00e9e 2025 : <strong>plusieurs caisses de retraite ont pr\u00e9vu d\u2019anticiper le versement des pensions de d\u00e9cembre<\/strong>. L\u2019objectif ? \u00c9viter les retards li\u00e9s aux jours f\u00e9ri\u00e9s et au calendrier bancaire de fin d\u2019ann\u00e9e.<\/p>\n<p>Mais cette anticipation ne s\u2019appliquera pas \u00e0 tous. Chaque r\u00e9gime dispose de son propre calendrier, consultable sur le site officiel du Service Public.<\/p>\n<p>\u00c0 lire aussi: <a href=\"https:\/\/www.cesdefrance.fr\/actualite\/retraite-la-bonne-nouvelle-vient-de-tomber-le-virement-de-decembre-arrive-plus-tot-cette-annee-voici-les-dates\/\" data-type=\"link\" data-id=\"https:\/\/www.cesdefrance.fr\/actualite\/retraite-la-bonne-nouvelle-vient-de-tomber-le-virement-de-decembre-arrive-plus-tot-cette-annee-voici-les-dates\/\" target=\"_blank\" rel=\"noopener\">Retraite : la bonne nouvelle vient de tomber, le virement de d\u00e9cembre arrive plus t\u00f4t cette ann\u00e9e, voici les dates<\/a><\/p>\n<p>Qui percevra sa pension en avance en d\u00e9cembre ?<\/p>\n<ul class=\"wp-block-list\">\n<li><strong>Fonction publique d\u2019\u00c9tat<\/strong> : les anciens fonctionnaires recevront leur pension d\u00e8s le <strong>23 d\u00e9cembre<\/strong>, soit plusieurs jours avant la date habituelle.<\/li>\n<li><strong>Fonction publique territoriale<\/strong> : les pensions seront vers\u00e9es le <strong>24 d\u00e9cembre<\/strong>, moins d\u2019un mois apr\u00e8s celle de novembre, per\u00e7ue le 26.<\/li>\n<li><strong>Agirc-Arrco et Carsat Alsace-Moselle<\/strong> : ces retrait\u00e9s b\u00e9n\u00e9ficieront d\u2019un <strong>paiement anticip\u00e9 d\u00e8s le 1er d\u00e9cembre<\/strong>.<\/li>\n<\/ul>\n<p>Cette avance de quelques jours pourrait soulager le budget de nombreux retrait\u00e9s en pleine p\u00e9riode de f\u00eates.<\/p>\n<p>Retrait\u00e9s du priv\u00e9 : aucun changement<\/p>\n<p>En revanche, les retrait\u00e9s affili\u00e9s \u00e0 la <strong>Cnav<\/strong>, principalement les anciens salari\u00e9s du secteur priv\u00e9, <strong>ne verront pas leur pension de d\u00e9cembre vers\u00e9e plus t\u00f4t<\/strong>.<\/p>\n<ul class=\"wp-block-list\">\n<li>Leur pension de <strong>novembre sera vers\u00e9e le 9 d\u00e9cembre<\/strong><\/li>\n<li>Celle de <strong>d\u00e9cembre arrivera le 9 janvier 2026<\/strong><\/li>\n<\/ul>\n<p>M\u00eame situation pour les affili\u00e9s de la <strong>Mutualit\u00e9 sociale agricole (MSA)<\/strong>, qui devront patienter jusqu\u2019au mois suivant.<\/p>\n<p>Attention aux d\u00e9lais bancaires<\/p>\n<p>M\u00eame si votre caisse effectue le versement \u00e0 la date pr\u00e9vue, <strong>l\u2019arriv\u00e9e effective sur votre compte peut varier<\/strong> selon votre banque. Un l\u00e9ger diff\u00e9r\u00e9 est donc possible, en particulier autour des week-ends et jours f\u00e9ri\u00e9s.<\/p>\n<p><strong>Votre avis compte !<\/strong><\/p>\n<p>Si vous \u00eates retrait\u00e9 de la fonction publique ou affili\u00e9 \u00e0 certains r\u00e9gimes compl\u00e9mentaires, vous b\u00e9n\u00e9ficierez d\u2019un versement anticip\u00e9 de votre pension en d\u00e9cembre. Un coup de pouce bienvenu pour boucler les achats de fin d\u2019ann\u00e9e. Pour les autres, le calendrier habituel reste inchang\u00e9.<\/p>\n<p><strong>Votre pension est-elle concern\u00e9e par cette avance ? Consultez votre espace personnel ou rapprochez-vous de votre caisse pour v\u00e9rifier votre date de paiement.<\/strong><\/p>\n<p>En tant que jeune m\u00e9dia ind\u00e9pendant, CESdeFrance a besoin de votre aide. Soutenez-nous en nous suivant et en nous ajoutant \u00e0 vos favoris sur Google News. Merci !<\/p>\n<p><a href=\"https:\/\/news.google.com\/publications\/CAAqBwgKMNnPrAsw5trEAw?hl=fr&amp;gl=FR&amp;ceid=FR%3Afr\" target=\"_blank\" rel=\"external noopener\">Suivez-nous sur Google News <\/a><\/p>\n","protected":false},"excerpt":{"rendered":"\u00c0 l\u2019approche des f\u00eates de fin d\u2019ann\u00e9e, certains retrait\u00e9s vont recevoir leur pension un peu plus t\u00f4t que&hellip;\n","protected":false},"author":2,"featured_media":566580,"comment_status":"","ping_status":"","sticky":false,"template":"","format":"standard","meta":{"footnotes":""},"categories":[6],"tags":[35,33,34,1011,27],"class_list":{"0":"post-566579","1":"post","2":"type-post","3":"status-publish","4":"format-standard","5":"has-post-thumbnail","7":"category-economie","8":"tag-business","9":"tag-economie","10":"tag-economy","11":"tag-fr","12":"tag-france"},"share_on_mastodon":{"url":"","error":""},"_links":{"self":[{"href":"https:\/\/www.europesays.com\/fr\/wp-json\/wp\/v2\/posts\/566579","targetHints":{"allow":["GET"]}}],"collection":[{"href":"https:\/\/www.europesays.com\/fr\/wp-json\/wp\/v2\/posts"}],"about":[{"href":"https:\/\/www.europesays.com\/fr\/wp-json\/wp\/v2\/types\/post"}],"author":[{"embeddable":true,"href":"https:\/\/www.europesays.com\/fr\/wp-json\/wp\/v2\/users\/2"}],"replies":[{"embeddable":true,"href":"https:\/\/www.europesays.com\/fr\/wp-json\/wp\/v2\/comments?post=566579"}],"version-history":[{"count":0,"href":"https:\/\/www.europesays.com\/fr\/wp-json\/wp\/v2\/posts\/566579\/revisions"}],"wp:featuredmedia":[{"embeddable":true,"href":"https:\/\/www.europesays.com\/fr\/wp-json\/wp\/v2\/media\/566580"}],"wp:attachment":[{"href":"https:\/\/www.europesays.com\/fr\/wp-json\/wp\/v2\/media?parent=566579"}],"wp:term":[{"taxonomy":"category","embeddable":true,"href":"https:\/\/www.europesays.com\/fr\/wp-json\/wp\/v2\/categories?post=566579"},{"taxonomy":"post_tag","embeddable":true,"href":"https:\/\/www.europesays.com\/fr\/wp-json\/wp\/v2\/tags?post=566579"}],"curies":[{"name":"wp","href":"https:\/\/api.w.org\/{rel}","templated":true}]}}