{"id":566581,"date":"2025-11-29T11:57:15","date_gmt":"2025-11-29T11:57:15","guid":{"rendered":"https:\/\/www.europesays.com\/fr\/566581\/"},"modified":"2025-11-29T11:57:15","modified_gmt":"2025-11-29T11:57:15","slug":"pekin-lance-une-campagne-de-securite-dans-les-immeubles-hauts","status":"publish","type":"post","link":"https:\/\/www.europesays.com\/fr\/566581\/","title":{"rendered":"P\u00e9kin lance une campagne de s\u00e9curit\u00e9 dans les immeubles hauts"},"content":{"rendered":"<p>\n    Deux jours apr\u00e8s l\u2019incendie meurtrier qui a fait au moins 128 morts \u00e0 Hong Kong, la Chine lance une vaste campagne d\u2019\u00abinspection et de rectification\u00bb des immeubles de grande hauteur.<\/p>\n<p class=\"fig-paragraph\">La Chine a lanc\u00e9 une campagne \u00abd&rsquo;inspection et de rectification\u00bb contre les risques de feu dans les immeubles de grande hauteur, a annonc\u00e9 la cha\u00eene de t\u00e9l\u00e9vision publique CCTV samedi apr\u00e8s\u00a0<a href=\"http:\/\/www.lefigaro.fr\/international\/incendie-a-hongkong-le-gouvernement-observe-trois-minutes-de-silence-pour-les-victimes-20251129\" data-fig-type=\"NewsFlash\" data-gtm-custom-categorie=\"navigation\" data-gtm-custom-action=\"crossclick\" data-gtm-custom-label=\"Contextuel\" data-gtm-event=\"customEventSPE\" data-fig-domain=\"LEFIGARO\" target=\"_blank\" rel=\"noopener\">l&rsquo;incendie qui a fait au moins 128\u00a0<\/a>morts \u00e0 Hong Kong.<\/p>\n<p class=\"fig-paragraph\">Cette campagne portera notamment sur les chantiers de r\u00e9novation ext\u00e9rieure et l&#8217;emploi de mat\u00e9riaux inflammables dans les travaux et de bambou pour les \u00e9chafaudages, dit CCTV. Les mat\u00e9riaux inflammables et le bambou passent pour avoir acc\u00e9l\u00e9r\u00e9 la propagation des flammes dans le drame de Hong Kong.<\/p>\n<p>                                            <a class=\"fig-a11y-skip\" href=\"#fig-a11y-skip-main-inarticle\" data-module=\"a11y-skip\" data-context=\"was @visible\"><br \/>\n    Passer la publicit\u00e9<br \/>\n<\/a>            <\/p>\n<p class=\"fig-paragraph\">Mercredi 26 novembre, un incendie s\u2019est d\u00e9clar\u00e9 dans le complexe r\u00e9sidentiel Wang Fuk Court, faisant au moins 128 morts. Le pire sinistre qu\u2019ait connu Hongkong depuis 1948. Les tours de 31 \u00e9tages, en pleine r\u00e9novation, ont br\u00fbl\u00e9 pendant pr\u00e8s de deux jours, tandis que de nombreux proches cherchaient encore des disparus dans les h\u00f4pitaux.<\/p>\n<p class=\"fig-paragraph\">Selon les secours,\u00a0<a href=\"http:\/\/www.lefigaro.fr\/international\/le-feu-s-est-propage-si-vite-94-morts-dans-l-incendie-a-hong-kong-la-lutte-contre-les-flammes-terminees-mais-les-recherches-de-disparus-se-poursuivent-20251128\" data-fig-type=\"NewsFlash\" data-gtm-custom-categorie=\"navigation\" data-gtm-custom-action=\"crossclick\" data-gtm-custom-label=\"Contextuel\" data-gtm-event=\"customEventSPE\" data-fig-domain=\"LEFIGARO\" target=\"_blank\" rel=\"noopener\">les alarmes incendie n\u2019auraient pas fonctionn\u00e9 correctement<\/a>. Les inspections se poursuivent logement par logement, et plusieurs sacs mortuaires ont d\u00e9j\u00e0 \u00e9t\u00e9 transf\u00e9r\u00e9s \u00e0 la morgue de Sha Tin, o\u00f9 les familles sont appel\u00e9es \u00e0 identifier les victimes.<\/p>\n","protected":false},"excerpt":{"rendered":"Deux jours apr\u00e8s l\u2019incendie meurtrier qui a fait au moins 128 morts \u00e0 Hong Kong, la Chine lance&hellip;\n","protected":false},"author":2,"featured_media":566582,"comment_status":"","ping_status":"","sticky":false,"template":"","format":"standard","meta":{"footnotes":""},"categories":[5],"tags":[11,309,1011,27,1310,14,12,28],"class_list":{"0":"post-566581","1":"post","2":"type-post","3":"status-publish","4":"format-standard","5":"has-post-thumbnail","7":"category-international","8":"tag-actualites","9":"tag-chine","10":"tag-fr","11":"tag-france","12":"tag-incendie","13":"tag-international","14":"tag-news","15":"tag-world"},"share_on_mastodon":{"url":"https:\/\/pubeurope.com\/@fr\/115632868242045697","error":""},"_links":{"self":[{"href":"https:\/\/www.europesays.com\/fr\/wp-json\/wp\/v2\/posts\/566581","targetHints":{"allow":["GET"]}}],"collection":[{"href":"https:\/\/www.europesays.com\/fr\/wp-json\/wp\/v2\/posts"}],"about":[{"href":"https:\/\/www.europesays.com\/fr\/wp-json\/wp\/v2\/types\/post"}],"author":[{"embeddable":true,"href":"https:\/\/www.europesays.com\/fr\/wp-json\/wp\/v2\/users\/2"}],"replies":[{"embeddable":true,"href":"https:\/\/www.europesays.com\/fr\/wp-json\/wp\/v2\/comments?post=566581"}],"version-history":[{"count":0,"href":"https:\/\/www.europesays.com\/fr\/wp-json\/wp\/v2\/posts\/566581\/revisions"}],"wp:featuredmedia":[{"embeddable":true,"href":"https:\/\/www.europesays.com\/fr\/wp-json\/wp\/v2\/media\/566582"}],"wp:attachment":[{"href":"https:\/\/www.europesays.com\/fr\/wp-json\/wp\/v2\/media?parent=566581"}],"wp:term":[{"taxonomy":"category","embeddable":true,"href":"https:\/\/www.europesays.com\/fr\/wp-json\/wp\/v2\/categories?post=566581"},{"taxonomy":"post_tag","embeddable":true,"href":"https:\/\/www.europesays.com\/fr\/wp-json\/wp\/v2\/tags?post=566581"}],"curies":[{"name":"wp","href":"https:\/\/api.w.org\/{rel}","templated":true}]}}