{"id":566583,"date":"2025-11-29T11:58:10","date_gmt":"2025-11-29T11:58:10","guid":{"rendered":"https:\/\/www.europesays.com\/fr\/566583\/"},"modified":"2025-11-29T11:58:10","modified_gmt":"2025-11-29T11:58:10","slug":"un-homme-de-40-ans-percute-un-poteau-et-trouve-la-mort","status":"publish","type":"post","link":"https:\/\/www.europesays.com\/fr\/566583\/","title":{"rendered":"un homme de 40 ans percute un poteau et trouve la mort"},"content":{"rendered":"<p>                    Par<br \/>\n        <strong><br \/>\n            <a href=\"https:\/\/actu.fr\/auteur\/yann-rivallan\" title=\"Consulter tous les articles de Yann Rivallan\" target=\"_blank\" rel=\"noopener\">Yann Rivallan<\/a><br \/>\n                    <\/strong><\/p>\n<p>        Publi\u00e9 le<\/p>\n<p>            29 nov. 2025 \u00e0 10h16        <\/p>\n<p>Malgr\u00e9 les tentatives de r\u00e9animation, il \u00e9tait d\u00e9j\u00e0 trop tard\u2026 Tr\u00e8s t\u00f4t samedi 29\u00a0novembre 2025, \u00e0 5h29 pr\u00e9cis\u00e9ment, les sapeurs-pompiers de l\u2019<a href=\"https:\/\/actu.fr\/27actu\/\" target=\"_blank\" rel=\"noopener\">Eure<\/a> se sont rendus dans la commune de <a href=\"https:\/\/actu.fr\/normandie\/neaufles-auvergny_27427\" target=\"_blank\" rel=\"noopener\">Neaufles-Auvergny<\/a>. L\u00e0, ils d\u00e9couvrent <strong>une voiture accident\u00e9e<\/strong>. Son conducteur, un homme de 40\u00a0ans, a <strong>percut\u00e9 un poteau en b\u00e9ton<\/strong> \u00ab\u2009dans un choc \u00e0 forte cin\u00e9tique\u2009\u00bb, pr\u00e9cise le service d\u00e9partemental d\u2019incendie et de secours, avant de trouver <strong>la mort<\/strong>.<\/p>\n<p>Les pompiers tentent de le r\u00e9animer<\/p>\n<p class=\" wall-content\">\u00c0 l\u2019arriv\u00e9e des secours, le conducteur est <strong>bloqu\u00e9 dans sa voiture<\/strong>. Il est en arr\u00eat cardio-respiratoire. Apr\u00e8s l\u2019avoir d\u00e9sincarc\u00e9r\u00e9, les pompiers tentent de le r\u00e9animer. Mais rien n\u2019y fait. Le quadrag\u00e9naire est finalement d\u00e9clar\u00e9 d\u00e9c\u00e9d\u00e9.<\/p>\n<p class=\" wall-content\"><strong>Sept sapeurs-pompiers<\/strong> ont \u00e9t\u00e9 mobilis\u00e9s sur cet accident.<\/p>\n<p class=\" wall-content\">Personnalisez votre actualit\u00e9 en ajoutant vos villes et m\u00e9dias en favori avec <a href=\"https:\/\/moncompte.actu.fr\" title=\"D\u00e9couvez Mon Actu\" rel=\"nofollow noopener\" data-trk=\"{&quot;cta&quot;:{&quot;action&quot;:&quot;https:\\\/\\\/moncompte.actu.fr&quot;,&quot;category&quot;:&quot;mon compte&quot;,&quot;from&quot;:&quot;article footer&quot;,&quot;name&quot;:&quot;Mon actu&quot;,&quot;type&quot;:&quot;cta&quot;}}\" target=\"_blank\">Mon Actu<\/a>.<\/p>\n","protected":false},"excerpt":{"rendered":"Par Yann Rivallan Publi\u00e9 le 29 nov. 2025 \u00e0 10h16 Malgr\u00e9 les tentatives de r\u00e9animation, il \u00e9tait d\u00e9j\u00e0&hellip;\n","protected":false},"author":2,"featured_media":566584,"comment_status":"","ping_status":"","sticky":false,"template":"","format":"standard","meta":{"footnotes":""},"categories":[4],"tags":[119,11,118,1011,27,12,1311,25],"class_list":{"0":"post-566583","1":"post","2":"type-post","3":"status-publish","4":"format-standard","5":"has-post-thumbnail","7":"category-france","8":"tag-accident","9":"tag-actualites","10":"tag-faits-divers","11":"tag-fr","12":"tag-france","13":"tag-news","14":"tag-pompiers","15":"tag-republique-francaise"},"share_on_mastodon":{"url":"https:\/\/pubeurope.com\/@fr\/115632872114441125","error":""},"_links":{"self":[{"href":"https:\/\/www.europesays.com\/fr\/wp-json\/wp\/v2\/posts\/566583","targetHints":{"allow":["GET"]}}],"collection":[{"href":"https:\/\/www.europesays.com\/fr\/wp-json\/wp\/v2\/posts"}],"about":[{"href":"https:\/\/www.europesays.com\/fr\/wp-json\/wp\/v2\/types\/post"}],"author":[{"embeddable":true,"href":"https:\/\/www.europesays.com\/fr\/wp-json\/wp\/v2\/users\/2"}],"replies":[{"embeddable":true,"href":"https:\/\/www.europesays.com\/fr\/wp-json\/wp\/v2\/comments?post=566583"}],"version-history":[{"count":0,"href":"https:\/\/www.europesays.com\/fr\/wp-json\/wp\/v2\/posts\/566583\/revisions"}],"wp:featuredmedia":[{"embeddable":true,"href":"https:\/\/www.europesays.com\/fr\/wp-json\/wp\/v2\/media\/566584"}],"wp:attachment":[{"href":"https:\/\/www.europesays.com\/fr\/wp-json\/wp\/v2\/media?parent=566583"}],"wp:term":[{"taxonomy":"category","embeddable":true,"href":"https:\/\/www.europesays.com\/fr\/wp-json\/wp\/v2\/categories?post=566583"},{"taxonomy":"post_tag","embeddable":true,"href":"https:\/\/www.europesays.com\/fr\/wp-json\/wp\/v2\/tags?post=566583"}],"curies":[{"name":"wp","href":"https:\/\/api.w.org\/{rel}","templated":true}]}}