{"id":566587,"date":"2025-11-29T12:00:19","date_gmt":"2025-11-29T12:00:19","guid":{"rendered":"https:\/\/www.europesays.com\/fr\/566587\/"},"modified":"2025-11-29T12:00:19","modified_gmt":"2025-11-29T12:00:19","slug":"dallia-creation-a-demenage-rue-de-la-republique-pour-sagrandir","status":"publish","type":"post","link":"https:\/\/www.europesays.com\/fr\/566587\/","title":{"rendered":"Dallia Cr\u00e9ation a d\u00e9m\u00e9nag\u00e9 rue de la R\u00e9publique pour s\u2019agrandir"},"content":{"rendered":"<p>Dallia Cr\u00e9ation s\u2019est fait un nom \u00e0 Saint-\u00c9tienne dans le domaine de la robe de mari\u00e9e gr\u00e2ce \u00e0 une approche originale. Elle propose en effet la cr\u00e9ation sur-mesure d\u2019une robe, fruit de la rencontre avec la future mari\u00e9e, ou le choix dans sa collection de pi\u00e8ces uniques et personnalisables en pr\u00eat-\u00e0-porter.<\/p>\n<p>Install\u00e9e rue de la Ville depuis huit ans, Dallia Cr\u00e9ation a doubl\u00e9 sa surface en d\u00e9m\u00e9nageant tout r\u00e9cemment au 11 rue de la R\u00e9publique, \u00ab\u00a0une rue passante qui revit, avec des boutiques sympathiques\u00a0\u00bb, se r\u00e9jouit la commer\u00e7ante, Dallia.<\/p>\n<p>  \u00ab\u00a0Chaque mari\u00e9e doit \u00eatre sublime et se sentir belle\u00a0\u00bb<\/p>\n<p>Tous les mod\u00e8les sont cr\u00e9\u00e9s par Dallia et son \u00e9quipe, avec l\u2019id\u00e9e constante de mettre en avant les atouts de la mari\u00e9e pour ce jour exceptionnel. \u00ab\u00a0Je m\u2019adapte aux demandes de mes clientes et \u00e0 leur morphologie, afin de transcender leur beaut\u00e9. Chaque mari\u00e9e doit \u00eatre sublime et se sentir belle\u00a0\u00bb, confie la cr\u00e9atrice.<\/p>\n<p>Les deux approches propos\u00e9es par la boutique sont compl\u00e9mentaires. Une robe sur-mesure offre \u00e0 Dallia la possibilit\u00e9 de cr\u00e9er un mod\u00e8le qui ressemble \u00e0 ses clientes, dans le respect de leur personnalit\u00e9, apr\u00e8s une \u00e9coute empathique de leurs attentes. \u00ab\u00a0Elles comptent sur moi pour d\u00e9finir ce qui correspond le mieux \u00e0 leur silhouette, \u00e0 leur caract\u00e8re. Elles me font confiance pour les sublimer.\u00a0\u00bb<\/p>\n<p>  Tissus de qualit\u00e9 et lignes \u00e9pur\u00e9es<\/p>\n<p>La collection de pi\u00e8ces uniques en pr\u00eat-\u00e0-porter r\u00e9pond, elle, au besoin exprim\u00e9 par certaines de se projeter plus facilement dans un mod\u00e8le existant mais pouvant \u00eatre personnalis\u00e9. \u00ab\u00a0Les futures mari\u00e9es peuvent trouver des robes uniques \u00e0 partir de 1\u00a0200\u00a0euros dans le pr\u00eat-\u00e0-porter\u00a0\u00bb, pr\u00e9cise la commer\u00e7ante.<\/p>\n<p>Les tissus sont de qualit\u00e9 (tulle, satin de soie ou mousseline\u2026) et les lignes sont \u00e9pur\u00e9es. \u00ab\u00a0Actuellement, deux tendances coexistent \u00e0 c\u00f4t\u00e9 du boh\u00e8me chic\u00a0: le full dentelle et le sobre-\u00e9l\u00e9gant\u00a0\u00bb, compl\u00e8te Dallia, qui accueille ses clientes g\u00e9n\u00e9ralement un an avant la date retenue pour le mariage.<\/p>\n<p>Tous les mod\u00e8les sont con\u00e7us au sein de l\u2019atelier.<\/p>\n","protected":false},"excerpt":{"rendered":"Dallia Cr\u00e9ation s\u2019est fait un nom \u00e0 Saint-\u00c9tienne dans le domaine de la robe de mari\u00e9e gr\u00e2ce \u00e0&hellip;\n","protected":false},"author":2,"featured_media":566588,"comment_status":"","ping_status":"","sticky":false,"template":"","format":"standard","meta":{"footnotes":""},"categories":[9653],"tags":[1111,11,2430,4406,33,7539,1777,674,1011,27,12,25,4001,7538],"class_list":{"0":"post-566587","1":"post","2":"type-post","3":"status-publish","4":"format-standard","5":"has-post-thumbnail","7":"category-saint-etienne","8":"tag-actu","9":"tag-actualites","10":"tag-auvergne-rhone-alpes","11":"tag-commerce-et-services","12":"tag-economie","13":"tag-edition-loire-sud","14":"tag-eu","15":"tag-europe","16":"tag-fr","17":"tag-france","18":"tag-news","19":"tag-republique-francaise","20":"tag-saint-etienne","21":"tag-saint-etienne-ville"},"share_on_mastodon":{"url":"https:\/\/pubeurope.com\/@fr\/115632879980536503","error":""},"_links":{"self":[{"href":"https:\/\/www.europesays.com\/fr\/wp-json\/wp\/v2\/posts\/566587","targetHints":{"allow":["GET"]}}],"collection":[{"href":"https:\/\/www.europesays.com\/fr\/wp-json\/wp\/v2\/posts"}],"about":[{"href":"https:\/\/www.europesays.com\/fr\/wp-json\/wp\/v2\/types\/post"}],"author":[{"embeddable":true,"href":"https:\/\/www.europesays.com\/fr\/wp-json\/wp\/v2\/users\/2"}],"replies":[{"embeddable":true,"href":"https:\/\/www.europesays.com\/fr\/wp-json\/wp\/v2\/comments?post=566587"}],"version-history":[{"count":0,"href":"https:\/\/www.europesays.com\/fr\/wp-json\/wp\/v2\/posts\/566587\/revisions"}],"wp:featuredmedia":[{"embeddable":true,"href":"https:\/\/www.europesays.com\/fr\/wp-json\/wp\/v2\/media\/566588"}],"wp:attachment":[{"href":"https:\/\/www.europesays.com\/fr\/wp-json\/wp\/v2\/media?parent=566587"}],"wp:term":[{"taxonomy":"category","embeddable":true,"href":"https:\/\/www.europesays.com\/fr\/wp-json\/wp\/v2\/categories?post=566587"},{"taxonomy":"post_tag","embeddable":true,"href":"https:\/\/www.europesays.com\/fr\/wp-json\/wp\/v2\/tags?post=566587"}],"curies":[{"name":"wp","href":"https:\/\/api.w.org\/{rel}","templated":true}]}}