{"id":566589,"date":"2025-11-29T12:01:17","date_gmt":"2025-11-29T12:01:17","guid":{"rendered":"https:\/\/www.europesays.com\/fr\/566589\/"},"modified":"2025-11-29T12:01:17","modified_gmt":"2025-11-29T12:01:17","slug":"saint-etienne-comment-la-ville-mise-sur-le-design-pour-se-reinventer","status":"publish","type":"post","link":"https:\/\/www.europesays.com\/fr\/566589\/","title":{"rendered":"Saint-\u00c9tienne : comment la ville mise sur le design pour se r\u00e9inventer"},"content":{"rendered":"<p>Peut-on r\u00e9g\u00e9n\u00e9rer une ville gr\u00e2ce au design? C\u2019est le pari lanc\u00e9 depuis plusieurs ann\u00e9es par Saint-\u00c9tienne dans la Loire. Apr\u00e8s la cr\u00e9ation de la Biennale internationale du design en 1998 et de la Cit\u00e9 du design en 2009 sur le site de l\u2019ancienne Manufacture d\u2019armes, la m\u00e9tropole a engag\u00e9 un vaste plan de r\u00e9novation urbaine qui doit aboutir \u00e0 partir de 2026. L\u2019agence Saguez &amp; Partners accompagne la m\u00e9tropole dans ce projet baptis\u00e9 District Cr\u00e9atif.<\/p>\n<p>La 14e commune de France a accumul\u00e9 les revers depuis les ann\u00e9es 1970 : le d\u00e9clin industriel et minier, la fin de l\u2019\u00e9pop\u00e9e footballistique des Verts, la concurrence de Lyon et sa situation en marge du couloir rhodanien, plus r\u00e9cemment la crise du groupe Casino, sans oublier l\u2019affaire de chantage dans laquelle est impliqu\u00e9 le maire Ga\u00ebl Perdriau. Et pourtant la chute d\u00e9mographique a \u00e9t\u00e9 enray\u00e9e \u2013 la population se stabilise autour de 172 000 habitants \u2013, Saint-\u00c9tienne fait partie du r\u00e9seau des villes cr\u00e9atives de l\u2019Unesco, aux c\u00f4t\u00e9s de Turin, Bilbao ou D\u00e9troit, elle a m\u00eame \u00e9t\u00e9 d\u00e9sign\u00e9e en 2020 \u00ab ville la plus foot de France \u00bb par le magazine France Football. Elle accueille des entreprises de pointe dans la m\u00e9tallurgie, des p\u00f4les de recherche, de nombreuses \u00e9coles (\u00c9cole nationale sup\u00e9rieure art et design, T\u00e9l\u00e9com, \u00c9cole des mines, Universit\u00e9 Jean-Monnet\u2026), la Com\u00e9die, centre dramatique national, le Fil d\u00e9di\u00e9 aux musiques actuelles, un Z\u00e9nith r\u00e9alis\u00e9 par l\u2019architecte star Norman Foster\u2026\u00a0<\/p>\n<p>Olivier Barb\u00e9, directeur de la communication de la ville et de la m\u00e9tropole, explique la probl\u00e9matique : \u00ab Saint-\u00c9tienne est constitu\u00e9 de zones cloisonn\u00e9es : le quartier d\u2019affaires face \u00e0 la gare, le Parc Fran\u00e7ois-Mitterrand comprenant le Parc des expositions et les lieux culturels, les anciens b\u00e2timents de la Manufacture d\u2019armes que les habitants n\u2019ont pas l&rsquo;habitude de traverser, des quartiers populaires au milieu&#8230; Le District Cr\u00e9atif a pour but de d\u00e9cloisonner ces espaces et d&rsquo;amener les populations vers de nouvelles activit\u00e9s. Saint-\u00c9tienne 2.0, c\u2019est cr\u00e9er de nouveaux lieux de rencontres, imaginer un design qui rend des services \u00e0 la population. \u00bb\u00a0<\/p>\n<p><strong>Un fil rouge jaune soleil<\/strong><\/p>\n<p>Habitu\u00e9e aux projets d\u2019ampleur comme la r\u00e9novation de quartiers \u00e0 Saint-Ouen et Hambourg, Saguez &amp; Partners travaille depuis trois ans sur ce programme de r\u00e9g\u00e9n\u00e9ration qui repr\u00e9sente 15 hectares et 60 millions d\u2019euros d\u2019investissement public. Pour mat\u00e9rialiser le lien entre les diff\u00e9rents quartiers, elle a cr\u00e9\u00e9 une identit\u00e9 graphique en gros caract\u00e8res, o\u00f9 le D et le C jouent les premiers r\u00f4les, d\u00e9clin\u00e9s en vitrophanies, banni\u00e8res, signal\u00e9tique\u2026 La couleur jaune soleil appos\u00e9e sur les arr\u00eats de bus et de tramway doit servir de \u00ab fil rouge \u00bb entre les zones. Le \u00ab design qui rend service \u00bb s\u2019incarne dans le mobilier urbain modulaire, comme cette bo\u00eete \u00e0 livres et \u00e0 messages qui comprend aussi des jeux pour les enfants, fabriqu\u00e9e par une entreprise locale, la T\u00f4lerie for\u00e9zienne.\u00a0<\/p>\n<p>Soucieuse de parler \u00e0 tous les publics et de ne pas \u00eatre r\u00e9serv\u00e9e \u00e0 une \u00e9lite, la Cit\u00e9 du design accueille la Cabane, un lieu en libre acc\u00e8s o\u00f9 les enfants peuvent s\u2019initier au design. La Platine, l\u2019espace d\u2019exposition \u00e9trangement plac\u00e9\u00a0\u00e0 l\u2019entr\u00e9e de l\u2019ancienne Manufacture, bloquant la vue sur les b\u00e2timents historiques, va \u00eatre ouverte pour faciliter la circulation. Difficile d\u2019imaginer que jusqu\u2019en 2001, date de fermeture du site de production du Famas (acronyme de \u00ab Fusil d\u2019assaut de la Manufacture d\u2019armes de Saint-\u00c9tienne \u00bb), le quartier \u00e9tait class\u00e9 secret d\u00e9fense et interdit au public. Aujourd\u2019hui on y trouve la Fabuleuse Cantine, un restaurant en circuit court, et la Tour observatoire, une structure tubulaire qui permet de surplomber toute la ville. En 2026 ouvrira la Galerie nationale du design, un lieu d\u2019exposition de pi\u00e8ces embl\u00e9matiques du design issues des collections du Centre Pompidou, du Mobilier national, du Mus\u00e9e des Arts d\u00e9coratifs\u2026 Un h\u00f4tel th\u00e9matique est pr\u00e9vu, avec le groupe Yooma.\u00a0\u00ab Ce projet englobe beaucoup d\u2019activit\u00e9s scientifiques, culturelles, r\u00e9cr\u00e9atives, productives avec un m\u00eame fil conducteur : le design des usages, la recherche, les nouvelles technologies et la formation. On veut cr\u00e9er des lieux connecteurs pour r\u00e9duire les distances entre les habitants \u00bb, souligne Olivier Saguez, pr\u00e9sident fondateur de l\u2019agence. Celle-ci a aussi pour r\u00f4le d\u2019aider aux communications entre les diff\u00e9rents acteurs.<\/p>\n<p>Saint-\u00c9tienne va-t-elle devenir un lieu de destination branch\u00e9, tout en r\u00e9pondant aux besoins des habitants? Xavier Chantre, chef de projet \u00e0 la m\u00e9tropole, y croit dur comme fer, malgr\u00e9 les vicissitudes politiques. Il a port\u00e9 la candidature pour faire de Saint-\u00c9tienne un p\u00f4le territorial design, dans le cadre de France 2030. Cette reconnaissance nationale permettrait de b\u00e9n\u00e9ficier de 4 millions d\u2019euros de l\u2019\u00c9tat pour d\u00e9velopper de nouveaux services et assoir le statut de capitale du design. Pour ce fonctionnaire opini\u00e2tre, \u00ab la d\u00e9marche est suffisamment avanc\u00e9e pour\u00a0 nous permettre d\u2019enjamber les \u00e9lections municipales et \u00eatre pleinement op\u00e9rationnels en 2027, pour la prochaine Biennale \u00bb. \u00c0 se demander si les initiatives ne sont pas plus efficaces quand les politiques ne s\u2019en m\u00ealent pas.\u00a0<\/p>\n","protected":false},"excerpt":{"rendered":"Peut-on r\u00e9g\u00e9n\u00e9rer une ville gr\u00e2ce au design? C\u2019est le pari lanc\u00e9 depuis plusieurs ann\u00e9es par Saint-\u00c9tienne dans la&hellip;\n","protected":false},"author":2,"featured_media":566590,"comment_status":"","ping_status":"","sticky":false,"template":"","format":"standard","meta":{"footnotes":""},"categories":[9653],"tags":[1111,11,2430,536,6973,1777,674,1011,27,6974,6972,500,12,25,4001],"class_list":{"0":"post-566589","1":"post","2":"type-post","3":"status-publish","4":"format-standard","5":"has-post-thumbnail","7":"category-saint-etienne","8":"tag-actu","9":"tag-actualites","10":"tag-auvergne-rhone-alpes","11":"tag-communication","12":"tag-digital","13":"tag-eu","14":"tag-europe","15":"tag-fr","16":"tag-france","17":"tag-magazine-strategies","18":"tag-marketing","19":"tag-medias","20":"tag-news","21":"tag-republique-francaise","22":"tag-saint-etienne"},"share_on_mastodon":{"url":"https:\/\/pubeurope.com\/@fr\/115632883977690776","error":""},"_links":{"self":[{"href":"https:\/\/www.europesays.com\/fr\/wp-json\/wp\/v2\/posts\/566589","targetHints":{"allow":["GET"]}}],"collection":[{"href":"https:\/\/www.europesays.com\/fr\/wp-json\/wp\/v2\/posts"}],"about":[{"href":"https:\/\/www.europesays.com\/fr\/wp-json\/wp\/v2\/types\/post"}],"author":[{"embeddable":true,"href":"https:\/\/www.europesays.com\/fr\/wp-json\/wp\/v2\/users\/2"}],"replies":[{"embeddable":true,"href":"https:\/\/www.europesays.com\/fr\/wp-json\/wp\/v2\/comments?post=566589"}],"version-history":[{"count":0,"href":"https:\/\/www.europesays.com\/fr\/wp-json\/wp\/v2\/posts\/566589\/revisions"}],"wp:featuredmedia":[{"embeddable":true,"href":"https:\/\/www.europesays.com\/fr\/wp-json\/wp\/v2\/media\/566590"}],"wp:attachment":[{"href":"https:\/\/www.europesays.com\/fr\/wp-json\/wp\/v2\/media?parent=566589"}],"wp:term":[{"taxonomy":"category","embeddable":true,"href":"https:\/\/www.europesays.com\/fr\/wp-json\/wp\/v2\/categories?post=566589"},{"taxonomy":"post_tag","embeddable":true,"href":"https:\/\/www.europesays.com\/fr\/wp-json\/wp\/v2\/tags?post=566589"}],"curies":[{"name":"wp","href":"https:\/\/api.w.org\/{rel}","templated":true}]}}