{"id":566597,"date":"2025-11-29T12:05:13","date_gmt":"2025-11-29T12:05:13","guid":{"rendered":"https:\/\/www.europesays.com\/fr\/566597\/"},"modified":"2025-11-29T12:05:13","modified_gmt":"2025-11-29T12:05:13","slug":"tillous-borde-craint-le-pire-pour-son-retour-a-mayol-si-on-ne-fait-pas-mieux-on-en-prendra-50-60","status":"publish","type":"post","link":"https:\/\/www.europesays.com\/fr\/566597\/","title":{"rendered":"Tillous-Borde craint le pire pour son retour \u00e0 Mayol : \u00ab Si on ne fait pas mieux, on en prendra 50-60 \u00bb"},"content":{"rendered":"<p>Ce samedi, S\u00e9bastien Tillous-Borde va faire son grand retour \u00e0 Toulon, en tant que manager de l\u2019US Montauban.<\/p>\n<p><strong>Interrog\u00e9 via <a href=\"https:\/\/www.ladepeche.fr\/2025\/11\/29\/entretien-toulon-restera-grave-a-vie-le-grand-retour-de-sebastien-tillous-borde-a-mayol-ou-il-a-tout-gagne-13079790.php\" target=\"_blank\" rel=\"noopener\">La D\u00e9p\u00eache<\/a>, ce-dernier a exprim\u00e9 sa joie de revenir \u00e0 Mayol. Extrait:<\/strong><\/p>\n<p>Je suis content de revenir. J\u2019ai connu beaucoup de fiert\u00e9 et de passion avec le RCT\u00a0qui poss\u00e8de des supporters incroyables. On a v\u00e9cu des moments fantastiques. C\u2019est top, on a marqu\u00e9 l\u2019histoire du club et bien s\u00fbr que d\u2019y revenir \u00e7a fait plaisir. J\u2019y suis rest\u00e9 dix ans. J\u2019ai\u00a0beaucoup d\u2019amis, de liens avec Toulon. Je me suis mari\u00e9 l\u00e0-bas, j\u2019y ai eu des enfants, \u00e7a reste\u00a0grav\u00e9 \u00e0 vie, c\u2019est s\u00fbr.<\/p>\n<p><strong>Il se dit tr\u00e8s proche de Pierre Mignoni. Extrait:<\/strong><\/p>\n<p>\u00c7a fait un petit moment que je ne l\u2019ai pas eu au t\u00e9l\u00e9phone, mais on est proche. Je le connais tr\u00e8s bien, il m\u2019a entra\u00een\u00e9 apr\u00e8s avoir arr\u00eat\u00e9. Plus g\u00e9n\u00e9ralement, je connais tout le monde \u00e0 Mayol. J\u2019y reviens souvent.<\/p>\n<p><strong>Sur le plan sportif, il esp\u00e8re voir ses joueurs se d\u00e9fendre sur le terrain. Extrait:<\/strong><\/p>\n<p>J\u2019esp\u00e8re qu\u2019on ne va pas attendre tous les matchs pour voir comment est le stade et dire si c\u2019est compliqu\u00e9 ou pas\u2026 Peut-\u00eatre que Toulon est l\u2019endroit le plus hostile de tous les stades o\u00f9 on va aller. Les joueurs sont pr\u00e9venus. Il y a le Pilou pilou \u00e9videmment. \u00c7a doit exciter les joueurs de performer devant un grand public avec une ambiance qu\u2019ils ne conna\u00eetront pas tous les jours. Il faut qu\u2019ils soient excit\u00e9s et aient envie d\u2019affronter les meilleurs joueurs.<\/p>\n<p>\u00a0Il faut que le groupe ait une r\u00e9action par rapport \u00e0 ce qui s\u2019est pass\u00e9 la semaine derni\u00e8re [d\u00e9faite 7-49 contre le Stade Toulousain, N.D.L.R.]. J\u2019ai envie de voir 23 joueurs qui sont capables de laisser beaucoup sur le terrain \u00e0 Mayol. Sans \u00e7a, \u00e7a sera tr\u00e8s compliqu\u00e9. Bien s\u00fbr qu\u2019on est ambitieux, qu\u2019on veut jouer au rugby, mais on doit d\u2019abord \u00eatre tr\u00e8s performant dans le combat, toutes les zones tr\u00e8s simples du rugby parce que le RCT est tr\u00e8s fort sur \u00e7a.<\/p>\n<p><strong>Il \u00e9voque ensuite les points forts du RCT. Extrait:<\/strong><\/p>\n<p>C\u2019est une \u00e9quipe qui est costaud devant, ils ont la meilleure m\u00eal\u00e9e du championnat sont tr\u00e8s propres sur ses sorties de camp, sur toutes les choses basiques. Si on n\u2019est pas costaud\u00a0sur ces basiques, on se met en danger.<\/p>\n<p><strong>Il demande \u00e0 ses joueurs de faire mieux que contre Toulouse, sans quoi l\u2019USM prendrait une grosse claque. Extrait:<\/strong><\/p>\n<p>Si on ne fait pas mieux, on en prendra 50-60, comme \u00e0 Bayonne ou\u00a0Bordeaux. Au bout d\u2019un moment, on en a marre de \u00e7a. On s\u2019entra\u00eene bien, mais si c\u2019est pour, apr\u00e8s, ne pas mettre l\u2019intensit\u00e9 dans le match\u2026 Si chacun individuellement se pr\u00e9pare \u00e0 de la rudesse et \u00e0 des choses dures, on va \u00eatre pr\u00eat. Si on ne se pr\u00e9pare pas \u00e0 \u00e7a, on ne sera pas pr\u00eat.<\/p>\n<p>Bien s\u00fbr qu\u2019on a travaill\u00e9 des choses. Chaque \u00e9quipe a des sp\u00e9cificit\u00e9s, des forces et des faiblesses. Mais on doit surtout, avant tout, se concentrer sur nous, sur ce qu\u2019on doit mettre en place et le mettre avec de la qualit\u00e9. Si on ne fait pas le taf, \u00e7a ne sert \u00e0 rien de regarder les faiblesses des \u00e9quipes adverses. Contre Toulouse, on est rentr\u00e9 12 fois dans la zone de marque, on est ressorti une fois avec des points. \u00c7a veut dire que l\u2019inefficacit\u00e9 \u00e9tait totale, alors qu\u2019on est capable d\u2019\u00eatre efficace. Toulouse est venu\u00a0quatre fois traverser nos\u00a022 et a marqu\u00e9 50 points. Ils n\u2019ont eu que 40\u00a0% de possession, pourtant\u00a0ils ont mis 50 points.<\/p>\n","protected":false},"excerpt":{"rendered":"Ce samedi, S\u00e9bastien Tillous-Borde va faire son grand retour \u00e0 Toulon, en tant que manager de l\u2019US Montauban.&hellip;\n","protected":false},"author":2,"featured_media":566598,"comment_status":"","ping_status":"","sticky":false,"template":"","format":"standard","meta":{"footnotes":""},"categories":[9619],"tags":[1111,11,1777,674,1011,27,12,882,25,2310],"class_list":{"0":"post-566597","1":"post","2":"type-post","3":"status-publish","4":"format-standard","5":"has-post-thumbnail","7":"category-toulon","8":"tag-actu","9":"tag-actualites","10":"tag-eu","11":"tag-europe","12":"tag-fr","13":"tag-france","14":"tag-news","15":"tag-provence-alpes-cote-dazur","16":"tag-republique-francaise","17":"tag-toulon"},"share_on_mastodon":{"url":"https:\/\/pubeurope.com\/@fr\/115632899732639546","error":""},"_links":{"self":[{"href":"https:\/\/www.europesays.com\/fr\/wp-json\/wp\/v2\/posts\/566597","targetHints":{"allow":["GET"]}}],"collection":[{"href":"https:\/\/www.europesays.com\/fr\/wp-json\/wp\/v2\/posts"}],"about":[{"href":"https:\/\/www.europesays.com\/fr\/wp-json\/wp\/v2\/types\/post"}],"author":[{"embeddable":true,"href":"https:\/\/www.europesays.com\/fr\/wp-json\/wp\/v2\/users\/2"}],"replies":[{"embeddable":true,"href":"https:\/\/www.europesays.com\/fr\/wp-json\/wp\/v2\/comments?post=566597"}],"version-history":[{"count":0,"href":"https:\/\/www.europesays.com\/fr\/wp-json\/wp\/v2\/posts\/566597\/revisions"}],"wp:featuredmedia":[{"embeddable":true,"href":"https:\/\/www.europesays.com\/fr\/wp-json\/wp\/v2\/media\/566598"}],"wp:attachment":[{"href":"https:\/\/www.europesays.com\/fr\/wp-json\/wp\/v2\/media?parent=566597"}],"wp:term":[{"taxonomy":"category","embeddable":true,"href":"https:\/\/www.europesays.com\/fr\/wp-json\/wp\/v2\/categories?post=566597"},{"taxonomy":"post_tag","embeddable":true,"href":"https:\/\/www.europesays.com\/fr\/wp-json\/wp\/v2\/tags?post=566597"}],"curies":[{"name":"wp","href":"https:\/\/api.w.org\/{rel}","templated":true}]}}