{"id":566605,"date":"2025-11-29T12:10:19","date_gmt":"2025-11-29T12:10:19","guid":{"rendered":"https:\/\/www.europesays.com\/fr\/566605\/"},"modified":"2025-11-29T12:10:19","modified_gmt":"2025-11-29T12:10:19","slug":"vaulnaveys-le-bas-jean-marc-gauthier-quittera-la-mairie-en-2026-mais-cetait-passionnant","status":"publish","type":"post","link":"https:\/\/www.europesays.com\/fr\/566605\/","title":{"rendered":"Vaulnaveys-le-Bas. Jean-Marc Gauthier quittera la mairie en 2026\u00a0: \u00ab\u00a0Mais c\u2019\u00e9tait passionnant\u00a0!\u00a0\u00bb"},"content":{"rendered":"<p>Il avait \u00ab\u00a0des tr\u00e9molos dans la voix\u00a0\u00bb lorsqu\u2019il l\u2019a annonc\u00e9 officiellement, au dernier repas des a\u00een\u00e9s. Jean-Marc Gauthier a encore \u00ab\u00a0beaucoup d\u2019\u00e9nergie et d\u2019id\u00e9es pour Vaulnaveys-le-Bas\u00a0\u00bb. Mais son \u00e9pouse et sa famille ont assez attendu\u00a0! Car le maire sortant, ancien directeur de la maison de l\u2019enfance, puis directeur des services du comit\u00e9 central de l\u2019entreprise Merlin G\u00e9rin (Schneider), est un militant-n\u00e9, ou presque.<\/p>\n<p>\u00ab\u00a0Je fais de la politique depuis mes 15 ans, depuis&#8230;<\/p>\n","protected":false},"excerpt":{"rendered":"Il avait \u00ab\u00a0des tr\u00e9molos dans la voix\u00a0\u00bb lorsqu\u2019il l\u2019a annonc\u00e9 officiellement, au dernier repas des a\u00een\u00e9s. Jean-Marc Gauthier&hellip;\n","protected":false},"author":2,"featured_media":566606,"comment_status":"","ping_status":"","sticky":false,"template":"","format":"standard","meta":{"footnotes":""},"categories":[9566],"tags":[1111,11,2430,1984,113,4188,1777,674,1011,27,2731,108,12,316,25,17481,38264],"class_list":{"0":"post-566605","1":"post","2":"type-post","3":"status-publish","4":"format-standard","5":"has-post-thumbnail","7":"category-grenoble","8":"tag-actu","9":"tag-actualites","10":"tag-auvergne-rhone-alpes","11":"tag-conseil-municipal","12":"tag-edition-gresivaudan-oisans","13":"tag-elections-municipales","14":"tag-eu","15":"tag-europe","16":"tag-fr","17":"tag-france","18":"tag-grenoble","19":"tag-isere","20":"tag-news","21":"tag-politique","22":"tag-republique-francaise","23":"tag-romanche","24":"tag-vaulnaveys-le-bas"},"share_on_mastodon":{"url":"https:\/\/pubeurope.com\/@fr\/115632919376214258","error":""},"_links":{"self":[{"href":"https:\/\/www.europesays.com\/fr\/wp-json\/wp\/v2\/posts\/566605","targetHints":{"allow":["GET"]}}],"collection":[{"href":"https:\/\/www.europesays.com\/fr\/wp-json\/wp\/v2\/posts"}],"about":[{"href":"https:\/\/www.europesays.com\/fr\/wp-json\/wp\/v2\/types\/post"}],"author":[{"embeddable":true,"href":"https:\/\/www.europesays.com\/fr\/wp-json\/wp\/v2\/users\/2"}],"replies":[{"embeddable":true,"href":"https:\/\/www.europesays.com\/fr\/wp-json\/wp\/v2\/comments?post=566605"}],"version-history":[{"count":0,"href":"https:\/\/www.europesays.com\/fr\/wp-json\/wp\/v2\/posts\/566605\/revisions"}],"wp:featuredmedia":[{"embeddable":true,"href":"https:\/\/www.europesays.com\/fr\/wp-json\/wp\/v2\/media\/566606"}],"wp:attachment":[{"href":"https:\/\/www.europesays.com\/fr\/wp-json\/wp\/v2\/media?parent=566605"}],"wp:term":[{"taxonomy":"category","embeddable":true,"href":"https:\/\/www.europesays.com\/fr\/wp-json\/wp\/v2\/categories?post=566605"},{"taxonomy":"post_tag","embeddable":true,"href":"https:\/\/www.europesays.com\/fr\/wp-json\/wp\/v2\/tags?post=566605"}],"curies":[{"name":"wp","href":"https:\/\/api.w.org\/{rel}","templated":true}]}}