{"id":566608,"date":"2025-11-29T12:12:50","date_gmt":"2025-11-29T12:12:50","guid":{"rendered":"https:\/\/www.europesays.com\/fr\/566608\/"},"modified":"2025-11-29T12:12:50","modified_gmt":"2025-11-29T12:12:50","slug":"il-faut-etre-tetu-a-rennes-ces-associations-qui-defendent-les-usagers-les-invitent","status":"publish","type":"post","link":"https:\/\/www.europesays.com\/fr\/566608\/","title":{"rendered":"\u00ab\u00a0Il faut \u00eatre t\u00eatu\u00a0\u00bb\u00a0: \u00e0 Rennes, ces associations qui d\u00e9fendent les usagers, les invitent"},"content":{"rendered":"<p>\u00a0Individuellement, on ne fait pas le poids face aux \u00e9lus. Il faut des citoyens regroup\u00e9s pour \u00eatre entendu\u00a0!\u00a0 \u00c0 quelques jours des portes ouvertes de <a href=\"https:\/\/rennes.maville.com\/actu\/actudet_-a-rennes-la-maison-de-la-consommation-et-de-l-environnement-fete-ses-40-ans-_7-6250240_actu.Htm\" target=\"_blank\" rel=\"noopener\">la Maison de la consommation et de l\u2019environnement (MCE)<\/a>, Isabelle Le Roux-Meunier plante le d\u00e9cor.<\/p>\n<p>Ce samedi 29\u00a0novembre 2025, la pr\u00e9sidente de <a href=\"https:\/\/rennes.maville.com\/actu\/actudet_-travaux-et-bouchons-sur-la-rocade-de-rennes-cette-association-demande-la-gratuite-des-transports-_52674-7071093_actu.Htm\" target=\"_blank\" rel=\"noopener\">l\u2019Association des usagers des transports en Ille-et-Vilaine (Autiv)<\/a> sera pr\u00e9sente dans ce haut lieu de l\u2019engagement associatif. Situ\u00e9e au 48, boulevard Magenta, \u00e0 Rennes (Ille-et-Vilaine), la MCE regroupe 26\u00a0associations adh\u00e9rentes qui informeront le public sur les th\u00e9matiques suivantes\u00a0: r\u00e9gler un litige, quitter ou r\u00e9nover un logement, changer de fournisseur d\u2019acc\u00e8s \u00e0 internet ou de banque,\u00a0etc.<\/p>\n<p><strong>Lire aussi\u00a0: <\/strong> <a href=\"https:\/\/rennes.maville.com\/actu\/actudet_-son-avenir-est-menace-a-quoi-sert-la-maison-de-la-consommation-et-de-l-environnement-a-rennes-_7-6560950_actu.Htm\" target=\"_blank\" rel=\"noopener\">Son avenir est menac\u00e9\u00a0: \u00e0 quoi sert la maison de la consommation et de l\u2019environnement \u00e0 Rennes\u00a0?<\/a><\/p>\n<p>\u00ab\u00a0Faire valoir ses droits de consommateur\u00a0\u00bb<\/p>\n<p>Leur point commun \u00e9tant de \u00a0faire valoir ses droits en tant que consommateurs ou de donner les outils pour d\u00e9fendre l\u2019environnement\u00a0, ces structures profitent de l\u2019\u00e9v\u00e8nement pour informer tout bon consommateur sur les fa\u00e7ons de se d\u00e9fendre et d\u2019agir.<\/p>\n<p>Parmi elles, on retrouve donc l\u2019Autiv, pr\u00e9sid\u00e9e Isabelle Le Roux-Meunier qui, de par son exp\u00e9rience associative, illustre bien la dynamique pr\u00e9sent\u00e9e ce samedi. \u00a0\u00c0 l\u2019Autiv, avec nos\u00a0130 adh\u00e9rents, on souhaite am\u00e9liorer les transports en commun afin qu\u2019un maximum de personnes puisse les emprunter, r\u00e9sume la jeune retrait\u00e9e adh\u00e9rente \u00e0 l\u2019Autiv depuis 2018. Le but \u00e9tant de participer \u00e0 l\u2019am\u00e9lioration de l\u2019environnement\u00a0!\u00a0 <\/p>\n<p>Pour parvenir \u00e0 faire entendre ses convictions, Isabelle Le Roux-Meunier insiste sur la qualit\u00e9 premi\u00e8re\u00a0: \u00a0Il faut \u00eatre t\u00eatu\u00a0!\u00a0<\/p>\n<p>Depuis 2005, ann\u00e9e pendant laquelle l\u2019Autiv a \u00e9tendu ses comp\u00e9tences au niveau d\u00e9partemental, Isabelle Le Roux-Meunier a not\u00e9 des \u00e9volutions rendues possibles gr\u00e2ce \u00e0 l\u2019ent\u00eatement de ses membres.\u00a0Nous avons r\u00e9ussi \u00e0 mettre en place des r\u00e9unions tripartites en pr\u00e9sence de <a href=\"http:\/\/ouest-france.fr\/bretagne\/rennes-35000\/municipales-rennes-chez-les-ecologistes-matthieu-theurier-candidat-la-candidature-6508281\" target=\"_blank\" rel=\"noopener\"> Matthieu Theurier, vice-pr\u00e9sident \u00e0 la mobilit\u00e9 et aux transports <\/a>, de repr\u00e9sentants de Rennes m\u00e9tropole et de <a href=\"https:\/\/rennes.maville.com\/actu\/actudet_-fin-des-bus-a-republique-velos-electriques...-quelles-evolutions-du-reseau-de-transports-de-rennes-d-ici-a-2032-_52674-7062608_actu.Htm\" target=\"_blank\" rel=\"noopener\"> Keolis <\/a>.Durant ces rencontres, on fait remonter des t\u00e9moignages d\u2019usagers avec des remarques, des observations et des critiques, liste la pr\u00e9sidente de l\u2019Autiv. Ce \u00e0 quoi, ils apportent des r\u00e9ponses plus ou moins satisfaisantes.\u00a0<\/p>\n<p><strong>Lire aussi\u00a0: <\/strong> <a href=\"https:\/\/rennes.maville.com\/actu\/actudet_-fin-des-bus-a-republique-velos-electriques...-quelles-evolutions-du-reseau-de-transports-de-rennes-d-ici-a-2032-_52674-7062608_actu.Htm\" target=\"_blank\" rel=\"noopener\">Fin des bus \u00e0 R\u00e9publique, v\u00e9los \u00e9lectriques\u2026 quelles \u00e9volutions du r\u00e9seau de transports de Rennes d\u2019ici \u00e0 2032\u00a0?<\/a><\/p>\n<p>Ces derni\u00e8res ann\u00e9es, si l\u2019Autiv a pu obtenir quelques r\u00e9sultats, l\u2019association continue de se battre\u00a0: \u00a0On aimerait mettre en place des rencontres avec la R\u00e9gion qui g\u00e8re les cars Breizhgo et les TER\u00a0, ambitionne la pr\u00e9sidente de l\u2019Autiv.<\/p>\n<p>Inviter plus d\u2019actifs<\/p>\n<p>\u00a0\u00c0 terme, il faut que l\u2019on soit plus nombreux dans ces associations, souhaite Isabelle Le Roux-Meunier. Malgr\u00e9 les nombreuses r\u00e9unions organis\u00e9es en journ\u00e9e, il ne faut pas que ces engagements soient uniquement port\u00e9s par des retrait\u00e9s.\u00a0 M\u00eame si c\u2019est parfois compliqu\u00e9 aupr\u00e8s des employeurs, la pr\u00e9sidente d\u2019association rappelle \u00a0l\u2019existence du cong\u00e9 de repr\u00e9sentation permettant aux salari\u00e9s de se d\u00e9gager du temps\u00a0\u00bb, invitant ainsi les actifs \u00e0 s\u2019engager.<\/p>\n<p><strong>Ce samedi 29\u00a0novembre 2025<\/strong>, \u00e0 14\u00a0h, forum des associations de la MCE, au 48\u00a0bd Magenta, Rennes.<\/p>\n<p>\u00a0<\/p>\n","protected":false},"excerpt":{"rendered":"\u00a0Individuellement, on ne fait pas le poids face aux \u00e9lus. Il faut des citoyens regroup\u00e9s pour \u00eatre entendu\u00a0!\u00a0&hellip;\n","protected":false},"author":2,"featured_media":566609,"comment_status":"","ping_status":"","sticky":false,"template":"","format":"standard","meta":{"footnotes":""},"categories":[2821],"tags":[1111,11,4733,829,68193,57350,1777,674,8290,1011,27,19134,2142,12,584,25,68192,8394],"class_list":{"0":"post-566608","1":"post","2":"type-post","3":"status-publish","4":"format-standard","5":"has-post-thumbnail","7":"category-rennes","8":"tag-actu","9":"tag-actualites","10":"tag-associations","11":"tag-bretagne","12":"tag-consommations","13":"tag-defendent","14":"tag-eu","15":"tag-europe","16":"tag-faut","17":"tag-fr","18":"tag-france","19":"tag-invitent","20":"tag-maison","21":"tag-news","22":"tag-rennes","23":"tag-republique-francaise","24":"tag-tetu","25":"tag-usagers"},"share_on_mastodon":{"url":"https:\/\/pubeurope.com\/@fr\/115632931059288723","error":""},"_links":{"self":[{"href":"https:\/\/www.europesays.com\/fr\/wp-json\/wp\/v2\/posts\/566608","targetHints":{"allow":["GET"]}}],"collection":[{"href":"https:\/\/www.europesays.com\/fr\/wp-json\/wp\/v2\/posts"}],"about":[{"href":"https:\/\/www.europesays.com\/fr\/wp-json\/wp\/v2\/types\/post"}],"author":[{"embeddable":true,"href":"https:\/\/www.europesays.com\/fr\/wp-json\/wp\/v2\/users\/2"}],"replies":[{"embeddable":true,"href":"https:\/\/www.europesays.com\/fr\/wp-json\/wp\/v2\/comments?post=566608"}],"version-history":[{"count":0,"href":"https:\/\/www.europesays.com\/fr\/wp-json\/wp\/v2\/posts\/566608\/revisions"}],"wp:featuredmedia":[{"embeddable":true,"href":"https:\/\/www.europesays.com\/fr\/wp-json\/wp\/v2\/media\/566609"}],"wp:attachment":[{"href":"https:\/\/www.europesays.com\/fr\/wp-json\/wp\/v2\/media?parent=566608"}],"wp:term":[{"taxonomy":"category","embeddable":true,"href":"https:\/\/www.europesays.com\/fr\/wp-json\/wp\/v2\/categories?post=566608"},{"taxonomy":"post_tag","embeddable":true,"href":"https:\/\/www.europesays.com\/fr\/wp-json\/wp\/v2\/tags?post=566608"}],"curies":[{"name":"wp","href":"https:\/\/api.w.org\/{rel}","templated":true}]}}